{"id":991,"date":"2014-04-10T04:59:09","date_gmt":"2014-04-10T04:59:09","guid":{"rendered":"http:\/\/www.mariachappuis.com\/blog\/?p=991"},"modified":"2019-04-08T18:17:12","modified_gmt":"2019-04-08T23:17:12","slug":"mineria-artesanal-informal-e-ilegal-una-perspectiva-tecnica","status":"publish","type":"post","link":"https:\/\/mariachappuis.com\/blog\/archivos\/991","title":{"rendered":"Miner\u00eda artesanal, informal e ilegal &#8211; Una perspectiva t\u00e9cnica"},"content":{"rendered":"<p>En las \u00faltimas semanas la poblaci\u00f3n peruana ha tomado conocimiento o ha sufrido las consecuencias injustificadas (bloqueo de v\u00edas y\/o violencia) por causa de \u00e9ste sub-sector minero poco conocido y entendido; sobre el mismo hemos le\u00eddo o escuchado opiniones diversas de periodistas, abogados y economistas; y muy poco ha sido dicho desde una perspectiva t\u00e9cnica.<\/p>\n<p>Destacamos la iniciativa del gobierno central por enfrentar el tema, porque su soluci\u00f3n permitir\u00e1 formalizar una porci\u00f3n significativa de la econom\u00eda nacional, redundando en miles de trabajadores con condiciones laborales m\u00e1s seguras y con acceso a prestaciones sociales; empresas responsables de su gesti\u00f3n ambiental y con acceso a cr\u00e9dito en condiciones de mercado; y con un Estado Peruano con mayor capacidad de fiscalizaci\u00f3n y recaudaci\u00f3n de impuestos.<\/p>\n<p><!--more-->Sin embargo, consideramos que se requiere un entendimiento claro de los aspectos t\u00e9cnicos para comprender a todas las partes involucradas y construir una soluci\u00f3n integral y perdurable en el tiempo.<\/p>\n<p>La miner\u00eda aur\u00edfera, al igual que la miner\u00eda en general, podemos subdividirla en dos grandes categor\u00edas de minado: I. Miner\u00eda subterr\u00e1nea (de socav\u00f3n); y II. Miner\u00eda a cielo abierto. Adicionalmente un segundo criterio a considerar en el minado es funci\u00f3n de la dureza de la masa rocosa: A. Roca Dura (que requiere el uso de explosivos); y B. Roca Blanda \/ Suelo (que no requiere el uso de explosivos y cuya remoci\u00f3n s\u00f3lo requiere el uso de cargadores frontales y\/o tractores).<br \/>\nI.A. La miner\u00eda subterr\u00e1nea siempre se desarrolla sobre roca dura y su posterior procesamiento metal\u00fargico requiere diversos procesos f\u00edsico \u2013 qu\u00edmicos llevados a cabo en una Planta de Beneficio (chancado, molienda, flotaci\u00f3n, lixiviaci\u00f3n con uso de cianuro, precipitaci\u00f3n y\/o adsorci\u00f3n y disposici\u00f3n de relaves). En \u00e9ste \u00e1mbito empresarial coexisten: a) empresas medianas formales totalmente integradas (minado subterr\u00e1neo + planta de beneficio); b) empresas peque\u00f1as formales no integradas (s\u00f3lo cuentan con planta de beneficio) y que s\u00f3lo deber\u00edan procesar mineral proveniente de la miner\u00eda artesanal formal; y c) empresas peque\u00f1as informales, tambi\u00e9n no integradas (que s\u00f3lo cuentan con planta de beneficio, muchas veces construida con est\u00e1ndares t\u00e9cnicos bajos) y que, por lo general, no tienen reparos en promover la miner\u00eda artesanal informal. En \u00e9ste \u00e1mbito el proceso de formalizaci\u00f3n deber\u00eda estar acompa\u00f1ado con incentivos hacia la integraci\u00f3n y\/o asociaci\u00f3n (minado subterr\u00e1neo + planta de beneficio); de manera que por econom\u00eda de escala se alcancen mayores niveles de productividad y rentabilidad, haciendo de la formalizaci\u00f3n un circulo virtuoso: mineros artesanales agrupados en cooperativas, recibiendo asistencia t\u00e9cnica y acceso a prestaciones sociales; y pocas plantas de beneficio con est\u00e1ndares t\u00e9cnicos altos y sujetas a fiscalizaci\u00f3n ambiental y tributaria.<\/p>\n<p>II.A. La miner\u00eda a cielo abierto sobre roca dura, s\u00f3lo alcanza niveles de rentabilidad aceptables por econom\u00eda de escala y empleando tecnolog\u00eda de \u00faltima generaci\u00f3n; por tanto, es 100% formal y responsable por la producci\u00f3n anual de m\u00e1s del 65% del total de oro peruano. En \u00e9ste \u00e1mbito los niveles de inversi\u00f3n inicial y conocimiento tecnol\u00f3gico \u2013 felizmente \u2013 han sido una barrera de acceso a la miner\u00eda artesanal, informal e ilegal.<\/p>\n<p>II.B. La miner\u00eda a cielo abierto sobre roca blanda, llamada tambi\u00e9n minado de yacimientos aluviales aur\u00edferos, tiene en nuestro pa\u00eds, hasta la fecha, un enfoque mayormente coercitivo; es decir, m\u00e1s que promover su formalizaci\u00f3n, el Estado Peruano, la denominada ilegal y est\u00e1 tratando de impedir su proliferaci\u00f3n, ya que sin duda ha generado un pasivo ambiental de proporci\u00f3n en nuestra Amazon\u00eda. Coincidimos con las acciones tomadas por el gobierno central; sin embargo, consideramos que no son suficientes para llegar a una soluci\u00f3n integral y perdurable. El nivel de precariedad t\u00e9cnica que en la actualidad prima en Madre de Dios s\u00f3lo genera rentabilidad, para muy pocos, a trav\u00e9s de perpetuar la informalidad y la ilegalidad; sin embargo, \u00e9ste importante recurso natural de todos los peruanos, podr\u00eda generar empleo formal y digno para miles de personas, cumplir con el principio de minimizar el impacto ambiental y ser una fuente de ingresos fiscales para el Estado; si se aplicaran t\u00e9cnicas de \u00faltima generaci\u00f3n, que han tenido \u00e9xito en pa\u00edses disimiles como Australia y Colombia.<\/p>\n<p>La precariedad t\u00e9cnica que mencionamos, en Madre de Dios, es evidente si constatamos que desde el punto de vista geol\u00f3gico no se siguen t\u00e9cnicas rigurosas para delimitar y cuantificar reservas de mineral, lo cual permite inferir la permanente sub-explotaci\u00f3n del recurso; el minado se realiza con escasa planificaci\u00f3n minera, sin secuencia ordenada de zonas de remediaci\u00f3n y extracci\u00f3n; y en el proceso metal\u00fargico final existe desconocimiento y falta de aplicaci\u00f3n de t\u00e9cnicas de recuperaci\u00f3n gravim\u00e9trica (empleando s\u00f3lo agua y no mercurio).<\/p>\n<p>Por todo lo anterior, consideramos positivo el inicio de \u00e9ste proceso de formalizaci\u00f3n de la miner\u00eda artesanal, informal e ilegal; sin embargo, para el \u00e9xito de su implementaci\u00f3n necesariamente deber\u00e1n diferenciarse e implementarse soluciones en funci\u00f3n de cada proceso productivo y herramienta tecnol\u00f3gica disponible. Es decir, la perspectiva t\u00e9cnica y la participaci\u00f3n profesional de ingenieros ge\u00f3logos, de minas y metal\u00fargicos ser\u00e1 fundamental.<\/p>\n<p>Fuente: Jose Antonio Samaniego y Victor Gobitz<\/p>\n","protected":false},"excerpt":{"rendered":"<p>En las \u00faltimas semanas la poblaci\u00f3n peruana ha tomado conocimiento o ha sufrido las consecuencias injustificadas (bloqueo de v\u00edas y\/o violencia) por causa de \u00e9ste sub-sector minero poco conocido y entendido; sobre el mismo hemos le\u00eddo o escuchado opiniones diversas &hellip; <a href=\"https:\/\/mariachappuis.com\/blog\/archivos\/991\">Sigue leyendo <span class=\"meta-nav\">&rarr;<\/span><\/a><\/p>\n","protected":false},"author":1,"featured_media":0,"comment_status":"closed","ping_status":"closed","sticky":false,"template":"","format":"standard","meta":{"footnotes":""},"categories":[1],"tags":[],"class_list":["post-991","post","type-post","status-publish","format-standard","hentry","category-general"],"yoast_head":"<!-- This site is optimized with the Yoast SEO plugin v27.2 - https:\/\/yoast.com\/product\/yoast-seo-wordpress\/ -->\n<title>Miner\u00eda artesanal, informal e ilegal - Una perspectiva t\u00e9cnica<\/title>\n<meta name=\"description\" content=\"En las \u00faltimas semanas la poblaci\u00f3n peruana ha tomado conocimiento o ha sufrido las consecuencias injustificadas (bloqueo de v\u00edas y\/o violencia) por causa\" \/>\n<meta name=\"robots\" content=\"index, follow, max-snippet:-1, max-image-preview:large, max-video-preview:-1\" \/>\n<link rel=\"canonical\" href=\"https:\/\/mariachappuis.com\/blog\/archivos\/991\" \/>\n<meta property=\"og:locale\" content=\"es_ES\" \/>\n<meta property=\"og:type\" content=\"article\" \/>\n<meta property=\"og:title\" content=\"Miner\u00eda artesanal, informal e ilegal - Una perspectiva t\u00e9cnica\" \/>\n<meta property=\"og:description\" content=\"En las \u00faltimas semanas la poblaci\u00f3n peruana ha tomado conocimiento o ha sufrido las consecuencias injustificadas (bloqueo de v\u00edas y\/o violencia) por causa\" \/>\n<meta property=\"og:url\" content=\"https:\/\/mariachappuis.com\/blog\/archivos\/991\" \/>\n<meta property=\"og:site_name\" content=\"Maria Chappuis\" \/>\n<meta property=\"article:published_time\" content=\"2014-04-10T04:59:09+00:00\" \/>\n<meta property=\"article:modified_time\" content=\"2019-04-08T23:17:12+00:00\" \/>\n<meta property=\"og:image\" content=\"https:\/\/mariachappuis.com\/blog\/wp-content\/uploads\/2024\/01\/cropped-3333.jpg\" \/>\n\t<meta property=\"og:image:width\" content=\"512\" \/>\n\t<meta property=\"og:image:height\" content=\"512\" \/>\n\t<meta property=\"og:image:type\" content=\"image\/jpeg\" \/>\n<meta name=\"author\" content=\"Marita Chappuis\" \/>\n<meta name=\"twitter:card\" content=\"summary_large_image\" \/>\n<meta name=\"twitter:label1\" content=\"Escrito por\" \/>\n\t<meta name=\"twitter:data1\" content=\"Marita Chappuis\" \/>\n\t<meta name=\"twitter:label2\" content=\"Tiempo de lectura\" \/>\n\t<meta name=\"twitter:data2\" content=\"5 minutos\" \/>\n<script type=\"application\/ld+json\" class=\"yoast-schema-graph\">{\"@context\":\"https:\/\/schema.org\",\"@graph\":[{\"@type\":\"Article\",\"@id\":\"https:\/\/mariachappuis.com\/blog\/archivos\/991#article\",\"isPartOf\":{\"@id\":\"https:\/\/mariachappuis.com\/blog\/archivos\/991\"},\"author\":{\"name\":\"Marita Chappuis\",\"@id\":\"https:\/\/mariachappuis.com\/blog\/#\/schema\/person\/8de0bece2913b35ac8b590fc9ac6dda5\"},\"headline\":\"Miner\u00eda artesanal, informal e ilegal &#8211; Una perspectiva t\u00e9cnica\",\"datePublished\":\"2014-04-10T04:59:09+00:00\",\"dateModified\":\"2019-04-08T23:17:12+00:00\",\"mainEntityOfPage\":{\"@id\":\"https:\/\/mariachappuis.com\/blog\/archivos\/991\"},\"wordCount\":940,\"publisher\":{\"@id\":\"https:\/\/mariachappuis.com\/blog\/#\/schema\/person\/8de0bece2913b35ac8b590fc9ac6dda5\"},\"articleSection\":[\"General\"],\"inLanguage\":\"es\"},{\"@type\":\"WebPage\",\"@id\":\"https:\/\/mariachappuis.com\/blog\/archivos\/991\",\"url\":\"https:\/\/mariachappuis.com\/blog\/archivos\/991\",\"name\":\"Miner\u00eda artesanal, informal e ilegal - Una perspectiva t\u00e9cnica\",\"isPartOf\":{\"@id\":\"https:\/\/mariachappuis.com\/blog\/#website\"},\"datePublished\":\"2014-04-10T04:59:09+00:00\",\"dateModified\":\"2019-04-08T23:17:12+00:00\",\"description\":\"En las \u00faltimas semanas la poblaci\u00f3n peruana ha tomado conocimiento o ha sufrido las consecuencias injustificadas (bloqueo de v\u00edas y\/o violencia) por causa\",\"breadcrumb\":{\"@id\":\"https:\/\/mariachappuis.com\/blog\/archivos\/991#breadcrumb\"},\"inLanguage\":\"es\",\"potentialAction\":[{\"@type\":\"ReadAction\",\"target\":[\"https:\/\/mariachappuis.com\/blog\/archivos\/991\"]}]},{\"@type\":\"BreadcrumbList\",\"@id\":\"https:\/\/mariachappuis.com\/blog\/archivos\/991#breadcrumb\",\"itemListElement\":[{\"@type\":\"ListItem\",\"position\":1,\"name\":\"Portada\",\"item\":\"https:\/\/mariachappuis.com\/blog\"},{\"@type\":\"ListItem\",\"position\":2,\"name\":\"Miner\u00eda artesanal, informal e ilegal &#8211; Una perspectiva t\u00e9cnica\"}]},{\"@type\":\"WebSite\",\"@id\":\"https:\/\/mariachappuis.com\/blog\/#website\",\"url\":\"https:\/\/mariachappuis.com\/blog\/\",\"name\":\"Marita Chappuis\",\"description\":\"An\u00e1lisis y Comentarios\",\"publisher\":{\"@id\":\"https:\/\/mariachappuis.com\/blog\/#\/schema\/person\/8de0bece2913b35ac8b590fc9ac6dda5\"},\"alternateName\":\"Marita Chappuis\",\"potentialAction\":[{\"@type\":\"SearchAction\",\"target\":{\"@type\":\"EntryPoint\",\"urlTemplate\":\"https:\/\/mariachappuis.com\/blog\/?s={search_term_string}\"},\"query-input\":{\"@type\":\"PropertyValueSpecification\",\"valueRequired\":true,\"valueName\":\"search_term_string\"}}],\"inLanguage\":\"es\"},{\"@type\":[\"Person\",\"Organization\"],\"@id\":\"https:\/\/mariachappuis.com\/blog\/#\/schema\/person\/8de0bece2913b35ac8b590fc9ac6dda5\",\"name\":\"Marita Chappuis\",\"image\":{\"@type\":\"ImageObject\",\"inLanguage\":\"es\",\"@id\":\"https:\/\/mariachappuis.com\/blog\/wp-content\/uploads\/2024\/01\/cropped-3333.jpg\",\"url\":\"https:\/\/mariachappuis.com\/blog\/wp-content\/uploads\/2024\/01\/cropped-3333.jpg\",\"contentUrl\":\"https:\/\/mariachappuis.com\/blog\/wp-content\/uploads\/2024\/01\/cropped-3333.jpg\",\"width\":512,\"height\":512,\"caption\":\"Marita Chappuis\"},\"logo\":{\"@id\":\"https:\/\/mariachappuis.com\/blog\/wp-content\/uploads\/2024\/01\/cropped-3333.jpg\"}}]}<\/script>\n<!-- \/ Yoast SEO plugin. -->","yoast_head_json":{"title":"Miner\u00eda artesanal, informal e ilegal - Una perspectiva t\u00e9cnica","description":"En las \u00faltimas semanas la poblaci\u00f3n peruana ha tomado conocimiento o ha sufrido las consecuencias injustificadas (bloqueo de v\u00edas y\/o violencia) por causa","robots":{"index":"index","follow":"follow","max-snippet":"max-snippet:-1","max-image-preview":"max-image-preview:large","max-video-preview":"max-video-preview:-1"},"canonical":"https:\/\/mariachappuis.com\/blog\/archivos\/991","og_locale":"es_ES","og_type":"article","og_title":"Miner\u00eda artesanal, informal e ilegal - Una perspectiva t\u00e9cnica","og_description":"En las \u00faltimas semanas la poblaci\u00f3n peruana ha tomado conocimiento o ha sufrido las consecuencias injustificadas (bloqueo de v\u00edas y\/o violencia) por causa","og_url":"https:\/\/mariachappuis.com\/blog\/archivos\/991","og_site_name":"Maria Chappuis","article_published_time":"2014-04-10T04:59:09+00:00","article_modified_time":"2019-04-08T23:17:12+00:00","og_image":[{"width":512,"height":512,"url":"https:\/\/mariachappuis.com\/blog\/wp-content\/uploads\/2024\/01\/cropped-3333.jpg","type":"image\/jpeg"}],"author":"Marita Chappuis","twitter_card":"summary_large_image","twitter_misc":{"Escrito por":"Marita Chappuis","Tiempo de lectura":"5 minutos"},"schema":{"@context":"https:\/\/schema.org","@graph":[{"@type":"Article","@id":"https:\/\/mariachappuis.com\/blog\/archivos\/991#article","isPartOf":{"@id":"https:\/\/mariachappuis.com\/blog\/archivos\/991"},"author":{"name":"Marita Chappuis","@id":"https:\/\/mariachappuis.com\/blog\/#\/schema\/person\/8de0bece2913b35ac8b590fc9ac6dda5"},"headline":"Miner\u00eda artesanal, informal e ilegal &#8211; Una perspectiva t\u00e9cnica","datePublished":"2014-04-10T04:59:09+00:00","dateModified":"2019-04-08T23:17:12+00:00","mainEntityOfPage":{"@id":"https:\/\/mariachappuis.com\/blog\/archivos\/991"},"wordCount":940,"publisher":{"@id":"https:\/\/mariachappuis.com\/blog\/#\/schema\/person\/8de0bece2913b35ac8b590fc9ac6dda5"},"articleSection":["General"],"inLanguage":"es"},{"@type":"WebPage","@id":"https:\/\/mariachappuis.com\/blog\/archivos\/991","url":"https:\/\/mariachappuis.com\/blog\/archivos\/991","name":"Miner\u00eda artesanal, informal e ilegal - Una perspectiva t\u00e9cnica","isPartOf":{"@id":"https:\/\/mariachappuis.com\/blog\/#website"},"datePublished":"2014-04-10T04:59:09+00:00","dateModified":"2019-04-08T23:17:12+00:00","description":"En las \u00faltimas semanas la poblaci\u00f3n peruana ha tomado conocimiento o ha sufrido las consecuencias injustificadas (bloqueo de v\u00edas y\/o violencia) por causa","breadcrumb":{"@id":"https:\/\/mariachappuis.com\/blog\/archivos\/991#breadcrumb"},"inLanguage":"es","potentialAction":[{"@type":"ReadAction","target":["https:\/\/mariachappuis.com\/blog\/archivos\/991"]}]},{"@type":"BreadcrumbList","@id":"https:\/\/mariachappuis.com\/blog\/archivos\/991#breadcrumb","itemListElement":[{"@type":"ListItem","position":1,"name":"Portada","item":"https:\/\/mariachappuis.com\/blog"},{"@type":"ListItem","position":2,"name":"Miner\u00eda artesanal, informal e ilegal &#8211; Una perspectiva t\u00e9cnica"}]},{"@type":"WebSite","@id":"https:\/\/mariachappuis.com\/blog\/#website","url":"https:\/\/mariachappuis.com\/blog\/","name":"Marita Chappuis","description":"An\u00e1lisis y Comentarios","publisher":{"@id":"https:\/\/mariachappuis.com\/blog\/#\/schema\/person\/8de0bece2913b35ac8b590fc9ac6dda5"},"alternateName":"Marita Chappuis","potentialAction":[{"@type":"SearchAction","target":{"@type":"EntryPoint","urlTemplate":"https:\/\/mariachappuis.com\/blog\/?s={search_term_string}"},"query-input":{"@type":"PropertyValueSpecification","valueRequired":true,"valueName":"search_term_string"}}],"inLanguage":"es"},{"@type":["Person","Organization"],"@id":"https:\/\/mariachappuis.com\/blog\/#\/schema\/person\/8de0bece2913b35ac8b590fc9ac6dda5","name":"Marita Chappuis","image":{"@type":"ImageObject","inLanguage":"es","@id":"https:\/\/mariachappuis.com\/blog\/wp-content\/uploads\/2024\/01\/cropped-3333.jpg","url":"https:\/\/mariachappuis.com\/blog\/wp-content\/uploads\/2024\/01\/cropped-3333.jpg","contentUrl":"https:\/\/mariachappuis.com\/blog\/wp-content\/uploads\/2024\/01\/cropped-3333.jpg","width":512,"height":512,"caption":"Marita Chappuis"},"logo":{"@id":"https:\/\/mariachappuis.com\/blog\/wp-content\/uploads\/2024\/01\/cropped-3333.jpg"}}]}},"_links":{"self":[{"href":"https:\/\/mariachappuis.com\/blog\/wp-json\/wp\/v2\/posts\/991","targetHints":{"allow":["GET"]}}],"collection":[{"href":"https:\/\/mariachappuis.com\/blog\/wp-json\/wp\/v2\/posts"}],"about":[{"href":"https:\/\/mariachappuis.com\/blog\/wp-json\/wp\/v2\/types\/post"}],"author":[{"embeddable":true,"href":"https:\/\/mariachappuis.com\/blog\/wp-json\/wp\/v2\/users\/1"}],"replies":[{"embeddable":true,"href":"https:\/\/mariachappuis.com\/blog\/wp-json\/wp\/v2\/comments?post=991"}],"version-history":[{"count":6,"href":"https:\/\/mariachappuis.com\/blog\/wp-json\/wp\/v2\/posts\/991\/revisions"}],"predecessor-version":[{"id":2020,"href":"https:\/\/mariachappuis.com\/blog\/wp-json\/wp\/v2\/posts\/991\/revisions\/2020"}],"wp:attachment":[{"href":"https:\/\/mariachappuis.com\/blog\/wp-json\/wp\/v2\/media?parent=991"}],"wp:term":[{"taxonomy":"category","embeddable":true,"href":"https:\/\/mariachappuis.com\/blog\/wp-json\/wp\/v2\/categories?post=991"},{"taxonomy":"post_tag","embeddable":true,"href":"https:\/\/mariachappuis.com\/blog\/wp-json\/wp\/v2\/tags?post=991"}],"curies":[{"name":"wp","href":"https:\/\/api.w.org\/{rel}","templated":true}]}}