{"id":974,"date":"2014-04-07T01:17:13","date_gmt":"2014-04-07T01:17:13","guid":{"rendered":"http:\/\/www.mariachappuis.com\/blog\/?p=974"},"modified":"2019-04-08T18:17:13","modified_gmt":"2019-04-08T23:17:13","slug":"no-senor-ministro","status":"publish","type":"post","link":"https:\/\/mariachappuis.com\/blog\/archivos\/974","title":{"rendered":"No se\u00f1or Ministro"},"content":{"rendered":"<p>El Ministro Pulgar Vidal ha publicado en Gesti\u00f3n una nota el 01 de abril que quisiera comentar.<\/p>\n<p>Dice \u201cel Per\u00fa del pasado no ten\u00eda regulaciones ambientales\u201d. \u00bfA qu\u00e9 Per\u00fa se refiere? Si se refiere al sector minero, existen regulaciones desde la colonia con edictos firmados por Carlos V.<\/p>\n<p>Sigue diciendo \u201cel Per\u00fa del pasado nos dej\u00f3 los 8206 pasivos ambientales mineros que hoy nos cuesta revertir\u201d. Es verdad. Esa cifra corresponde al \u00faltimo inventario que est\u00e1 realizando \u2026 el Ministerio de Energ\u00eda y Minas (MINEM)! Este ministerio siempre se ha ocupado de los PAMs (pasivos ambientales mineros) y lo viene haciendo hace m\u00e1s de 15 a\u00f1os. Para evitar la gestaci\u00f3n de nuevos pasivos el MINEM exige planes de cierre y fianzas, hace m\u00e1s de 8 a\u00f1os. Estas son las medidas m\u00e1s eficientes para evitar la gestaci\u00f3n de nuevos pasivos mineros.<!--more--><\/p>\n<p>Prosigue afirmando \u201cEl Per\u00fa del pasado\u2026nos llev\u00f3 a ser el pa\u00eds con el porcentaje m\u00e1s bajo de tratamiento adecuado de residuos s\u00f3lidos y aguas residuales\u201d. Exactamente y esta contaminaci\u00f3n es la que m\u00e1s da\u00f1o causa a la salud p\u00fablica. Las enfermedades transmitidas por el agua sin tratar y la contaminaci\u00f3n atmosf\u00e9rica urbana nos est\u00e1n costando casi el 3% del PBI. \u00bfQu\u00e9 hace el Ministerio del Ambiente para que se invierta m\u00e1s en plantas de tratamiento en nuestro pa\u00eds?<\/p>\n<p>Alega el Ministro Pulgar que se quiere una autoridad ambiental d\u00e9bil. No se\u00f1or ministro, lo que los peruanos queremos es una autoridad ambiental eficiente, que no sobrerregule pues cualquier medida debe estar graduada seg\u00fan la dimensi\u00f3n, el lugar, la intensidad de los impactos y su temporabilidad. Queremos autoridades ambientales que aporten t\u00e9cnicamente en la coordinaci\u00f3n con los otros sectores y no que siempre tengan un \u201cNO\u201d sin argumentos como respuesta. Que no se pierdan en la exigencia documentaria (el DIA o el EIA) previa sino prioricen el monitoreo posterior. Que se luche contra el mal uso del mercurio y de los insecticidas. Que se fomente el reciclaje, la construcci\u00f3n de rellenos sanitarios en todo el pa\u00eds, que las plantas de tratamiento de agua funcionen bien. En resumen queremos que nuestras autoridades ambientales prioricen la soluci\u00f3n de los temas nacionales en lugar de enfrascarse en discusiones mundiales. No queremos ni conservadores ni conservacionistas. No queremos autoridades ambientales que crean que s\u00f3lo los que trabajan en el MINAM se preocupan por el medio ambiente; y por esta raz\u00f3n crean instituciones que son malas copias de otras existentes.<br \/>\nLo que queremos la mayor\u00eda de los peruanos es un pa\u00eds m\u00e1s limpio, con menos contaminaci\u00f3n y con menos enfermedades.<\/p>\n","protected":false},"excerpt":{"rendered":"<p>El Ministro Pulgar Vidal ha publicado en Gesti\u00f3n una nota el 01 de abril que quisiera comentar. Dice \u201cel Per\u00fa del pasado no ten\u00eda regulaciones ambientales\u201d. \u00bfA qu\u00e9 Per\u00fa se refiere? Si se refiere al sector minero, existen regulaciones desde &hellip; <a href=\"https:\/\/mariachappuis.com\/blog\/archivos\/974\">Sigue leyendo <span class=\"meta-nav\">&rarr;<\/span><\/a><\/p>\n","protected":false},"author":1,"featured_media":0,"comment_status":"closed","ping_status":"closed","sticky":false,"template":"","format":"standard","meta":{"footnotes":""},"categories":[1],"tags":[],"class_list":["post-974","post","type-post","status-publish","format-standard","hentry","category-general"],"yoast_head":"<!-- This site is optimized with the Yoast SEO plugin v27.2 - https:\/\/yoast.com\/product\/yoast-seo-wordpress\/ -->\n<title>No se\u00f1or Ministro<\/title>\n<meta name=\"description\" content=\"El Ministro Pulgar Vidal ha publicado en Gesti\u00f3n una nota el 01 de abril que quisiera comentar. Dice \u201cel Per\u00fa del pasado no ten\u00eda regulaciones\" \/>\n<meta name=\"robots\" content=\"index, follow, max-snippet:-1, max-image-preview:large, max-video-preview:-1\" \/>\n<link rel=\"canonical\" href=\"https:\/\/mariachappuis.com\/blog\/archivos\/974\" \/>\n<meta property=\"og:locale\" content=\"es_ES\" \/>\n<meta property=\"og:type\" content=\"article\" \/>\n<meta property=\"og:title\" content=\"No se\u00f1or Ministro\" \/>\n<meta property=\"og:description\" content=\"El Ministro Pulgar Vidal ha publicado en Gesti\u00f3n una nota el 01 de abril que quisiera comentar. Dice \u201cel Per\u00fa del pasado no ten\u00eda regulaciones\" \/>\n<meta property=\"og:url\" content=\"https:\/\/mariachappuis.com\/blog\/archivos\/974\" \/>\n<meta property=\"og:site_name\" content=\"Maria Chappuis\" \/>\n<meta property=\"article:published_time\" content=\"2014-04-07T01:17:13+00:00\" \/>\n<meta property=\"article:modified_time\" content=\"2019-04-08T23:17:13+00:00\" \/>\n<meta property=\"og:image\" content=\"https:\/\/mariachappuis.com\/blog\/wp-content\/uploads\/2024\/01\/cropped-3333.jpg\" \/>\n\t<meta property=\"og:image:width\" content=\"512\" \/>\n\t<meta property=\"og:image:height\" content=\"512\" \/>\n\t<meta property=\"og:image:type\" content=\"image\/jpeg\" \/>\n<meta name=\"author\" content=\"Marita Chappuis\" \/>\n<meta name=\"twitter:card\" content=\"summary_large_image\" \/>\n<meta name=\"twitter:label1\" content=\"Escrito por\" \/>\n\t<meta name=\"twitter:data1\" content=\"Marita Chappuis\" \/>\n\t<meta name=\"twitter:label2\" content=\"Tiempo de lectura\" \/>\n\t<meta name=\"twitter:data2\" content=\"2 minutos\" \/>\n<script type=\"application\/ld+json\" class=\"yoast-schema-graph\">{\"@context\":\"https:\/\/schema.org\",\"@graph\":[{\"@type\":\"Article\",\"@id\":\"https:\/\/mariachappuis.com\/blog\/archivos\/974#article\",\"isPartOf\":{\"@id\":\"https:\/\/mariachappuis.com\/blog\/archivos\/974\"},\"author\":{\"name\":\"Marita Chappuis\",\"@id\":\"https:\/\/mariachappuis.com\/blog\/#\/schema\/person\/8de0bece2913b35ac8b590fc9ac6dda5\"},\"headline\":\"No se\u00f1or Ministro\",\"datePublished\":\"2014-04-07T01:17:13+00:00\",\"dateModified\":\"2019-04-08T23:17:13+00:00\",\"mainEntityOfPage\":{\"@id\":\"https:\/\/mariachappuis.com\/blog\/archivos\/974\"},\"wordCount\":459,\"publisher\":{\"@id\":\"https:\/\/mariachappuis.com\/blog\/#\/schema\/person\/8de0bece2913b35ac8b590fc9ac6dda5\"},\"articleSection\":[\"General\"],\"inLanguage\":\"es\"},{\"@type\":\"WebPage\",\"@id\":\"https:\/\/mariachappuis.com\/blog\/archivos\/974\",\"url\":\"https:\/\/mariachappuis.com\/blog\/archivos\/974\",\"name\":\"No se\u00f1or Ministro\",\"isPartOf\":{\"@id\":\"https:\/\/mariachappuis.com\/blog\/#website\"},\"datePublished\":\"2014-04-07T01:17:13+00:00\",\"dateModified\":\"2019-04-08T23:17:13+00:00\",\"description\":\"El Ministro Pulgar Vidal ha publicado en Gesti\u00f3n una nota el 01 de abril que quisiera comentar. Dice \u201cel Per\u00fa del pasado no ten\u00eda regulaciones\",\"breadcrumb\":{\"@id\":\"https:\/\/mariachappuis.com\/blog\/archivos\/974#breadcrumb\"},\"inLanguage\":\"es\",\"potentialAction\":[{\"@type\":\"ReadAction\",\"target\":[\"https:\/\/mariachappuis.com\/blog\/archivos\/974\"]}]},{\"@type\":\"BreadcrumbList\",\"@id\":\"https:\/\/mariachappuis.com\/blog\/archivos\/974#breadcrumb\",\"itemListElement\":[{\"@type\":\"ListItem\",\"position\":1,\"name\":\"Portada\",\"item\":\"https:\/\/mariachappuis.com\/blog\"},{\"@type\":\"ListItem\",\"position\":2,\"name\":\"No se\u00f1or Ministro\"}]},{\"@type\":\"WebSite\",\"@id\":\"https:\/\/mariachappuis.com\/blog\/#website\",\"url\":\"https:\/\/mariachappuis.com\/blog\/\",\"name\":\"Marita Chappuis\",\"description\":\"An\u00e1lisis y Comentarios\",\"publisher\":{\"@id\":\"https:\/\/mariachappuis.com\/blog\/#\/schema\/person\/8de0bece2913b35ac8b590fc9ac6dda5\"},\"alternateName\":\"Marita Chappuis\",\"potentialAction\":[{\"@type\":\"SearchAction\",\"target\":{\"@type\":\"EntryPoint\",\"urlTemplate\":\"https:\/\/mariachappuis.com\/blog\/?s={search_term_string}\"},\"query-input\":{\"@type\":\"PropertyValueSpecification\",\"valueRequired\":true,\"valueName\":\"search_term_string\"}}],\"inLanguage\":\"es\"},{\"@type\":[\"Person\",\"Organization\"],\"@id\":\"https:\/\/mariachappuis.com\/blog\/#\/schema\/person\/8de0bece2913b35ac8b590fc9ac6dda5\",\"name\":\"Marita Chappuis\",\"image\":{\"@type\":\"ImageObject\",\"inLanguage\":\"es\",\"@id\":\"https:\/\/mariachappuis.com\/blog\/wp-content\/uploads\/2024\/01\/cropped-3333.jpg\",\"url\":\"https:\/\/mariachappuis.com\/blog\/wp-content\/uploads\/2024\/01\/cropped-3333.jpg\",\"contentUrl\":\"https:\/\/mariachappuis.com\/blog\/wp-content\/uploads\/2024\/01\/cropped-3333.jpg\",\"width\":512,\"height\":512,\"caption\":\"Marita Chappuis\"},\"logo\":{\"@id\":\"https:\/\/mariachappuis.com\/blog\/wp-content\/uploads\/2024\/01\/cropped-3333.jpg\"}}]}<\/script>\n<!-- \/ Yoast SEO plugin. -->","yoast_head_json":{"title":"No se\u00f1or Ministro","description":"El Ministro Pulgar Vidal ha publicado en Gesti\u00f3n una nota el 01 de abril que quisiera comentar. Dice \u201cel Per\u00fa del pasado no ten\u00eda regulaciones","robots":{"index":"index","follow":"follow","max-snippet":"max-snippet:-1","max-image-preview":"max-image-preview:large","max-video-preview":"max-video-preview:-1"},"canonical":"https:\/\/mariachappuis.com\/blog\/archivos\/974","og_locale":"es_ES","og_type":"article","og_title":"No se\u00f1or Ministro","og_description":"El Ministro Pulgar Vidal ha publicado en Gesti\u00f3n una nota el 01 de abril que quisiera comentar. Dice \u201cel Per\u00fa del pasado no ten\u00eda regulaciones","og_url":"https:\/\/mariachappuis.com\/blog\/archivos\/974","og_site_name":"Maria Chappuis","article_published_time":"2014-04-07T01:17:13+00:00","article_modified_time":"2019-04-08T23:17:13+00:00","og_image":[{"width":512,"height":512,"url":"https:\/\/mariachappuis.com\/blog\/wp-content\/uploads\/2024\/01\/cropped-3333.jpg","type":"image\/jpeg"}],"author":"Marita Chappuis","twitter_card":"summary_large_image","twitter_misc":{"Escrito por":"Marita Chappuis","Tiempo de lectura":"2 minutos"},"schema":{"@context":"https:\/\/schema.org","@graph":[{"@type":"Article","@id":"https:\/\/mariachappuis.com\/blog\/archivos\/974#article","isPartOf":{"@id":"https:\/\/mariachappuis.com\/blog\/archivos\/974"},"author":{"name":"Marita Chappuis","@id":"https:\/\/mariachappuis.com\/blog\/#\/schema\/person\/8de0bece2913b35ac8b590fc9ac6dda5"},"headline":"No se\u00f1or Ministro","datePublished":"2014-04-07T01:17:13+00:00","dateModified":"2019-04-08T23:17:13+00:00","mainEntityOfPage":{"@id":"https:\/\/mariachappuis.com\/blog\/archivos\/974"},"wordCount":459,"publisher":{"@id":"https:\/\/mariachappuis.com\/blog\/#\/schema\/person\/8de0bece2913b35ac8b590fc9ac6dda5"},"articleSection":["General"],"inLanguage":"es"},{"@type":"WebPage","@id":"https:\/\/mariachappuis.com\/blog\/archivos\/974","url":"https:\/\/mariachappuis.com\/blog\/archivos\/974","name":"No se\u00f1or Ministro","isPartOf":{"@id":"https:\/\/mariachappuis.com\/blog\/#website"},"datePublished":"2014-04-07T01:17:13+00:00","dateModified":"2019-04-08T23:17:13+00:00","description":"El Ministro Pulgar Vidal ha publicado en Gesti\u00f3n una nota el 01 de abril que quisiera comentar. Dice \u201cel Per\u00fa del pasado no ten\u00eda regulaciones","breadcrumb":{"@id":"https:\/\/mariachappuis.com\/blog\/archivos\/974#breadcrumb"},"inLanguage":"es","potentialAction":[{"@type":"ReadAction","target":["https:\/\/mariachappuis.com\/blog\/archivos\/974"]}]},{"@type":"BreadcrumbList","@id":"https:\/\/mariachappuis.com\/blog\/archivos\/974#breadcrumb","itemListElement":[{"@type":"ListItem","position":1,"name":"Portada","item":"https:\/\/mariachappuis.com\/blog"},{"@type":"ListItem","position":2,"name":"No se\u00f1or Ministro"}]},{"@type":"WebSite","@id":"https:\/\/mariachappuis.com\/blog\/#website","url":"https:\/\/mariachappuis.com\/blog\/","name":"Marita Chappuis","description":"An\u00e1lisis y Comentarios","publisher":{"@id":"https:\/\/mariachappuis.com\/blog\/#\/schema\/person\/8de0bece2913b35ac8b590fc9ac6dda5"},"alternateName":"Marita Chappuis","potentialAction":[{"@type":"SearchAction","target":{"@type":"EntryPoint","urlTemplate":"https:\/\/mariachappuis.com\/blog\/?s={search_term_string}"},"query-input":{"@type":"PropertyValueSpecification","valueRequired":true,"valueName":"search_term_string"}}],"inLanguage":"es"},{"@type":["Person","Organization"],"@id":"https:\/\/mariachappuis.com\/blog\/#\/schema\/person\/8de0bece2913b35ac8b590fc9ac6dda5","name":"Marita Chappuis","image":{"@type":"ImageObject","inLanguage":"es","@id":"https:\/\/mariachappuis.com\/blog\/wp-content\/uploads\/2024\/01\/cropped-3333.jpg","url":"https:\/\/mariachappuis.com\/blog\/wp-content\/uploads\/2024\/01\/cropped-3333.jpg","contentUrl":"https:\/\/mariachappuis.com\/blog\/wp-content\/uploads\/2024\/01\/cropped-3333.jpg","width":512,"height":512,"caption":"Marita Chappuis"},"logo":{"@id":"https:\/\/mariachappuis.com\/blog\/wp-content\/uploads\/2024\/01\/cropped-3333.jpg"}}]}},"_links":{"self":[{"href":"https:\/\/mariachappuis.com\/blog\/wp-json\/wp\/v2\/posts\/974","targetHints":{"allow":["GET"]}}],"collection":[{"href":"https:\/\/mariachappuis.com\/blog\/wp-json\/wp\/v2\/posts"}],"about":[{"href":"https:\/\/mariachappuis.com\/blog\/wp-json\/wp\/v2\/types\/post"}],"author":[{"embeddable":true,"href":"https:\/\/mariachappuis.com\/blog\/wp-json\/wp\/v2\/users\/1"}],"replies":[{"embeddable":true,"href":"https:\/\/mariachappuis.com\/blog\/wp-json\/wp\/v2\/comments?post=974"}],"version-history":[{"count":3,"href":"https:\/\/mariachappuis.com\/blog\/wp-json\/wp\/v2\/posts\/974\/revisions"}],"predecessor-version":[{"id":2023,"href":"https:\/\/mariachappuis.com\/blog\/wp-json\/wp\/v2\/posts\/974\/revisions\/2023"}],"wp:attachment":[{"href":"https:\/\/mariachappuis.com\/blog\/wp-json\/wp\/v2\/media?parent=974"}],"wp:term":[{"taxonomy":"category","embeddable":true,"href":"https:\/\/mariachappuis.com\/blog\/wp-json\/wp\/v2\/categories?post=974"},{"taxonomy":"post_tag","embeddable":true,"href":"https:\/\/mariachappuis.com\/blog\/wp-json\/wp\/v2\/tags?post=974"}],"curies":[{"name":"wp","href":"https:\/\/api.w.org\/{rel}","templated":true}]}}