{"id":959,"date":"2014-03-25T03:55:16","date_gmt":"2014-03-25T03:55:16","guid":{"rendered":"http:\/\/www.mariachappuis.com\/blog\/?p=959"},"modified":"2019-04-08T18:17:13","modified_gmt":"2019-04-08T23:17:13","slug":"diego-hernandez-este-es-el-ano-para-solucionar-los-desafios-de-la-mineria","status":"publish","type":"post","link":"https:\/\/mariachappuis.com\/blog\/archivos\/959","title":{"rendered":"Diego Hern\u00e1ndez: \u201cEste es el a\u00f1o para solucionar los desaf\u00edos de la miner\u00eda\u201d"},"content":{"rendered":"<p><a href=\"http:\/\/www.mariachappuis.com\/blog\/archivos\/959\/discurso-hernandez-540x350\" rel=\"attachment wp-att-960\"><img loading=\"lazy\" decoding=\"async\" class=\"alignnone size-full wp-image-960\" alt=\"DISCURSO-HERNANDEZ-540x350\" src=\"http:\/\/www.mariachappuis.com\/blog\/wp-content\/uploads\/2014\/03\/DISCURSO-HERNANDEZ-540x350.jpg\" width=\"540\" height=\"350\" srcset=\"https:\/\/mariachappuis.com\/blog\/wp-content\/uploads\/2014\/03\/DISCURSO-HERNANDEZ-540x350.jpg 540w, https:\/\/mariachappuis.com\/blog\/wp-content\/uploads\/2014\/03\/DISCURSO-HERNANDEZ-540x350-300x194.jpg 300w\" sizes=\"auto, (max-width: 540px) 100vw, 540px\" \/><\/a><\/p>\n<p>El ejecutivo estima que el sector est\u00e1 enfrentando una encrucijada: crecer en producci\u00f3n o estancarse. A su juicio, el nuevo gobierno resolver\u00e1 los problemas que est\u00e1n aquejando a la industria.<\/p>\n<p>(La Tercera) \u00bfEstamos frente a un nuevo ciclo en la miner\u00eda chilena?, se pregunta el presidente ejecutivo de Antofagasta Minerals, Diego Hern\u00e1ndez. La respuesta es incierta porque, a su juicio, el sector est\u00e1 en medio de una encrucijada respecto de seguir creciendo o estancar su producci\u00f3n de cobre y perder el posicionamiento que tiene el pa\u00eds al ser responsable de un tercio de la producci\u00f3n mundial de ese mineral. El quiebre productivo se sinti\u00f3 en 2013, a\u00f1o en que se logr\u00f3 aumentar en 6,1% la producci\u00f3n y alcanzar los 5,7 millones de toneladas de cobre.<!--more--><\/p>\n<p>Para este a\u00f1o, las estimaciones tambi\u00e9n son positivas, ya que se proyecta dar un salto hist\u00f3rico y llegar a las 6 millones de toneladas de cobre. Sin embargo, el tambi\u00e9n ex presidente ejecutivo de Codelco hace un llamado de alerta: si no se solucionan los desaf\u00edos que tiene el sector, como es el suministro de energ\u00eda y agua a precios competitivos y mejorar la productividad de las empresas mineras, el sector no podr\u00e1 dar ese salto. Para eso se necesita, comenta, que todos los grupos de inter\u00e9s, incluyendo a las autoridades y ONG, se pongan de acuerdo.<\/p>\n<p>A horas de lanzar la nueva imagen corporativa de la minera del grupo Luksic y de dejar Chile para entregar los resultados de la compa\u00f1\u00eda en Londres, Hern\u00e1ndez se\u00f1ala que el 2014 es el a\u00f1o en que se deben resolver esos desaf\u00edos. \u201cAhora es el momento de abordar estos temas y solucionarlos. Primero, porque estamos en un nuevo gobierno y, segundo, porque las condiciones m\u00e1s dif\u00edciles del mercado, con precios del cobre m\u00e1s bajos, son una se\u00f1al de alerta para poder reaccionar y no cabe duda que as\u00ed ser\u00e1\u201d, argumenta.<\/p>\n<p>En la nueva imagen corporativa est\u00e1n posicionando el hecho de ser el mayor grupo minero privado de Chile, \u00bfpor qu\u00e9?<\/p>\n<p>Tenemos que asumir la responsabilidad de ser el grupo minero privado m\u00e1s grande de Chile. Somos parte de los tres grupos -mineras internacionales, nosotros y Codelco- que tienen que ponerse de acuerdo para contribuir con las autoridades y los otros grupos de inter\u00e9s a que haya una continuidad en el c\u00edrculo virtuoso de la miner\u00eda que hemos visto en Chile y que hoy est\u00e1 un poco en duda, porque tenemos grandes desaf\u00edos en los que tenemos que avanzar. Para eso, necesitamos que todos los grupos de inter\u00e9s est\u00e9n de acuerdo.<\/p>\n<p>\u00bfResponde a unificar las voces ante el escenario m\u00e1s complejo que est\u00e1n viviendo?<\/p>\n<p>Se trata de contribuir a la discusi\u00f3n de manera que podamos ser exitosos en poder abordar los temas que nos aquejan, como es la energ\u00eda y el agua, en relaci\u00f3n con la disponibilidad y su costo, tambi\u00e9n tener personal calificado y el otro tema que es mejorar la productividad del sector.<\/p>\n<p>\u00bfPor qu\u00e9 se hace ahora? \u00bfQu\u00e9 cambi\u00f3?<\/p>\n<p>Estamos en una encrucijada donde si resolvemos bien estos temas, la miner\u00eda va a poder seguir desarroll\u00e1ndose. Ahora es un per\u00edodo importante, donde hay una nueva etapa en la miner\u00eda chilena que tenemos que abordar. Nuestra expectativa es que podemos seguir creciendo como industria, pero si no lo hacemos bien, nos vamos a estancar.<\/p>\n<p>\u00bfCu\u00e1l es esa nueva etapa de la miner\u00eda?<\/p>\n<p>La industria ha tenido distintas etapas: una que es anterior a la d\u00e9cada del 90, donde la producci\u00f3n estaba relativamente estancada y no hab\u00eda inversiones. Despu\u00e9s, entre 1990 y 2004, hubo inversiones nacionales y extranjeras que permitieron un gran desarrollo y con esas inversiones se alcanz\u00f3 una producci\u00f3n de 5,6 millones de toneladas de cobre, que es un tercio de la producci\u00f3n mundial. Pero entre 2004 y 2011, a pesar de que hubo inversiones importantes en miner\u00eda, la producci\u00f3n se estanc\u00f3, porque las minas est\u00e1n m\u00e1s maduras y hay costos m\u00e1s altos. En 2013, la producci\u00f3n aument\u00f3 y el 2014 podr\u00eda nuevamente subir, eso esperamos. Entonces, la gran pregunta es: \u00bfesto es el inicio del nuevo ciclo, donde a pesar de que hay desaf\u00edos importantes, con yacimientos con leyes m\u00e1s bajas, pero con una cartera de proyectos que se puede materializar, podemos seguir creciendo para mantener nuestra participaci\u00f3n de mercado en el mundo o vamos a estancarnos con pocas inversiones y con producci\u00f3n declinante? Esa es la gran decisi\u00f3n que tenemos que resolver.<\/p>\n<p>Hasta ahora no ha habido avances, \u00bfqu\u00e9 pasa si no cambia nada?<\/p>\n<p>La otra alternativa ser\u00eda estancar la producci\u00f3n y si hacemos eso, porque no somos capaces de responder a todos los desaf\u00edos, la producci\u00f3n empezar\u00eda a declinar y la participaci\u00f3n de mercado podr\u00eda disminuir. Eso significar\u00eda que no ser\u00edamos capaces de capturar todo el potencial que tiene la miner\u00eda para seguir contribuyendo al desarrollo de Chile.<\/p>\n<p>\u00bfEs realista, entonces, pensar que Chile dar\u00e1 el salto y producir\u00e1 seis millones de toneladas este 2014?<\/p>\n<p>No he hecho el c\u00e1lculo, pero si consideramos el 2013 y lo que proyectamos para este a\u00f1o, se ha quebrado la tendencia de producci\u00f3n plana y efectivamente, hay un aumento de producci\u00f3n. Este a\u00f1o deber\u00edamos terminar con 10% m\u00e1s que lo que ten\u00edamos el 2013.<\/p>\n<p>\u00bfDe qui\u00e9n depende solucionar estos problemas?<\/p>\n<p>Depende del gobierno, de las autoridades, de nosotros y de las comunidades. Depende de un mayor n\u00famero de personas de las que hemos estado acostumbrados.<\/p>\n<p>Concretamente, \u00bfc\u00f3mo se puede cambiar el escenario?<\/p>\n<p>Es algo que tenemos que solucionar entre todos, incluyendo a las ONG. Esto, en el entendido de que la mayor\u00eda quiere que el pa\u00eds siga desarroll\u00e1ndose econ\u00f3micamente, pero ese crecimiento tambi\u00e9n tiene que ser sustentable e inclusivo, es decir, que todos nos beneficiemos de ese desarrollo y para eso hay que ponerse de acuerdo. Requiere de conversaciones, discusiones, acuerdos y negociaciones. Eso es lo que tenemos que enfrentar. Por ejemplo, una cosa que necesita fortalecerse es la institucionalidad legal. Todav\u00eda hay hoyos, en el sentido de que la legislaci\u00f3n no ha dado respuesta a todas las inquietudes y todos los temas que est\u00e1n sobre la mesa. Eso hace que haya ambig\u00fcedad y eso hay que aclararlo.<\/p>\n<p>\u00bfQu\u00e9 rol cumple en esta encrucijada la cartera de proyectos por m\u00e1s de US$ 100 mil millones?<\/p>\n<p>Si resolvemos todos estos desaf\u00edos ya mencionados, es importante que esa cartera de proyectos est\u00e9 preparada y suficientemente avanzada como para que cada empresa vaya tomando sus decisiones de inversi\u00f3n lo antes posible, siempre considerando la coyuntura de mercado. Lo que sucedi\u00f3 antes es que las grandes empresas mineras se comprometieron con carteras de proyectos muy ambiciosas y a partir del inicio de 2012, el mercado nos empez\u00f3 a castigar, porque las empresas estaban haciendo adquisiciones y\/o proyectos considerados caros por los analistas e inversionistas. Y as\u00ed fue. La consecuencia fue que las grandes empresas mineras redujeron sus inversiones, porque con la baja de los precios hab\u00eda menos disponibilidad de cajas. Ahora, entre 2013 y este a\u00f1o, las empresas ya tienen comprometida su generaci\u00f3n de caja para poder seguir haciendo los proyectos que no fueron detenidos y que eran rentables. Pero hacia 2015 y de ah\u00ed en adelante va a haber m\u00e1s flexibilidad. Esto, porque los compromisos van a ser menores y nuevamente las grandes empresas mineras van a poder abordar nuevos proyectos, si es que las condiciones de mercado son favorables.<\/p>\n<p>Entonces, \u00bfse podr\u00e1 reactivar la cartera de proyectos?<\/p>\n<p>Si miramos los resultados del 2013 y los comparamos con los del 2012, los costos de operaci\u00f3n fueron m\u00e1s altos en 2013 que en 2012. Ahora, lo que esperamos este a\u00f1o -y estamos seguros de que as\u00ed ser\u00e1- es que esa tendencia ya la quebramos y los costos no van a seguir subiendo y para muchas empresas, incluso van a comenzar a disminuir. La tendencia se quebr\u00f3 y lo mismo en los costos de los proyectos de inversi\u00f3n. Y eso es un buen mensaje para los inversionistas.<\/p>\n<p>Viendo ese an\u00e1lisis, este ejercicio se transforma en el a\u00f1o para solucionar estos problemas\u2026<\/p>\n<p>Dir\u00eda que este es el a\u00f1o, por la coyuntura. Primero, estamos en un gobierno nuevo. Segundo, estas condiciones de mercado m\u00e1s dif\u00edciles, con precios que son m\u00e1s bajos, son una se\u00f1al de alerta para poder reaccionar, y no cabe duda que as\u00ed ser\u00e1.<\/p>\n<p>\u00bfHay mayores expectativas en relaci\u00f3n con el nuevo gobierno y con la soluci\u00f3n de estos temas que se vienen arrastrando por varios a\u00f1os?<\/p>\n<p>Si analizamos la evoluci\u00f3n del pa\u00eds en estos \u00faltimos per\u00edodos, este es el a\u00f1o para solucionar los desaf\u00edos de la miner\u00eda. Es el momento de abordarlos y solucionarlos. Son temas que dif\u00edcilmente se pueden seguir postergando.<\/p>\n<p>\u00bfPero por qu\u00e9 ahora?<\/p>\n<p>Se lleg\u00f3 a un tope. Si uno est\u00e1 en una condici\u00f3n donde hay energ\u00eda disponible y sus precios todav\u00eda son normales, a lo mejor la autoridad se podr\u00eda permitir el lujo de no desarrollar un proyecto que a alg\u00fan grupo de inter\u00e9s no le gusta. Eso ya pas\u00f3 ac\u00e1. Tenemos que ser capaces de ponernos de acuerdo para poder desarrollar proyectos de energ\u00eda. Este escenario nos obliga a ser m\u00e1s realista y m\u00e1s pragm\u00e1ticos, respetando los distintos intereses que pueden existir en la sociedad.<\/p>\n<p>En el tema medioambiental, \u00bfexiste una cr\u00edtica del sector al actuar de la Superintendencia de Medioambiente? \u00bfDeber\u00eda fortalecerse la nueva norma ambiental?<\/p>\n<p>La legislaci\u00f3n est\u00e1 ah\u00ed, ahora hay que aplicarla. En estas instituciones nuevas es cr\u00edtico c\u00f3mo empiezan a funcionar, porque eso marca la ruta de sus actuaciones. Creo que tambi\u00e9n, porque la sociedad est\u00e1 muy volcada a esos temas, a veces la parte comunicacional se hace m\u00e1s importante que los contenidos. Ah\u00ed se necesita un equilibrio. Las nuevas instituciones ambientales se legitimizar\u00e1n en funci\u00f3n del trabajo que hagan y por cumplir los objetivos por lo que fueron creados. No creo que para legitimarse necesiten de grandes golpes comunicacionales.<\/p>\n<p>\u00bfCu\u00e1l es la visi\u00f3n que tiene del ministro de Energ\u00eda, M\u00e1ximo Pacheco?<\/p>\n<p>Creo que es una persona que tiene mucha experiencia. No cabe duda que por su trayectoria de ejecutivo, es una persona que est\u00e1 acostumbrada a tomar decisiones y que tiene muy claro que las decisiones deben ser tomadas de forma oportuna. Me parece que estos temas se est\u00e1n abordando de una buena manera.<\/p>\n<p>\u00bfA pesar de declaraciones en contra de proyectos tan relevantes como HidroAys\u00e9n?<\/p>\n<p>Estamos hablando de temas generales. Si hay un proyecto que debe desarrollarse m\u00e1s que otro, bueno, eso es otra cosa. Todos tenemos claro que necesitamos m\u00e1s generaci\u00f3n de energ\u00eda y que existen distintas alternativas y eso es lo que hay que decidir: cu\u00e1l es la matriz que queremos y empezar a tomar decisiones para comenzar con la ejecuci\u00f3n de los proyectos.<\/p>\n<p>\u00bfQu\u00e9 espera del nuevo gobierno de Bachelet?<\/p>\n<p>Espero y creo que as\u00ed ser\u00e1, que ella cumpla su programa. Ese es el compromiso que tiene con el pa\u00eds y por eso la eligieron.<br \/>\n\u00bfC\u00f3mo podr\u00eda la miner\u00eda beneficiarse con ese cumplimiento?<\/p>\n<p>El deseo es que el pa\u00eds siga creciendo, pero que sea de acuerdo con la realidad actual y con las expectativas que tiene la gente hoy d\u00eda. Creo que eso que parece obvio, no es tan obvio y es importante tenerlo claro.<\/p>\n<p>\u00bfElla lo tiene claro?<\/p>\n<p>Sin duda, creo que lo tiene claro.<\/p>\n<p>Fuente: Mineria Chilena<\/p>\n","protected":false},"excerpt":{"rendered":"<p>El ejecutivo estima que el sector est\u00e1 enfrentando una encrucijada: crecer en producci\u00f3n o estancarse. A su juicio, el nuevo gobierno resolver\u00e1 los problemas que est\u00e1n aquejando a la industria. (La Tercera) \u00bfEstamos frente a un nuevo ciclo en la &hellip; <a href=\"https:\/\/mariachappuis.com\/blog\/archivos\/959\">Sigue leyendo <span class=\"meta-nav\">&rarr;<\/span><\/a><\/p>\n","protected":false},"author":1,"featured_media":0,"comment_status":"closed","ping_status":"closed","sticky":false,"template":"","format":"standard","meta":{"footnotes":""},"categories":[1],"tags":[],"class_list":["post-959","post","type-post","status-publish","format-standard","hentry","category-general"],"yoast_head":"<!-- This site is optimized with the Yoast SEO plugin v27.2 - https:\/\/yoast.com\/product\/yoast-seo-wordpress\/ -->\n<title>Diego Hern\u00e1ndez: \u201cEste es el a\u00f1o para solucionar los desaf\u00edos de la miner\u00eda\u201d<\/title>\n<meta name=\"description\" content=\"El ejecutivo estima que el sector est\u00e1 enfrentando una encrucijada: crecer en producci\u00f3n o estancarse. A su juicio, el nuevo gobierno resolver\u00e1 los\" \/>\n<meta name=\"robots\" content=\"index, follow, max-snippet:-1, max-image-preview:large, max-video-preview:-1\" \/>\n<link rel=\"canonical\" href=\"https:\/\/mariachappuis.com\/blog\/archivos\/959\" \/>\n<meta property=\"og:locale\" content=\"es_ES\" \/>\n<meta property=\"og:type\" content=\"article\" \/>\n<meta property=\"og:title\" content=\"Diego Hern\u00e1ndez: \u201cEste es el a\u00f1o para solucionar los desaf\u00edos de la miner\u00eda\u201d\" \/>\n<meta property=\"og:description\" content=\"El ejecutivo estima que el sector est\u00e1 enfrentando una encrucijada: crecer en producci\u00f3n o estancarse. A su juicio, el nuevo gobierno resolver\u00e1 los\" \/>\n<meta property=\"og:url\" content=\"https:\/\/mariachappuis.com\/blog\/archivos\/959\" \/>\n<meta property=\"og:site_name\" content=\"Maria Chappuis\" \/>\n<meta property=\"article:published_time\" content=\"2014-03-25T03:55:16+00:00\" \/>\n<meta property=\"article:modified_time\" content=\"2019-04-08T23:17:13+00:00\" \/>\n<meta property=\"og:image\" content=\"https:\/\/mariachappuis.com\/blog\/wp-content\/uploads\/2014\/03\/DISCURSO-HERNANDEZ-540x350.jpg\" \/>\n\t<meta property=\"og:image:width\" content=\"540\" \/>\n\t<meta property=\"og:image:height\" content=\"350\" \/>\n\t<meta property=\"og:image:type\" content=\"image\/jpeg\" \/>\n<meta name=\"author\" content=\"Marita Chappuis\" \/>\n<meta name=\"twitter:card\" content=\"summary_large_image\" \/>\n<meta name=\"twitter:label1\" content=\"Escrito por\" \/>\n\t<meta name=\"twitter:data1\" content=\"Marita Chappuis\" \/>\n\t<meta name=\"twitter:label2\" content=\"Tiempo de lectura\" \/>\n\t<meta name=\"twitter:data2\" content=\"10 minutos\" \/>\n<script type=\"application\/ld+json\" class=\"yoast-schema-graph\">{\"@context\":\"https:\/\/schema.org\",\"@graph\":[{\"@type\":\"Article\",\"@id\":\"https:\/\/mariachappuis.com\/blog\/archivos\/959#article\",\"isPartOf\":{\"@id\":\"https:\/\/mariachappuis.com\/blog\/archivos\/959\"},\"author\":{\"name\":\"Marita Chappuis\",\"@id\":\"https:\/\/mariachappuis.com\/blog\/#\/schema\/person\/8de0bece2913b35ac8b590fc9ac6dda5\"},\"headline\":\"Diego Hern\u00e1ndez: \u201cEste es el a\u00f1o para solucionar los desaf\u00edos de la miner\u00eda\u201d\",\"datePublished\":\"2014-03-25T03:55:16+00:00\",\"dateModified\":\"2019-04-08T23:17:13+00:00\",\"mainEntityOfPage\":{\"@id\":\"https:\/\/mariachappuis.com\/blog\/archivos\/959\"},\"wordCount\":2005,\"publisher\":{\"@id\":\"https:\/\/mariachappuis.com\/blog\/#\/schema\/person\/8de0bece2913b35ac8b590fc9ac6dda5\"},\"image\":{\"@id\":\"https:\/\/mariachappuis.com\/blog\/archivos\/959#primaryimage\"},\"thumbnailUrl\":\"http:\/\/www.mariachappuis.com\/blog\/wp-content\/uploads\/2014\/03\/DISCURSO-HERNANDEZ-540x350.jpg\",\"articleSection\":[\"General\"],\"inLanguage\":\"es\"},{\"@type\":\"WebPage\",\"@id\":\"https:\/\/mariachappuis.com\/blog\/archivos\/959\",\"url\":\"https:\/\/mariachappuis.com\/blog\/archivos\/959\",\"name\":\"Diego Hern\u00e1ndez: \u201cEste es el a\u00f1o para solucionar los desaf\u00edos de la miner\u00eda\u201d\",\"isPartOf\":{\"@id\":\"https:\/\/mariachappuis.com\/blog\/#website\"},\"primaryImageOfPage\":{\"@id\":\"https:\/\/mariachappuis.com\/blog\/archivos\/959#primaryimage\"},\"image\":{\"@id\":\"https:\/\/mariachappuis.com\/blog\/archivos\/959#primaryimage\"},\"thumbnailUrl\":\"http:\/\/www.mariachappuis.com\/blog\/wp-content\/uploads\/2014\/03\/DISCURSO-HERNANDEZ-540x350.jpg\",\"datePublished\":\"2014-03-25T03:55:16+00:00\",\"dateModified\":\"2019-04-08T23:17:13+00:00\",\"description\":\"El ejecutivo estima que el sector est\u00e1 enfrentando una encrucijada: crecer en producci\u00f3n o estancarse. A su juicio, el nuevo gobierno resolver\u00e1 los\",\"breadcrumb\":{\"@id\":\"https:\/\/mariachappuis.com\/blog\/archivos\/959#breadcrumb\"},\"inLanguage\":\"es\",\"potentialAction\":[{\"@type\":\"ReadAction\",\"target\":[\"https:\/\/mariachappuis.com\/blog\/archivos\/959\"]}]},{\"@type\":\"ImageObject\",\"inLanguage\":\"es\",\"@id\":\"https:\/\/mariachappuis.com\/blog\/archivos\/959#primaryimage\",\"url\":\"http:\/\/www.mariachappuis.com\/blog\/wp-content\/uploads\/2014\/03\/DISCURSO-HERNANDEZ-540x350.jpg\",\"contentUrl\":\"http:\/\/www.mariachappuis.com\/blog\/wp-content\/uploads\/2014\/03\/DISCURSO-HERNANDEZ-540x350.jpg\"},{\"@type\":\"BreadcrumbList\",\"@id\":\"https:\/\/mariachappuis.com\/blog\/archivos\/959#breadcrumb\",\"itemListElement\":[{\"@type\":\"ListItem\",\"position\":1,\"name\":\"Portada\",\"item\":\"https:\/\/mariachappuis.com\/blog\"},{\"@type\":\"ListItem\",\"position\":2,\"name\":\"Diego Hern\u00e1ndez: \u201cEste es el a\u00f1o para solucionar los desaf\u00edos de la miner\u00eda\u201d\"}]},{\"@type\":\"WebSite\",\"@id\":\"https:\/\/mariachappuis.com\/blog\/#website\",\"url\":\"https:\/\/mariachappuis.com\/blog\/\",\"name\":\"Marita Chappuis\",\"description\":\"An\u00e1lisis y Comentarios\",\"publisher\":{\"@id\":\"https:\/\/mariachappuis.com\/blog\/#\/schema\/person\/8de0bece2913b35ac8b590fc9ac6dda5\"},\"alternateName\":\"Marita Chappuis\",\"potentialAction\":[{\"@type\":\"SearchAction\",\"target\":{\"@type\":\"EntryPoint\",\"urlTemplate\":\"https:\/\/mariachappuis.com\/blog\/?s={search_term_string}\"},\"query-input\":{\"@type\":\"PropertyValueSpecification\",\"valueRequired\":true,\"valueName\":\"search_term_string\"}}],\"inLanguage\":\"es\"},{\"@type\":[\"Person\",\"Organization\"],\"@id\":\"https:\/\/mariachappuis.com\/blog\/#\/schema\/person\/8de0bece2913b35ac8b590fc9ac6dda5\",\"name\":\"Marita Chappuis\",\"image\":{\"@type\":\"ImageObject\",\"inLanguage\":\"es\",\"@id\":\"https:\/\/mariachappuis.com\/blog\/wp-content\/uploads\/2024\/01\/cropped-3333.jpg\",\"url\":\"https:\/\/mariachappuis.com\/blog\/wp-content\/uploads\/2024\/01\/cropped-3333.jpg\",\"contentUrl\":\"https:\/\/mariachappuis.com\/blog\/wp-content\/uploads\/2024\/01\/cropped-3333.jpg\",\"width\":512,\"height\":512,\"caption\":\"Marita Chappuis\"},\"logo\":{\"@id\":\"https:\/\/mariachappuis.com\/blog\/wp-content\/uploads\/2024\/01\/cropped-3333.jpg\"}}]}<\/script>\n<!-- \/ Yoast SEO plugin. -->","yoast_head_json":{"title":"Diego Hern\u00e1ndez: \u201cEste es el a\u00f1o para solucionar los desaf\u00edos de la miner\u00eda\u201d","description":"El ejecutivo estima que el sector est\u00e1 enfrentando una encrucijada: crecer en producci\u00f3n o estancarse. A su juicio, el nuevo gobierno resolver\u00e1 los","robots":{"index":"index","follow":"follow","max-snippet":"max-snippet:-1","max-image-preview":"max-image-preview:large","max-video-preview":"max-video-preview:-1"},"canonical":"https:\/\/mariachappuis.com\/blog\/archivos\/959","og_locale":"es_ES","og_type":"article","og_title":"Diego Hern\u00e1ndez: \u201cEste es el a\u00f1o para solucionar los desaf\u00edos de la miner\u00eda\u201d","og_description":"El ejecutivo estima que el sector est\u00e1 enfrentando una encrucijada: crecer en producci\u00f3n o estancarse. A su juicio, el nuevo gobierno resolver\u00e1 los","og_url":"https:\/\/mariachappuis.com\/blog\/archivos\/959","og_site_name":"Maria Chappuis","article_published_time":"2014-03-25T03:55:16+00:00","article_modified_time":"2019-04-08T23:17:13+00:00","og_image":[{"width":540,"height":350,"url":"https:\/\/mariachappuis.com\/blog\/wp-content\/uploads\/2014\/03\/DISCURSO-HERNANDEZ-540x350.jpg","type":"image\/jpeg"}],"author":"Marita Chappuis","twitter_card":"summary_large_image","twitter_misc":{"Escrito por":"Marita Chappuis","Tiempo de lectura":"10 minutos"},"schema":{"@context":"https:\/\/schema.org","@graph":[{"@type":"Article","@id":"https:\/\/mariachappuis.com\/blog\/archivos\/959#article","isPartOf":{"@id":"https:\/\/mariachappuis.com\/blog\/archivos\/959"},"author":{"name":"Marita Chappuis","@id":"https:\/\/mariachappuis.com\/blog\/#\/schema\/person\/8de0bece2913b35ac8b590fc9ac6dda5"},"headline":"Diego Hern\u00e1ndez: \u201cEste es el a\u00f1o para solucionar los desaf\u00edos de la miner\u00eda\u201d","datePublished":"2014-03-25T03:55:16+00:00","dateModified":"2019-04-08T23:17:13+00:00","mainEntityOfPage":{"@id":"https:\/\/mariachappuis.com\/blog\/archivos\/959"},"wordCount":2005,"publisher":{"@id":"https:\/\/mariachappuis.com\/blog\/#\/schema\/person\/8de0bece2913b35ac8b590fc9ac6dda5"},"image":{"@id":"https:\/\/mariachappuis.com\/blog\/archivos\/959#primaryimage"},"thumbnailUrl":"http:\/\/www.mariachappuis.com\/blog\/wp-content\/uploads\/2014\/03\/DISCURSO-HERNANDEZ-540x350.jpg","articleSection":["General"],"inLanguage":"es"},{"@type":"WebPage","@id":"https:\/\/mariachappuis.com\/blog\/archivos\/959","url":"https:\/\/mariachappuis.com\/blog\/archivos\/959","name":"Diego Hern\u00e1ndez: \u201cEste es el a\u00f1o para solucionar los desaf\u00edos de la miner\u00eda\u201d","isPartOf":{"@id":"https:\/\/mariachappuis.com\/blog\/#website"},"primaryImageOfPage":{"@id":"https:\/\/mariachappuis.com\/blog\/archivos\/959#primaryimage"},"image":{"@id":"https:\/\/mariachappuis.com\/blog\/archivos\/959#primaryimage"},"thumbnailUrl":"http:\/\/www.mariachappuis.com\/blog\/wp-content\/uploads\/2014\/03\/DISCURSO-HERNANDEZ-540x350.jpg","datePublished":"2014-03-25T03:55:16+00:00","dateModified":"2019-04-08T23:17:13+00:00","description":"El ejecutivo estima que el sector est\u00e1 enfrentando una encrucijada: crecer en producci\u00f3n o estancarse. A su juicio, el nuevo gobierno resolver\u00e1 los","breadcrumb":{"@id":"https:\/\/mariachappuis.com\/blog\/archivos\/959#breadcrumb"},"inLanguage":"es","potentialAction":[{"@type":"ReadAction","target":["https:\/\/mariachappuis.com\/blog\/archivos\/959"]}]},{"@type":"ImageObject","inLanguage":"es","@id":"https:\/\/mariachappuis.com\/blog\/archivos\/959#primaryimage","url":"http:\/\/www.mariachappuis.com\/blog\/wp-content\/uploads\/2014\/03\/DISCURSO-HERNANDEZ-540x350.jpg","contentUrl":"http:\/\/www.mariachappuis.com\/blog\/wp-content\/uploads\/2014\/03\/DISCURSO-HERNANDEZ-540x350.jpg"},{"@type":"BreadcrumbList","@id":"https:\/\/mariachappuis.com\/blog\/archivos\/959#breadcrumb","itemListElement":[{"@type":"ListItem","position":1,"name":"Portada","item":"https:\/\/mariachappuis.com\/blog"},{"@type":"ListItem","position":2,"name":"Diego Hern\u00e1ndez: \u201cEste es el a\u00f1o para solucionar los desaf\u00edos de la miner\u00eda\u201d"}]},{"@type":"WebSite","@id":"https:\/\/mariachappuis.com\/blog\/#website","url":"https:\/\/mariachappuis.com\/blog\/","name":"Marita Chappuis","description":"An\u00e1lisis y Comentarios","publisher":{"@id":"https:\/\/mariachappuis.com\/blog\/#\/schema\/person\/8de0bece2913b35ac8b590fc9ac6dda5"},"alternateName":"Marita Chappuis","potentialAction":[{"@type":"SearchAction","target":{"@type":"EntryPoint","urlTemplate":"https:\/\/mariachappuis.com\/blog\/?s={search_term_string}"},"query-input":{"@type":"PropertyValueSpecification","valueRequired":true,"valueName":"search_term_string"}}],"inLanguage":"es"},{"@type":["Person","Organization"],"@id":"https:\/\/mariachappuis.com\/blog\/#\/schema\/person\/8de0bece2913b35ac8b590fc9ac6dda5","name":"Marita Chappuis","image":{"@type":"ImageObject","inLanguage":"es","@id":"https:\/\/mariachappuis.com\/blog\/wp-content\/uploads\/2024\/01\/cropped-3333.jpg","url":"https:\/\/mariachappuis.com\/blog\/wp-content\/uploads\/2024\/01\/cropped-3333.jpg","contentUrl":"https:\/\/mariachappuis.com\/blog\/wp-content\/uploads\/2024\/01\/cropped-3333.jpg","width":512,"height":512,"caption":"Marita Chappuis"},"logo":{"@id":"https:\/\/mariachappuis.com\/blog\/wp-content\/uploads\/2024\/01\/cropped-3333.jpg"}}]}},"_links":{"self":[{"href":"https:\/\/mariachappuis.com\/blog\/wp-json\/wp\/v2\/posts\/959","targetHints":{"allow":["GET"]}}],"collection":[{"href":"https:\/\/mariachappuis.com\/blog\/wp-json\/wp\/v2\/posts"}],"about":[{"href":"https:\/\/mariachappuis.com\/blog\/wp-json\/wp\/v2\/types\/post"}],"author":[{"embeddable":true,"href":"https:\/\/mariachappuis.com\/blog\/wp-json\/wp\/v2\/users\/1"}],"replies":[{"embeddable":true,"href":"https:\/\/mariachappuis.com\/blog\/wp-json\/wp\/v2\/comments?post=959"}],"version-history":[{"count":4,"href":"https:\/\/mariachappuis.com\/blog\/wp-json\/wp\/v2\/posts\/959\/revisions"}],"predecessor-version":[{"id":2026,"href":"https:\/\/mariachappuis.com\/blog\/wp-json\/wp\/v2\/posts\/959\/revisions\/2026"}],"wp:attachment":[{"href":"https:\/\/mariachappuis.com\/blog\/wp-json\/wp\/v2\/media?parent=959"}],"wp:term":[{"taxonomy":"category","embeddable":true,"href":"https:\/\/mariachappuis.com\/blog\/wp-json\/wp\/v2\/categories?post=959"},{"taxonomy":"post_tag","embeddable":true,"href":"https:\/\/mariachappuis.com\/blog\/wp-json\/wp\/v2\/tags?post=959"}],"curies":[{"name":"wp","href":"https:\/\/api.w.org\/{rel}","templated":true}]}}