{"id":951,"date":"2014-03-20T20:59:26","date_gmt":"2014-03-20T20:59:26","guid":{"rendered":"http:\/\/www.mariachappuis.com\/blog\/?p=951"},"modified":"2018-06-07T07:34:06","modified_gmt":"2018-06-07T12:34:06","slug":"superintendencia-del-medio-ambiente-no-va-a-la-suprema-por-pascua-lama","status":"publish","type":"post","link":"https:\/\/mariachappuis.com\/blog\/archivos\/951","title":{"rendered":"Superintendencia del Medio Ambiente no va a la Suprema por Pascua Lama"},"content":{"rendered":"<p><a href=\"http:\/\/www.mariachappuis.com\/blog\/archivos\/951\/proyecto-pascua-lama-540x350-2\" rel=\"attachment wp-att-952\"><img loading=\"lazy\" decoding=\"async\" class=\"alignnone size-full wp-image-952\" alt=\"Proyecto-Pascua-Lama-540x350\" src=\"http:\/\/www.mariachappuis.com\/blog\/wp-content\/uploads\/2014\/03\/Proyecto-Pascua-Lama-540x350.jpg\" width=\"540\" height=\"350\" srcset=\"https:\/\/mariachappuis.com\/blog\/wp-content\/uploads\/2014\/03\/Proyecto-Pascua-Lama-540x350.jpg 540w, https:\/\/mariachappuis.com\/blog\/wp-content\/uploads\/2014\/03\/Proyecto-Pascua-Lama-540x350-300x194.jpg 300w\" sizes=\"auto, (max-width: 540px) 100vw, 540px\" \/><\/a><\/p>\n<p>(La Tercera) La Superintendencia del Medio Ambiente (SMA) decidi\u00f3 no acudir a la Corte Suprema -a trav\u00e9s de un recurso de casaci\u00f3n- por el caso Pascua Lama.<\/p>\n<p>El Tribunal Ambiental invalid\u00f3 hace unas semanas la sentencia que el organismo fiscalizador hab\u00eda interpuesto contra la firma minera (US$ 16,4 millones), luego de estimar que la metodolog\u00eda para cuantificar el monto de la multa no hab\u00eda sido la adecuada. Tambi\u00e9n orden\u00f3 que la sanci\u00f3n fuera definida por cada una de las faltas que la miner\u00eda cometi\u00f3, cosa que supondr\u00eda un monto mayor.<!--more--><\/p>\n<p>\u201cTomando en cuenta el severo reproche de legalidad formulado a la misma, ha decidido no presentar recurso de casaci\u00f3n en la convicci\u00f3n de que un nuevo y m\u00e1s profundo an\u00e1lisis de los antecedentes contribuir\u00e1 a contar con una resoluci\u00f3n m\u00e1s robusta\u201d, dijo la SMA.<\/p>\n<p>Ayer, en el marco de la primera sesi\u00f3n de la Comisi\u00f3n de Medio Ambiente de la C\u00e1mara Baja a la que asisti\u00f3 el ministro de Medio Ambiente, Pablo Badenier, el diputado Joaqu\u00edn Godoy (UDI), solicit\u00f3 la renuncia del superintendente Cristi\u00e1n Franz, por su eventual relaci\u00f3n con diferentes empresas a trav\u00e9s de una consultora ambiental en la que mantiene una participaci\u00f3n.<\/p>\n","protected":false},"excerpt":{"rendered":"<p>(La Tercera) La Superintendencia del Medio Ambiente (SMA) decidi\u00f3 no acudir a la Corte Suprema -a trav\u00e9s de un recurso de casaci\u00f3n- por el caso Pascua Lama. El Tribunal Ambiental invalid\u00f3 hace unas semanas la sentencia que el organismo fiscalizador &hellip; <a href=\"https:\/\/mariachappuis.com\/blog\/archivos\/951\">Sigue leyendo <span class=\"meta-nav\">&rarr;<\/span><\/a><\/p>\n","protected":false},"author":1,"featured_media":0,"comment_status":"closed","ping_status":"closed","sticky":false,"template":"","format":"standard","meta":{"footnotes":""},"categories":[1],"tags":[],"class_list":["post-951","post","type-post","status-publish","format-standard","hentry","category-general"],"yoast_head":"<!-- This site is optimized with the Yoast SEO plugin v27.2 - https:\/\/yoast.com\/product\/yoast-seo-wordpress\/ -->\n<title>Superintendencia del Medio Ambiente no va a la Suprema por Pascua Lama<\/title>\n<meta name=\"description\" content=\"(La Tercera) La Superintendencia del Medio Ambiente (SMA) decidi\u00f3 no acudir a la Corte Suprema -a trav\u00e9s de un recurso de casaci\u00f3n- por el caso Pascua\" \/>\n<meta name=\"robots\" content=\"index, follow, max-snippet:-1, max-image-preview:large, max-video-preview:-1\" \/>\n<link rel=\"canonical\" href=\"https:\/\/mariachappuis.com\/blog\/archivos\/951\" \/>\n<meta property=\"og:locale\" content=\"es_ES\" \/>\n<meta property=\"og:type\" content=\"article\" \/>\n<meta property=\"og:title\" content=\"Superintendencia del Medio Ambiente no va a la Suprema por Pascua Lama\" \/>\n<meta property=\"og:description\" content=\"(La Tercera) La Superintendencia del Medio Ambiente (SMA) decidi\u00f3 no acudir a la Corte Suprema -a trav\u00e9s de un recurso de casaci\u00f3n- por el caso Pascua\" \/>\n<meta property=\"og:url\" content=\"https:\/\/mariachappuis.com\/blog\/archivos\/951\" \/>\n<meta property=\"og:site_name\" content=\"Maria Chappuis\" \/>\n<meta property=\"article:published_time\" content=\"2014-03-20T20:59:26+00:00\" \/>\n<meta property=\"article:modified_time\" content=\"2018-06-07T12:34:06+00:00\" \/>\n<meta property=\"og:image\" content=\"https:\/\/mariachappuis.com\/blog\/wp-content\/uploads\/2014\/03\/Proyecto-Pascua-Lama-540x350.jpg\" \/>\n\t<meta property=\"og:image:width\" content=\"540\" \/>\n\t<meta property=\"og:image:height\" content=\"350\" \/>\n\t<meta property=\"og:image:type\" content=\"image\/jpeg\" \/>\n<meta name=\"author\" content=\"Marita Chappuis\" \/>\n<meta name=\"twitter:card\" content=\"summary_large_image\" \/>\n<meta name=\"twitter:label1\" content=\"Escrito por\" \/>\n\t<meta name=\"twitter:data1\" content=\"Marita Chappuis\" \/>\n\t<meta name=\"twitter:label2\" content=\"Tiempo de lectura\" \/>\n\t<meta name=\"twitter:data2\" content=\"1 minuto\" \/>\n<script type=\"application\/ld+json\" class=\"yoast-schema-graph\">{\"@context\":\"https:\/\/schema.org\",\"@graph\":[{\"@type\":\"Article\",\"@id\":\"https:\/\/mariachappuis.com\/blog\/archivos\/951#article\",\"isPartOf\":{\"@id\":\"https:\/\/mariachappuis.com\/blog\/archivos\/951\"},\"author\":{\"name\":\"Marita Chappuis\",\"@id\":\"https:\/\/mariachappuis.com\/blog\/#\/schema\/person\/8de0bece2913b35ac8b590fc9ac6dda5\"},\"headline\":\"Superintendencia del Medio Ambiente no va a la Suprema por Pascua Lama\",\"datePublished\":\"2014-03-20T20:59:26+00:00\",\"dateModified\":\"2018-06-07T12:34:06+00:00\",\"mainEntityOfPage\":{\"@id\":\"https:\/\/mariachappuis.com\/blog\/archivos\/951\"},\"wordCount\":228,\"publisher\":{\"@id\":\"https:\/\/mariachappuis.com\/blog\/#\/schema\/person\/8de0bece2913b35ac8b590fc9ac6dda5\"},\"image\":{\"@id\":\"https:\/\/mariachappuis.com\/blog\/archivos\/951#primaryimage\"},\"thumbnailUrl\":\"http:\/\/www.mariachappuis.com\/blog\/wp-content\/uploads\/2014\/03\/Proyecto-Pascua-Lama-540x350.jpg\",\"articleSection\":[\"General\"],\"inLanguage\":\"es\"},{\"@type\":\"WebPage\",\"@id\":\"https:\/\/mariachappuis.com\/blog\/archivos\/951\",\"url\":\"https:\/\/mariachappuis.com\/blog\/archivos\/951\",\"name\":\"Superintendencia del Medio Ambiente no va a la Suprema por Pascua Lama\",\"isPartOf\":{\"@id\":\"https:\/\/mariachappuis.com\/blog\/#website\"},\"primaryImageOfPage\":{\"@id\":\"https:\/\/mariachappuis.com\/blog\/archivos\/951#primaryimage\"},\"image\":{\"@id\":\"https:\/\/mariachappuis.com\/blog\/archivos\/951#primaryimage\"},\"thumbnailUrl\":\"http:\/\/www.mariachappuis.com\/blog\/wp-content\/uploads\/2014\/03\/Proyecto-Pascua-Lama-540x350.jpg\",\"datePublished\":\"2014-03-20T20:59:26+00:00\",\"dateModified\":\"2018-06-07T12:34:06+00:00\",\"description\":\"(La Tercera) La Superintendencia del Medio Ambiente (SMA) decidi\u00f3 no acudir a la Corte Suprema -a trav\u00e9s de un recurso de casaci\u00f3n- por el caso Pascua\",\"breadcrumb\":{\"@id\":\"https:\/\/mariachappuis.com\/blog\/archivos\/951#breadcrumb\"},\"inLanguage\":\"es\",\"potentialAction\":[{\"@type\":\"ReadAction\",\"target\":[\"https:\/\/mariachappuis.com\/blog\/archivos\/951\"]}]},{\"@type\":\"ImageObject\",\"inLanguage\":\"es\",\"@id\":\"https:\/\/mariachappuis.com\/blog\/archivos\/951#primaryimage\",\"url\":\"http:\/\/www.mariachappuis.com\/blog\/wp-content\/uploads\/2014\/03\/Proyecto-Pascua-Lama-540x350.jpg\",\"contentUrl\":\"http:\/\/www.mariachappuis.com\/blog\/wp-content\/uploads\/2014\/03\/Proyecto-Pascua-Lama-540x350.jpg\"},{\"@type\":\"BreadcrumbList\",\"@id\":\"https:\/\/mariachappuis.com\/blog\/archivos\/951#breadcrumb\",\"itemListElement\":[{\"@type\":\"ListItem\",\"position\":1,\"name\":\"Portada\",\"item\":\"https:\/\/mariachappuis.com\/blog\"},{\"@type\":\"ListItem\",\"position\":2,\"name\":\"Superintendencia del Medio Ambiente no va a la Suprema por Pascua Lama\"}]},{\"@type\":\"WebSite\",\"@id\":\"https:\/\/mariachappuis.com\/blog\/#website\",\"url\":\"https:\/\/mariachappuis.com\/blog\/\",\"name\":\"Marita Chappuis\",\"description\":\"An\u00e1lisis y Comentarios\",\"publisher\":{\"@id\":\"https:\/\/mariachappuis.com\/blog\/#\/schema\/person\/8de0bece2913b35ac8b590fc9ac6dda5\"},\"alternateName\":\"Marita Chappuis\",\"potentialAction\":[{\"@type\":\"SearchAction\",\"target\":{\"@type\":\"EntryPoint\",\"urlTemplate\":\"https:\/\/mariachappuis.com\/blog\/?s={search_term_string}\"},\"query-input\":{\"@type\":\"PropertyValueSpecification\",\"valueRequired\":true,\"valueName\":\"search_term_string\"}}],\"inLanguage\":\"es\"},{\"@type\":[\"Person\",\"Organization\"],\"@id\":\"https:\/\/mariachappuis.com\/blog\/#\/schema\/person\/8de0bece2913b35ac8b590fc9ac6dda5\",\"name\":\"Marita Chappuis\",\"image\":{\"@type\":\"ImageObject\",\"inLanguage\":\"es\",\"@id\":\"https:\/\/mariachappuis.com\/blog\/wp-content\/uploads\/2024\/01\/cropped-3333.jpg\",\"url\":\"https:\/\/mariachappuis.com\/blog\/wp-content\/uploads\/2024\/01\/cropped-3333.jpg\",\"contentUrl\":\"https:\/\/mariachappuis.com\/blog\/wp-content\/uploads\/2024\/01\/cropped-3333.jpg\",\"width\":512,\"height\":512,\"caption\":\"Marita Chappuis\"},\"logo\":{\"@id\":\"https:\/\/mariachappuis.com\/blog\/wp-content\/uploads\/2024\/01\/cropped-3333.jpg\"}}]}<\/script>\n<!-- \/ Yoast SEO plugin. -->","yoast_head_json":{"title":"Superintendencia del Medio Ambiente no va a la Suprema por Pascua Lama","description":"(La Tercera) La Superintendencia del Medio Ambiente (SMA) decidi\u00f3 no acudir a la Corte Suprema -a trav\u00e9s de un recurso de casaci\u00f3n- por el caso Pascua","robots":{"index":"index","follow":"follow","max-snippet":"max-snippet:-1","max-image-preview":"max-image-preview:large","max-video-preview":"max-video-preview:-1"},"canonical":"https:\/\/mariachappuis.com\/blog\/archivos\/951","og_locale":"es_ES","og_type":"article","og_title":"Superintendencia del Medio Ambiente no va a la Suprema por Pascua Lama","og_description":"(La Tercera) La Superintendencia del Medio Ambiente (SMA) decidi\u00f3 no acudir a la Corte Suprema -a trav\u00e9s de un recurso de casaci\u00f3n- por el caso Pascua","og_url":"https:\/\/mariachappuis.com\/blog\/archivos\/951","og_site_name":"Maria Chappuis","article_published_time":"2014-03-20T20:59:26+00:00","article_modified_time":"2018-06-07T12:34:06+00:00","og_image":[{"width":540,"height":350,"url":"https:\/\/mariachappuis.com\/blog\/wp-content\/uploads\/2014\/03\/Proyecto-Pascua-Lama-540x350.jpg","type":"image\/jpeg"}],"author":"Marita Chappuis","twitter_card":"summary_large_image","twitter_misc":{"Escrito por":"Marita Chappuis","Tiempo de lectura":"1 minuto"},"schema":{"@context":"https:\/\/schema.org","@graph":[{"@type":"Article","@id":"https:\/\/mariachappuis.com\/blog\/archivos\/951#article","isPartOf":{"@id":"https:\/\/mariachappuis.com\/blog\/archivos\/951"},"author":{"name":"Marita Chappuis","@id":"https:\/\/mariachappuis.com\/blog\/#\/schema\/person\/8de0bece2913b35ac8b590fc9ac6dda5"},"headline":"Superintendencia del Medio Ambiente no va a la Suprema por Pascua Lama","datePublished":"2014-03-20T20:59:26+00:00","dateModified":"2018-06-07T12:34:06+00:00","mainEntityOfPage":{"@id":"https:\/\/mariachappuis.com\/blog\/archivos\/951"},"wordCount":228,"publisher":{"@id":"https:\/\/mariachappuis.com\/blog\/#\/schema\/person\/8de0bece2913b35ac8b590fc9ac6dda5"},"image":{"@id":"https:\/\/mariachappuis.com\/blog\/archivos\/951#primaryimage"},"thumbnailUrl":"http:\/\/www.mariachappuis.com\/blog\/wp-content\/uploads\/2014\/03\/Proyecto-Pascua-Lama-540x350.jpg","articleSection":["General"],"inLanguage":"es"},{"@type":"WebPage","@id":"https:\/\/mariachappuis.com\/blog\/archivos\/951","url":"https:\/\/mariachappuis.com\/blog\/archivos\/951","name":"Superintendencia del Medio Ambiente no va a la Suprema por Pascua Lama","isPartOf":{"@id":"https:\/\/mariachappuis.com\/blog\/#website"},"primaryImageOfPage":{"@id":"https:\/\/mariachappuis.com\/blog\/archivos\/951#primaryimage"},"image":{"@id":"https:\/\/mariachappuis.com\/blog\/archivos\/951#primaryimage"},"thumbnailUrl":"http:\/\/www.mariachappuis.com\/blog\/wp-content\/uploads\/2014\/03\/Proyecto-Pascua-Lama-540x350.jpg","datePublished":"2014-03-20T20:59:26+00:00","dateModified":"2018-06-07T12:34:06+00:00","description":"(La Tercera) La Superintendencia del Medio Ambiente (SMA) decidi\u00f3 no acudir a la Corte Suprema -a trav\u00e9s de un recurso de casaci\u00f3n- por el caso Pascua","breadcrumb":{"@id":"https:\/\/mariachappuis.com\/blog\/archivos\/951#breadcrumb"},"inLanguage":"es","potentialAction":[{"@type":"ReadAction","target":["https:\/\/mariachappuis.com\/blog\/archivos\/951"]}]},{"@type":"ImageObject","inLanguage":"es","@id":"https:\/\/mariachappuis.com\/blog\/archivos\/951#primaryimage","url":"http:\/\/www.mariachappuis.com\/blog\/wp-content\/uploads\/2014\/03\/Proyecto-Pascua-Lama-540x350.jpg","contentUrl":"http:\/\/www.mariachappuis.com\/blog\/wp-content\/uploads\/2014\/03\/Proyecto-Pascua-Lama-540x350.jpg"},{"@type":"BreadcrumbList","@id":"https:\/\/mariachappuis.com\/blog\/archivos\/951#breadcrumb","itemListElement":[{"@type":"ListItem","position":1,"name":"Portada","item":"https:\/\/mariachappuis.com\/blog"},{"@type":"ListItem","position":2,"name":"Superintendencia del Medio Ambiente no va a la Suprema por Pascua Lama"}]},{"@type":"WebSite","@id":"https:\/\/mariachappuis.com\/blog\/#website","url":"https:\/\/mariachappuis.com\/blog\/","name":"Marita Chappuis","description":"An\u00e1lisis y Comentarios","publisher":{"@id":"https:\/\/mariachappuis.com\/blog\/#\/schema\/person\/8de0bece2913b35ac8b590fc9ac6dda5"},"alternateName":"Marita Chappuis","potentialAction":[{"@type":"SearchAction","target":{"@type":"EntryPoint","urlTemplate":"https:\/\/mariachappuis.com\/blog\/?s={search_term_string}"},"query-input":{"@type":"PropertyValueSpecification","valueRequired":true,"valueName":"search_term_string"}}],"inLanguage":"es"},{"@type":["Person","Organization"],"@id":"https:\/\/mariachappuis.com\/blog\/#\/schema\/person\/8de0bece2913b35ac8b590fc9ac6dda5","name":"Marita Chappuis","image":{"@type":"ImageObject","inLanguage":"es","@id":"https:\/\/mariachappuis.com\/blog\/wp-content\/uploads\/2024\/01\/cropped-3333.jpg","url":"https:\/\/mariachappuis.com\/blog\/wp-content\/uploads\/2024\/01\/cropped-3333.jpg","contentUrl":"https:\/\/mariachappuis.com\/blog\/wp-content\/uploads\/2024\/01\/cropped-3333.jpg","width":512,"height":512,"caption":"Marita Chappuis"},"logo":{"@id":"https:\/\/mariachappuis.com\/blog\/wp-content\/uploads\/2024\/01\/cropped-3333.jpg"}}]}},"_links":{"self":[{"href":"https:\/\/mariachappuis.com\/blog\/wp-json\/wp\/v2\/posts\/951","targetHints":{"allow":["GET"]}}],"collection":[{"href":"https:\/\/mariachappuis.com\/blog\/wp-json\/wp\/v2\/posts"}],"about":[{"href":"https:\/\/mariachappuis.com\/blog\/wp-json\/wp\/v2\/types\/post"}],"author":[{"embeddable":true,"href":"https:\/\/mariachappuis.com\/blog\/wp-json\/wp\/v2\/users\/1"}],"replies":[{"embeddable":true,"href":"https:\/\/mariachappuis.com\/blog\/wp-json\/wp\/v2\/comments?post=951"}],"version-history":[{"count":5,"href":"https:\/\/mariachappuis.com\/blog\/wp-json\/wp\/v2\/posts\/951\/revisions"}],"predecessor-version":[{"id":2028,"href":"https:\/\/mariachappuis.com\/blog\/wp-json\/wp\/v2\/posts\/951\/revisions\/2028"}],"wp:attachment":[{"href":"https:\/\/mariachappuis.com\/blog\/wp-json\/wp\/v2\/media?parent=951"}],"wp:term":[{"taxonomy":"category","embeddable":true,"href":"https:\/\/mariachappuis.com\/blog\/wp-json\/wp\/v2\/categories?post=951"},{"taxonomy":"post_tag","embeddable":true,"href":"https:\/\/mariachappuis.com\/blog\/wp-json\/wp\/v2\/tags?post=951"}],"curies":[{"name":"wp","href":"https:\/\/api.w.org\/{rel}","templated":true}]}}