{"id":944,"date":"2014-03-19T15:12:31","date_gmt":"2014-03-19T15:12:31","guid":{"rendered":"http:\/\/www.mariachappuis.com\/blog\/?p=944"},"modified":"2018-06-07T07:34:06","modified_gmt":"2018-06-07T12:34:06","slug":"un-gobierno-de-gerentes","status":"publish","type":"post","link":"https:\/\/mariachappuis.com\/blog\/archivos\/944","title":{"rendered":"UN GOBIERNO DE GERENTES"},"content":{"rendered":"<p>Le\u00ed la semana pasada un comentario de Aldo Mari\u00e1tegui, que con asombro, escrib\u00eda que el partido UDI de Chile (de derecha), es el que tiene mayor n\u00famero de militantes. Es verdad, la Nueva Mayor\u00eda (que ahora gobierna), como la Concertaci\u00f3n, son un conglomerado de partidos con ideolog\u00edas que se pueden considerar desde el centro hasta la izquierda; pero que cada uno no supera a la UDI.<\/p>\n<p>Para los peruanos esto no es lo que nos deber\u00eda asombrar m\u00e1s de la pol\u00edtica chilena. El Presidente Pi\u00f1era, que pertenec\u00eda a otro partido de derecha (Renovaci\u00f3n Nacional), fue por muchos a\u00f1os senador. Luego decidi\u00f3 postular a la presidencia, y en la primera oportunidad que lo hizo perdi\u00f3. Cuando se present\u00f3 la segunda vez, decidi\u00f3 colocar todo su patrimonio (que seg\u00fan Forbes asciende a 2,400 millones de d\u00f3lares) en un fideicomiso ciego para frenar suspicacias y sacar a Chile del estancamiento.<br \/>\nLos chilenos cansados de veinte a\u00f1os de la Concertaci\u00f3n le dieron el respaldo hace cuatro a\u00f1os y los resultados econ\u00f3micos de su gesti\u00f3n fueron extraordinarios. Chile creci\u00f3 5.4%, muy superior al crecimiento obtenido por el primer per\u00edodo de Bachelet (3.3%), se crearon un mill\u00f3n de empleos y bajo la inflaci\u00f3n de 4.5% a 2.4%.<!--more--><\/p>\n<p>Pero tener un presidente millonario no es la \u00fanica diferencia con nuestra pol\u00edtica. La candidata presidencial Evelyn Matthei de la derecha, luego de perder en las \u00faltimas elecciones postul\u00f3 (y gan\u00f3) un puesto como profesora de matem\u00e1ticas de una escuela de ni\u00f1os de bajos recursos. Evelyn fue senadora y ministra de trabajo, hija del Jefe de la Fuerza A\u00e9rea, en tiempos de Pinochet.<br \/>\nEn las entrevistas a miembros de este gobierno que conclu\u00eda, manifestaron que su mayor satisfacci\u00f3n, adem\u00e1s de los logros econ\u00f3micos de su gesti\u00f3n, es que muchos j\u00f3venes decidieron trabajar en los diferentes organismos del Estado, como una manera de apoyar a su pa\u00eds.<\/p>\n<p>Se le llam\u00f3 peyorativamente que fue un gobierno de \u201cgerentes\u201d; porque muchos de sus funcionarios hab\u00edan ocupado importantes puestos en el sector privado. Podemos recordar al Ministro de Miner\u00eda Golborne, que ven\u00eda de ser gerente general de Cencosud (la actual propietaria de Wong) y tuvo una actuaci\u00f3n descollante en el rescate de los 33 mineros.<br \/>\nSi, quiz\u00e1s por haber sido un \u201cgobierno de gerentes\u201d es que pudieron remontar las cifras econ\u00f3micas en tan poco tiempo, a pesar de que un terremoto hab\u00eda causado da\u00f1os por 30,000 millones de d\u00f3lares a la infraestructura del pa\u00eds, dos semanas antes que asumieran el gobierno.<\/p>\n<p>La mayor cr\u00edtica que sufri\u00f3 este gobierno fueron los desmanes en las marchas por una educaci\u00f3n p\u00fablica gratuita propiciada por el partido comunista. Chile tiene un sistema similar al americano para la educaci\u00f3n superior donde todos pagan, existe un examen general de ingreso y cierto n\u00famero de becas. Pero les falta la cuarta \u201cpata\u201d que hace sostener el sistema: no tienen un sistema amplio y de medici\u00f3n constante del mejor indicador de la educaci\u00f3n superior: cuantos egresados est\u00e1n trabajando y cuanto est\u00e1n ganando.<\/p>\n<p>Esto hace que las universidades gasten verdaderas fortunas en marketing, que se dice supera ampliamente el monto destinado a becas.<\/p>\n","protected":false},"excerpt":{"rendered":"<p>Le\u00ed la semana pasada un comentario de Aldo Mari\u00e1tegui, que con asombro, escrib\u00eda que el partido UDI de Chile (de derecha), es el que tiene mayor n\u00famero de militantes. Es verdad, la Nueva Mayor\u00eda (que ahora gobierna), como la Concertaci\u00f3n, &hellip; <a href=\"https:\/\/mariachappuis.com\/blog\/archivos\/944\">Sigue leyendo <span class=\"meta-nav\">&rarr;<\/span><\/a><\/p>\n","protected":false},"author":1,"featured_media":0,"comment_status":"closed","ping_status":"closed","sticky":false,"template":"","format":"standard","meta":{"footnotes":""},"categories":[1],"tags":[],"class_list":["post-944","post","type-post","status-publish","format-standard","hentry","category-general"],"yoast_head":"<!-- This site is optimized with the Yoast SEO plugin v27.2 - https:\/\/yoast.com\/product\/yoast-seo-wordpress\/ -->\n<title>UN GOBIERNO DE GERENTES<\/title>\n<meta name=\"description\" content=\"Le\u00ed la semana pasada un comentario de Aldo Mari\u00e1tegui, que con asombro, escrib\u00eda que el partido UDI de Chile (de derecha), es el que tiene mayor n\u00famero de\" \/>\n<meta name=\"robots\" content=\"index, follow, max-snippet:-1, max-image-preview:large, max-video-preview:-1\" \/>\n<link rel=\"canonical\" href=\"https:\/\/mariachappuis.com\/blog\/archivos\/944\" \/>\n<meta property=\"og:locale\" content=\"es_ES\" \/>\n<meta property=\"og:type\" content=\"article\" \/>\n<meta property=\"og:title\" content=\"UN GOBIERNO DE GERENTES\" \/>\n<meta property=\"og:description\" content=\"Le\u00ed la semana pasada un comentario de Aldo Mari\u00e1tegui, que con asombro, escrib\u00eda que el partido UDI de Chile (de derecha), es el que tiene mayor n\u00famero de\" \/>\n<meta property=\"og:url\" content=\"https:\/\/mariachappuis.com\/blog\/archivos\/944\" \/>\n<meta property=\"og:site_name\" content=\"Maria Chappuis\" \/>\n<meta property=\"article:published_time\" content=\"2014-03-19T15:12:31+00:00\" \/>\n<meta property=\"article:modified_time\" content=\"2018-06-07T12:34:06+00:00\" \/>\n<meta property=\"og:image\" content=\"https:\/\/mariachappuis.com\/blog\/wp-content\/uploads\/2024\/01\/cropped-3333.jpg\" \/>\n\t<meta property=\"og:image:width\" content=\"512\" \/>\n\t<meta property=\"og:image:height\" content=\"512\" \/>\n\t<meta property=\"og:image:type\" content=\"image\/jpeg\" \/>\n<meta name=\"author\" content=\"Marita Chappuis\" \/>\n<meta name=\"twitter:card\" content=\"summary_large_image\" \/>\n<meta name=\"twitter:label1\" content=\"Escrito por\" \/>\n\t<meta name=\"twitter:data1\" content=\"Marita Chappuis\" \/>\n\t<meta name=\"twitter:label2\" content=\"Tiempo de lectura\" \/>\n\t<meta name=\"twitter:data2\" content=\"3 minutos\" \/>\n<script type=\"application\/ld+json\" class=\"yoast-schema-graph\">{\"@context\":\"https:\/\/schema.org\",\"@graph\":[{\"@type\":\"Article\",\"@id\":\"https:\/\/mariachappuis.com\/blog\/archivos\/944#article\",\"isPartOf\":{\"@id\":\"https:\/\/mariachappuis.com\/blog\/archivos\/944\"},\"author\":{\"name\":\"Marita Chappuis\",\"@id\":\"https:\/\/mariachappuis.com\/blog\/#\/schema\/person\/8de0bece2913b35ac8b590fc9ac6dda5\"},\"headline\":\"UN GOBIERNO DE GERENTES\",\"datePublished\":\"2014-03-19T15:12:31+00:00\",\"dateModified\":\"2018-06-07T12:34:06+00:00\",\"mainEntityOfPage\":{\"@id\":\"https:\/\/mariachappuis.com\/blog\/archivos\/944\"},\"wordCount\":561,\"publisher\":{\"@id\":\"https:\/\/mariachappuis.com\/blog\/#\/schema\/person\/8de0bece2913b35ac8b590fc9ac6dda5\"},\"articleSection\":[\"General\"],\"inLanguage\":\"es\"},{\"@type\":\"WebPage\",\"@id\":\"https:\/\/mariachappuis.com\/blog\/archivos\/944\",\"url\":\"https:\/\/mariachappuis.com\/blog\/archivos\/944\",\"name\":\"UN GOBIERNO DE GERENTES\",\"isPartOf\":{\"@id\":\"https:\/\/mariachappuis.com\/blog\/#website\"},\"datePublished\":\"2014-03-19T15:12:31+00:00\",\"dateModified\":\"2018-06-07T12:34:06+00:00\",\"description\":\"Le\u00ed la semana pasada un comentario de Aldo Mari\u00e1tegui, que con asombro, escrib\u00eda que el partido UDI de Chile (de derecha), es el que tiene mayor n\u00famero de\",\"breadcrumb\":{\"@id\":\"https:\/\/mariachappuis.com\/blog\/archivos\/944#breadcrumb\"},\"inLanguage\":\"es\",\"potentialAction\":[{\"@type\":\"ReadAction\",\"target\":[\"https:\/\/mariachappuis.com\/blog\/archivos\/944\"]}]},{\"@type\":\"BreadcrumbList\",\"@id\":\"https:\/\/mariachappuis.com\/blog\/archivos\/944#breadcrumb\",\"itemListElement\":[{\"@type\":\"ListItem\",\"position\":1,\"name\":\"Portada\",\"item\":\"https:\/\/mariachappuis.com\/blog\"},{\"@type\":\"ListItem\",\"position\":2,\"name\":\"UN GOBIERNO DE GERENTES\"}]},{\"@type\":\"WebSite\",\"@id\":\"https:\/\/mariachappuis.com\/blog\/#website\",\"url\":\"https:\/\/mariachappuis.com\/blog\/\",\"name\":\"Marita Chappuis\",\"description\":\"An\u00e1lisis y Comentarios\",\"publisher\":{\"@id\":\"https:\/\/mariachappuis.com\/blog\/#\/schema\/person\/8de0bece2913b35ac8b590fc9ac6dda5\"},\"alternateName\":\"Marita Chappuis\",\"potentialAction\":[{\"@type\":\"SearchAction\",\"target\":{\"@type\":\"EntryPoint\",\"urlTemplate\":\"https:\/\/mariachappuis.com\/blog\/?s={search_term_string}\"},\"query-input\":{\"@type\":\"PropertyValueSpecification\",\"valueRequired\":true,\"valueName\":\"search_term_string\"}}],\"inLanguage\":\"es\"},{\"@type\":[\"Person\",\"Organization\"],\"@id\":\"https:\/\/mariachappuis.com\/blog\/#\/schema\/person\/8de0bece2913b35ac8b590fc9ac6dda5\",\"name\":\"Marita Chappuis\",\"image\":{\"@type\":\"ImageObject\",\"inLanguage\":\"es\",\"@id\":\"https:\/\/mariachappuis.com\/blog\/wp-content\/uploads\/2024\/01\/cropped-3333.jpg\",\"url\":\"https:\/\/mariachappuis.com\/blog\/wp-content\/uploads\/2024\/01\/cropped-3333.jpg\",\"contentUrl\":\"https:\/\/mariachappuis.com\/blog\/wp-content\/uploads\/2024\/01\/cropped-3333.jpg\",\"width\":512,\"height\":512,\"caption\":\"Marita Chappuis\"},\"logo\":{\"@id\":\"https:\/\/mariachappuis.com\/blog\/wp-content\/uploads\/2024\/01\/cropped-3333.jpg\"}}]}<\/script>\n<!-- \/ Yoast SEO plugin. -->","yoast_head_json":{"title":"UN GOBIERNO DE GERENTES","description":"Le\u00ed la semana pasada un comentario de Aldo Mari\u00e1tegui, que con asombro, escrib\u00eda que el partido UDI de Chile (de derecha), es el que tiene mayor n\u00famero de","robots":{"index":"index","follow":"follow","max-snippet":"max-snippet:-1","max-image-preview":"max-image-preview:large","max-video-preview":"max-video-preview:-1"},"canonical":"https:\/\/mariachappuis.com\/blog\/archivos\/944","og_locale":"es_ES","og_type":"article","og_title":"UN GOBIERNO DE GERENTES","og_description":"Le\u00ed la semana pasada un comentario de Aldo Mari\u00e1tegui, que con asombro, escrib\u00eda que el partido UDI de Chile (de derecha), es el que tiene mayor n\u00famero de","og_url":"https:\/\/mariachappuis.com\/blog\/archivos\/944","og_site_name":"Maria Chappuis","article_published_time":"2014-03-19T15:12:31+00:00","article_modified_time":"2018-06-07T12:34:06+00:00","og_image":[{"width":512,"height":512,"url":"https:\/\/mariachappuis.com\/blog\/wp-content\/uploads\/2024\/01\/cropped-3333.jpg","type":"image\/jpeg"}],"author":"Marita Chappuis","twitter_card":"summary_large_image","twitter_misc":{"Escrito por":"Marita Chappuis","Tiempo de lectura":"3 minutos"},"schema":{"@context":"https:\/\/schema.org","@graph":[{"@type":"Article","@id":"https:\/\/mariachappuis.com\/blog\/archivos\/944#article","isPartOf":{"@id":"https:\/\/mariachappuis.com\/blog\/archivos\/944"},"author":{"name":"Marita Chappuis","@id":"https:\/\/mariachappuis.com\/blog\/#\/schema\/person\/8de0bece2913b35ac8b590fc9ac6dda5"},"headline":"UN GOBIERNO DE GERENTES","datePublished":"2014-03-19T15:12:31+00:00","dateModified":"2018-06-07T12:34:06+00:00","mainEntityOfPage":{"@id":"https:\/\/mariachappuis.com\/blog\/archivos\/944"},"wordCount":561,"publisher":{"@id":"https:\/\/mariachappuis.com\/blog\/#\/schema\/person\/8de0bece2913b35ac8b590fc9ac6dda5"},"articleSection":["General"],"inLanguage":"es"},{"@type":"WebPage","@id":"https:\/\/mariachappuis.com\/blog\/archivos\/944","url":"https:\/\/mariachappuis.com\/blog\/archivos\/944","name":"UN GOBIERNO DE GERENTES","isPartOf":{"@id":"https:\/\/mariachappuis.com\/blog\/#website"},"datePublished":"2014-03-19T15:12:31+00:00","dateModified":"2018-06-07T12:34:06+00:00","description":"Le\u00ed la semana pasada un comentario de Aldo Mari\u00e1tegui, que con asombro, escrib\u00eda que el partido UDI de Chile (de derecha), es el que tiene mayor n\u00famero de","breadcrumb":{"@id":"https:\/\/mariachappuis.com\/blog\/archivos\/944#breadcrumb"},"inLanguage":"es","potentialAction":[{"@type":"ReadAction","target":["https:\/\/mariachappuis.com\/blog\/archivos\/944"]}]},{"@type":"BreadcrumbList","@id":"https:\/\/mariachappuis.com\/blog\/archivos\/944#breadcrumb","itemListElement":[{"@type":"ListItem","position":1,"name":"Portada","item":"https:\/\/mariachappuis.com\/blog"},{"@type":"ListItem","position":2,"name":"UN GOBIERNO DE GERENTES"}]},{"@type":"WebSite","@id":"https:\/\/mariachappuis.com\/blog\/#website","url":"https:\/\/mariachappuis.com\/blog\/","name":"Marita Chappuis","description":"An\u00e1lisis y Comentarios","publisher":{"@id":"https:\/\/mariachappuis.com\/blog\/#\/schema\/person\/8de0bece2913b35ac8b590fc9ac6dda5"},"alternateName":"Marita Chappuis","potentialAction":[{"@type":"SearchAction","target":{"@type":"EntryPoint","urlTemplate":"https:\/\/mariachappuis.com\/blog\/?s={search_term_string}"},"query-input":{"@type":"PropertyValueSpecification","valueRequired":true,"valueName":"search_term_string"}}],"inLanguage":"es"},{"@type":["Person","Organization"],"@id":"https:\/\/mariachappuis.com\/blog\/#\/schema\/person\/8de0bece2913b35ac8b590fc9ac6dda5","name":"Marita Chappuis","image":{"@type":"ImageObject","inLanguage":"es","@id":"https:\/\/mariachappuis.com\/blog\/wp-content\/uploads\/2024\/01\/cropped-3333.jpg","url":"https:\/\/mariachappuis.com\/blog\/wp-content\/uploads\/2024\/01\/cropped-3333.jpg","contentUrl":"https:\/\/mariachappuis.com\/blog\/wp-content\/uploads\/2024\/01\/cropped-3333.jpg","width":512,"height":512,"caption":"Marita Chappuis"},"logo":{"@id":"https:\/\/mariachappuis.com\/blog\/wp-content\/uploads\/2024\/01\/cropped-3333.jpg"}}]}},"_links":{"self":[{"href":"https:\/\/mariachappuis.com\/blog\/wp-json\/wp\/v2\/posts\/944","targetHints":{"allow":["GET"]}}],"collection":[{"href":"https:\/\/mariachappuis.com\/blog\/wp-json\/wp\/v2\/posts"}],"about":[{"href":"https:\/\/mariachappuis.com\/blog\/wp-json\/wp\/v2\/types\/post"}],"author":[{"embeddable":true,"href":"https:\/\/mariachappuis.com\/blog\/wp-json\/wp\/v2\/users\/1"}],"replies":[{"embeddable":true,"href":"https:\/\/mariachappuis.com\/blog\/wp-json\/wp\/v2\/comments?post=944"}],"version-history":[{"count":3,"href":"https:\/\/mariachappuis.com\/blog\/wp-json\/wp\/v2\/posts\/944\/revisions"}],"predecessor-version":[{"id":2030,"href":"https:\/\/mariachappuis.com\/blog\/wp-json\/wp\/v2\/posts\/944\/revisions\/2030"}],"wp:attachment":[{"href":"https:\/\/mariachappuis.com\/blog\/wp-json\/wp\/v2\/media?parent=944"}],"wp:term":[{"taxonomy":"category","embeddable":true,"href":"https:\/\/mariachappuis.com\/blog\/wp-json\/wp\/v2\/categories?post=944"},{"taxonomy":"post_tag","embeddable":true,"href":"https:\/\/mariachappuis.com\/blog\/wp-json\/wp\/v2\/tags?post=944"}],"curies":[{"name":"wp","href":"https:\/\/api.w.org\/{rel}","templated":true}]}}