{"id":934,"date":"2014-03-03T23:38:56","date_gmt":"2014-03-03T23:38:56","guid":{"rendered":"http:\/\/www.mariachappuis.com\/blog\/?p=934"},"modified":"2018-06-07T07:34:06","modified_gmt":"2018-06-07T12:34:06","slug":"conga-polo-turistico","status":"publish","type":"post","link":"https:\/\/mariachappuis.com\/blog\/archivos\/934","title":{"rendered":"Conga: Polo tur\u00edstico?"},"content":{"rendered":"<p>El martes 25, la se\u00f1ora Martha Meier public\u00f3 en El Comercio unos comentarios sobre Conga que merecen aclararse.<\/p>\n<p>Seg\u00fan su parecer Conga ocupa una zona donde podr\u00edan desarrollarse proyectos tur\u00edsticos. Eso es un poco dif\u00edcil. Pues Conga, como la mayor\u00eda de minas en nuestro pa\u00eds est\u00e1 ubicada sobre los 4,200 metros de altitud y se precisa tener buenas condiciones f\u00edsicas para adaptarse a este ambiente. Es m\u00e1s, seg\u00fan un anexo de nuestro reglamento de seguridad y salud ocupacional en miner\u00eda, todos los trabajadores cuyo centro de trabajo se ubique a m\u00e1s de 2,500 metros deben pasar por una evaluaci\u00f3n m\u00e9dica para \u201cascenso a grandes altitudes\u201d. En campamentos mineros a gran altura, como Conga, es preciso contar con equipos de oxigenaci\u00f3n ambiental o individual, mejorar las concentraciones de ox\u00edgeno, la humidificaci\u00f3n, y mantener una temperatura entre 19 y 22 grados.<br \/>\n<!--more--><br \/>\nPregunta la sra Meier si las comunidades ricas en agua de buena calidad no deber\u00edan ser compensadas por perder el recurso y no poder aprovecharlo industrialmente. En el caso de manantiales de excelente calidad como los que existen en San Mateo (Lima) podr\u00eda tener en parte raz\u00f3n. Sin embargo recordemos que \u201clos recursos naturales pertenecen a la Naci\u00f3n\u201d seg\u00fan nuestra Constituci\u00f3n. Pero las lagunas de Conga, que iban a ser intervenidas s\u00f3lo pod\u00edan albergar hasta 1.4 millones de m3. La empresa se comprometi\u00f3 a construir reservorios que exced\u00edan esa capacidad, agua que podr\u00eda regularse para beneficio de los agricultores a lo largo del a\u00f1o. Pero el problema de los bofedales de Conga no estaba s\u00f3lo en la \u201ccantidad\u201d sino sobre todo en la \u201ccalidad\u201d de estas aguas. No pod\u00edan ser siquiera bebibles como supone la sra. Meier sino todo lo contrario: los an\u00e1lisis arrojaron una acidez bastante alta y con presencia de metales, por la misma geolog\u00eda de la zona.<\/p>\n<p>Finalmente la sra Meier resalta que Endesa cre\u00f3 el mayor lago artificial de Espa\u00f1a cuando cerr\u00f3 su mina a tajo abierto de As Pontes en Galicia, Espa\u00f1a. Minera Yanacocha hab\u00eda planeado hacer lo mismo en Conga. Desde hace diez a\u00f1os, est\u00e1 vigente la ley de cierre de minas que obliga a todas las empresas mineras a cerrar sus operaciones dejando la zona lo m\u00e1s parecida a lo que se encontr\u00f3. Para cumplir con esta obligaci\u00f3n al final de sus \u201cvidas\u201d las empresas depositan unas fianzas anualmente en la Direcci\u00f3n General de Miner\u00eda. Minera Yanacocha ha estimado que los costos de cierre de sus minas le demandar\u00e1 m\u00e1s de 400 millones de d\u00f3lares y ha entregado garant\u00edas por este monto al Estado.<\/p>\n<p>Por esta raz\u00f3n las empresas mineras responsables dise\u00f1an sus operaciones minimizando las perturbaciones al paisaje natural, pues saben que a mayor impacto mayor ser\u00e1 el costo del cierre.<br \/>\nPara desarrollar m\u00e1s turismo en la sierra, se tiene que construir m\u00e1s infraestructura para hacer m\u00e1s f\u00e1cil el traslado de los turistas. Esta infraestructura necesita de mucho capital y las inversiones en miner\u00eda sustentan esas inversiones. En el caso de Cajamarca la carretera de Chilete a Porc\u00f3n, fue asfaltada por Yanacocha con una inversi\u00f3n de 90 millones de d\u00f3lares. Esta carretera pasa por Kunturhuasi que es el mayor atractivo pre-inca de Cajamarca.<\/p>\n<p>No s\u00f3lo las mineras construyen carreteras. Muchas l\u00edneas de transmisi\u00f3n el\u00e9ctrica, como la de Trujillo a Cajamarca fueron construidas por la garant\u00eda de consumo que ofrecieron las mineras.<\/p>\n<p>En el \u00faltimo informe sobre Cajamarca, publicado en la revista PODER, Ricardo Uceda se sorprende que a pesas de una declinaci\u00f3n de la actividad minera, se nota un movimiento econ\u00f3mico en Cajamarca. Esta infraestructura que se construy\u00f3 (electrificaci\u00f3n m\u00e1s carreteras) sumados al n\u00famero de vuelos que se multiplicaron de uno a la semana a 40 actualmente, han mitigado los efectos calamitosos por el retraimiento de las mineras.<\/p>\n","protected":false},"excerpt":{"rendered":"<p>El martes 25, la se\u00f1ora Martha Meier public\u00f3 en El Comercio unos comentarios sobre Conga que merecen aclararse. Seg\u00fan su parecer Conga ocupa una zona donde podr\u00edan desarrollarse proyectos tur\u00edsticos. Eso es un poco dif\u00edcil. Pues Conga, como la mayor\u00eda &hellip; <a href=\"https:\/\/mariachappuis.com\/blog\/archivos\/934\">Sigue leyendo <span class=\"meta-nav\">&rarr;<\/span><\/a><\/p>\n","protected":false},"author":1,"featured_media":0,"comment_status":"closed","ping_status":"closed","sticky":false,"template":"","format":"standard","meta":{"footnotes":""},"categories":[1],"tags":[],"class_list":["post-934","post","type-post","status-publish","format-standard","hentry","category-general"],"yoast_head":"<!-- This site is optimized with the Yoast SEO plugin v27.2 - https:\/\/yoast.com\/product\/yoast-seo-wordpress\/ -->\n<title>Conga: Polo tur\u00edstico?<\/title>\n<meta name=\"description\" content=\"El martes 25, la se\u00f1ora Martha Meier public\u00f3 en El Comercio unos comentarios sobre Conga que merecen aclararse. Seg\u00fan su parecer Conga ocupa una zona\" \/>\n<meta name=\"robots\" content=\"index, follow, max-snippet:-1, max-image-preview:large, max-video-preview:-1\" \/>\n<link rel=\"canonical\" href=\"https:\/\/mariachappuis.com\/blog\/archivos\/934\" \/>\n<meta property=\"og:locale\" content=\"es_ES\" \/>\n<meta property=\"og:type\" content=\"article\" \/>\n<meta property=\"og:title\" content=\"Conga: Polo tur\u00edstico?\" \/>\n<meta property=\"og:description\" content=\"El martes 25, la se\u00f1ora Martha Meier public\u00f3 en El Comercio unos comentarios sobre Conga que merecen aclararse. Seg\u00fan su parecer Conga ocupa una zona\" \/>\n<meta property=\"og:url\" content=\"https:\/\/mariachappuis.com\/blog\/archivos\/934\" \/>\n<meta property=\"og:site_name\" content=\"Maria Chappuis\" \/>\n<meta property=\"article:published_time\" content=\"2014-03-03T23:38:56+00:00\" \/>\n<meta property=\"article:modified_time\" content=\"2018-06-07T12:34:06+00:00\" \/>\n<meta property=\"og:image\" content=\"https:\/\/mariachappuis.com\/blog\/wp-content\/uploads\/2024\/01\/cropped-3333.jpg\" \/>\n\t<meta property=\"og:image:width\" content=\"512\" \/>\n\t<meta property=\"og:image:height\" content=\"512\" \/>\n\t<meta property=\"og:image:type\" content=\"image\/jpeg\" \/>\n<meta name=\"author\" content=\"Marita Chappuis\" \/>\n<meta name=\"twitter:card\" content=\"summary_large_image\" \/>\n<meta name=\"twitter:label1\" content=\"Escrito por\" \/>\n\t<meta name=\"twitter:data1\" content=\"Marita Chappuis\" \/>\n\t<meta name=\"twitter:label2\" content=\"Tiempo de lectura\" \/>\n\t<meta name=\"twitter:data2\" content=\"3 minutos\" \/>\n<script type=\"application\/ld+json\" class=\"yoast-schema-graph\">{\"@context\":\"https:\/\/schema.org\",\"@graph\":[{\"@type\":\"Article\",\"@id\":\"https:\/\/mariachappuis.com\/blog\/archivos\/934#article\",\"isPartOf\":{\"@id\":\"https:\/\/mariachappuis.com\/blog\/archivos\/934\"},\"author\":{\"name\":\"Marita Chappuis\",\"@id\":\"https:\/\/mariachappuis.com\/blog\/#\/schema\/person\/8de0bece2913b35ac8b590fc9ac6dda5\"},\"headline\":\"Conga: Polo tur\u00edstico?\",\"datePublished\":\"2014-03-03T23:38:56+00:00\",\"dateModified\":\"2018-06-07T12:34:06+00:00\",\"mainEntityOfPage\":{\"@id\":\"https:\/\/mariachappuis.com\/blog\/archivos\/934\"},\"wordCount\":673,\"publisher\":{\"@id\":\"https:\/\/mariachappuis.com\/blog\/#\/schema\/person\/8de0bece2913b35ac8b590fc9ac6dda5\"},\"articleSection\":[\"General\"],\"inLanguage\":\"es\"},{\"@type\":\"WebPage\",\"@id\":\"https:\/\/mariachappuis.com\/blog\/archivos\/934\",\"url\":\"https:\/\/mariachappuis.com\/blog\/archivos\/934\",\"name\":\"Conga: Polo tur\u00edstico?\",\"isPartOf\":{\"@id\":\"https:\/\/mariachappuis.com\/blog\/#website\"},\"datePublished\":\"2014-03-03T23:38:56+00:00\",\"dateModified\":\"2018-06-07T12:34:06+00:00\",\"description\":\"El martes 25, la se\u00f1ora Martha Meier public\u00f3 en El Comercio unos comentarios sobre Conga que merecen aclararse. Seg\u00fan su parecer Conga ocupa una zona\",\"breadcrumb\":{\"@id\":\"https:\/\/mariachappuis.com\/blog\/archivos\/934#breadcrumb\"},\"inLanguage\":\"es\",\"potentialAction\":[{\"@type\":\"ReadAction\",\"target\":[\"https:\/\/mariachappuis.com\/blog\/archivos\/934\"]}]},{\"@type\":\"BreadcrumbList\",\"@id\":\"https:\/\/mariachappuis.com\/blog\/archivos\/934#breadcrumb\",\"itemListElement\":[{\"@type\":\"ListItem\",\"position\":1,\"name\":\"Portada\",\"item\":\"https:\/\/mariachappuis.com\/blog\"},{\"@type\":\"ListItem\",\"position\":2,\"name\":\"Conga: Polo tur\u00edstico?\"}]},{\"@type\":\"WebSite\",\"@id\":\"https:\/\/mariachappuis.com\/blog\/#website\",\"url\":\"https:\/\/mariachappuis.com\/blog\/\",\"name\":\"Marita Chappuis\",\"description\":\"An\u00e1lisis y Comentarios\",\"publisher\":{\"@id\":\"https:\/\/mariachappuis.com\/blog\/#\/schema\/person\/8de0bece2913b35ac8b590fc9ac6dda5\"},\"alternateName\":\"Marita Chappuis\",\"potentialAction\":[{\"@type\":\"SearchAction\",\"target\":{\"@type\":\"EntryPoint\",\"urlTemplate\":\"https:\/\/mariachappuis.com\/blog\/?s={search_term_string}\"},\"query-input\":{\"@type\":\"PropertyValueSpecification\",\"valueRequired\":true,\"valueName\":\"search_term_string\"}}],\"inLanguage\":\"es\"},{\"@type\":[\"Person\",\"Organization\"],\"@id\":\"https:\/\/mariachappuis.com\/blog\/#\/schema\/person\/8de0bece2913b35ac8b590fc9ac6dda5\",\"name\":\"Marita Chappuis\",\"image\":{\"@type\":\"ImageObject\",\"inLanguage\":\"es\",\"@id\":\"https:\/\/mariachappuis.com\/blog\/wp-content\/uploads\/2024\/01\/cropped-3333.jpg\",\"url\":\"https:\/\/mariachappuis.com\/blog\/wp-content\/uploads\/2024\/01\/cropped-3333.jpg\",\"contentUrl\":\"https:\/\/mariachappuis.com\/blog\/wp-content\/uploads\/2024\/01\/cropped-3333.jpg\",\"width\":512,\"height\":512,\"caption\":\"Marita Chappuis\"},\"logo\":{\"@id\":\"https:\/\/mariachappuis.com\/blog\/wp-content\/uploads\/2024\/01\/cropped-3333.jpg\"}}]}<\/script>\n<!-- \/ Yoast SEO plugin. -->","yoast_head_json":{"title":"Conga: Polo tur\u00edstico?","description":"El martes 25, la se\u00f1ora Martha Meier public\u00f3 en El Comercio unos comentarios sobre Conga que merecen aclararse. Seg\u00fan su parecer Conga ocupa una zona","robots":{"index":"index","follow":"follow","max-snippet":"max-snippet:-1","max-image-preview":"max-image-preview:large","max-video-preview":"max-video-preview:-1"},"canonical":"https:\/\/mariachappuis.com\/blog\/archivos\/934","og_locale":"es_ES","og_type":"article","og_title":"Conga: Polo tur\u00edstico?","og_description":"El martes 25, la se\u00f1ora Martha Meier public\u00f3 en El Comercio unos comentarios sobre Conga que merecen aclararse. Seg\u00fan su parecer Conga ocupa una zona","og_url":"https:\/\/mariachappuis.com\/blog\/archivos\/934","og_site_name":"Maria Chappuis","article_published_time":"2014-03-03T23:38:56+00:00","article_modified_time":"2018-06-07T12:34:06+00:00","og_image":[{"width":512,"height":512,"url":"https:\/\/mariachappuis.com\/blog\/wp-content\/uploads\/2024\/01\/cropped-3333.jpg","type":"image\/jpeg"}],"author":"Marita Chappuis","twitter_card":"summary_large_image","twitter_misc":{"Escrito por":"Marita Chappuis","Tiempo de lectura":"3 minutos"},"schema":{"@context":"https:\/\/schema.org","@graph":[{"@type":"Article","@id":"https:\/\/mariachappuis.com\/blog\/archivos\/934#article","isPartOf":{"@id":"https:\/\/mariachappuis.com\/blog\/archivos\/934"},"author":{"name":"Marita Chappuis","@id":"https:\/\/mariachappuis.com\/blog\/#\/schema\/person\/8de0bece2913b35ac8b590fc9ac6dda5"},"headline":"Conga: Polo tur\u00edstico?","datePublished":"2014-03-03T23:38:56+00:00","dateModified":"2018-06-07T12:34:06+00:00","mainEntityOfPage":{"@id":"https:\/\/mariachappuis.com\/blog\/archivos\/934"},"wordCount":673,"publisher":{"@id":"https:\/\/mariachappuis.com\/blog\/#\/schema\/person\/8de0bece2913b35ac8b590fc9ac6dda5"},"articleSection":["General"],"inLanguage":"es"},{"@type":"WebPage","@id":"https:\/\/mariachappuis.com\/blog\/archivos\/934","url":"https:\/\/mariachappuis.com\/blog\/archivos\/934","name":"Conga: Polo tur\u00edstico?","isPartOf":{"@id":"https:\/\/mariachappuis.com\/blog\/#website"},"datePublished":"2014-03-03T23:38:56+00:00","dateModified":"2018-06-07T12:34:06+00:00","description":"El martes 25, la se\u00f1ora Martha Meier public\u00f3 en El Comercio unos comentarios sobre Conga que merecen aclararse. Seg\u00fan su parecer Conga ocupa una zona","breadcrumb":{"@id":"https:\/\/mariachappuis.com\/blog\/archivos\/934#breadcrumb"},"inLanguage":"es","potentialAction":[{"@type":"ReadAction","target":["https:\/\/mariachappuis.com\/blog\/archivos\/934"]}]},{"@type":"BreadcrumbList","@id":"https:\/\/mariachappuis.com\/blog\/archivos\/934#breadcrumb","itemListElement":[{"@type":"ListItem","position":1,"name":"Portada","item":"https:\/\/mariachappuis.com\/blog"},{"@type":"ListItem","position":2,"name":"Conga: Polo tur\u00edstico?"}]},{"@type":"WebSite","@id":"https:\/\/mariachappuis.com\/blog\/#website","url":"https:\/\/mariachappuis.com\/blog\/","name":"Marita Chappuis","description":"An\u00e1lisis y Comentarios","publisher":{"@id":"https:\/\/mariachappuis.com\/blog\/#\/schema\/person\/8de0bece2913b35ac8b590fc9ac6dda5"},"alternateName":"Marita Chappuis","potentialAction":[{"@type":"SearchAction","target":{"@type":"EntryPoint","urlTemplate":"https:\/\/mariachappuis.com\/blog\/?s={search_term_string}"},"query-input":{"@type":"PropertyValueSpecification","valueRequired":true,"valueName":"search_term_string"}}],"inLanguage":"es"},{"@type":["Person","Organization"],"@id":"https:\/\/mariachappuis.com\/blog\/#\/schema\/person\/8de0bece2913b35ac8b590fc9ac6dda5","name":"Marita Chappuis","image":{"@type":"ImageObject","inLanguage":"es","@id":"https:\/\/mariachappuis.com\/blog\/wp-content\/uploads\/2024\/01\/cropped-3333.jpg","url":"https:\/\/mariachappuis.com\/blog\/wp-content\/uploads\/2024\/01\/cropped-3333.jpg","contentUrl":"https:\/\/mariachappuis.com\/blog\/wp-content\/uploads\/2024\/01\/cropped-3333.jpg","width":512,"height":512,"caption":"Marita Chappuis"},"logo":{"@id":"https:\/\/mariachappuis.com\/blog\/wp-content\/uploads\/2024\/01\/cropped-3333.jpg"}}]}},"_links":{"self":[{"href":"https:\/\/mariachappuis.com\/blog\/wp-json\/wp\/v2\/posts\/934","targetHints":{"allow":["GET"]}}],"collection":[{"href":"https:\/\/mariachappuis.com\/blog\/wp-json\/wp\/v2\/posts"}],"about":[{"href":"https:\/\/mariachappuis.com\/blog\/wp-json\/wp\/v2\/types\/post"}],"author":[{"embeddable":true,"href":"https:\/\/mariachappuis.com\/blog\/wp-json\/wp\/v2\/users\/1"}],"replies":[{"embeddable":true,"href":"https:\/\/mariachappuis.com\/blog\/wp-json\/wp\/v2\/comments?post=934"}],"version-history":[{"count":4,"href":"https:\/\/mariachappuis.com\/blog\/wp-json\/wp\/v2\/posts\/934\/revisions"}],"predecessor-version":[{"id":1993,"href":"https:\/\/mariachappuis.com\/blog\/wp-json\/wp\/v2\/posts\/934\/revisions\/1993"}],"wp:attachment":[{"href":"https:\/\/mariachappuis.com\/blog\/wp-json\/wp\/v2\/media?parent=934"}],"wp:term":[{"taxonomy":"category","embeddable":true,"href":"https:\/\/mariachappuis.com\/blog\/wp-json\/wp\/v2\/categories?post=934"},{"taxonomy":"post_tag","embeddable":true,"href":"https:\/\/mariachappuis.com\/blog\/wp-json\/wp\/v2\/tags?post=934"}],"curies":[{"name":"wp","href":"https:\/\/api.w.org\/{rel}","templated":true}]}}