{"id":932,"date":"2014-03-03T23:37:41","date_gmt":"2014-03-03T23:37:41","guid":{"rendered":"http:\/\/www.mariachappuis.com\/blog\/?p=932"},"modified":"2018-06-07T07:34:06","modified_gmt":"2018-06-07T12:34:06","slug":"comentarios-de-la-vicepresidenta","status":"publish","type":"post","link":"https:\/\/mariachappuis.com\/blog\/archivos\/932","title":{"rendered":"Comentarios de la Vicepresidenta"},"content":{"rendered":"<p>La vicepresidenta de la Rep\u00fablica ha declarado en Canad\u00e1 que las comunidades a\u00fan est\u00e1n peleando por sus demandas, y tienen reservas sobre el proyecto Conga. Seg\u00fan la noticia, las comunidades temen todav\u00eda que \u201cla mina contamine el agua\u201d.<\/p>\n<p>Vamos por partes. \u00bfLas comunidades todav\u00eda temen en verdad que la mina contamine? Yanacocha inici\u00f3 operaciones el 01 de Julio de 1993, hace casi 21 a\u00f1os. En todo este tiempo, las ONGs tan activas en Cajamarca, y muy bien financiadas \u00bfhan presentado pruebas contundentes sobre contaminaci\u00f3n o da\u00f1o a la salud? Nunca.<!--more--><\/p>\n<p>En el a\u00f1o 1999 me toc\u00f3 acompa\u00f1ar a un experto alem\u00e1n en contaminaci\u00f3n de agua a recorrer las zonas aleda\u00f1as a la mina Yanacocha. Su viaje se debi\u00f3 a un pedido de la Municipalidad de Cajamarca a la KfW. En el recorrido fuimos encontrando peque\u00f1as pozas de concreto construidas por la minera, para que las comunidades pudieran potabilizar el agua que recog\u00edan de los manantiales. Este experto fue explicando a los pastores que \u00edbamos encontrando, que no s\u00f3lo en donde se ubicaba las instalaciones de la minera, se podr\u00eda encontrar mineralizaci\u00f3n sino \u00e9sta se extend\u00eda por todos los alrededores. Los manantiales acarreaban muchos metales en contenido muy bajo seg\u00fan \u00e9l. Adem\u00e1s les explicaba que el pastoreo perjudicaba m\u00e1s sus fuentes de agua, por lo que deb\u00edan cuidar muy bien en potabilizar el agua antes de beberla.<\/p>\n<p>A\u00f1os m\u00e1s tarde particip\u00e9 en las mesas de di\u00e1logo organizadas por la CAO para mediar entre la minera y las comunidades. Un testimonio que me impact\u00f3 fue el de una agricultora, madre soltera, que caminaba varias horas para asistir a las reuniones, cargando en la espalda a una hija peque\u00f1a. Ella nos manifest\u00f3 a que su inter\u00e9s radicaba en saber si en verdad hab\u00eda contaminaci\u00f3n, porque sembraba zanahorias y el intermediario que se las compraba aduc\u00eda que como ven\u00eda de \u201ctierra contaminada\u201d ten\u00eda que castigar el precio.<\/p>\n<p>Los expertos sociales me dir\u00e1n que es un tema de \u201cpercepciones\u201d, de \u201ccultura\u201d\u2026mi respuesta es que la rigurosidad cient\u00edfica debe entrar en la discusi\u00f3n, aun cuando no se entienda f\u00e1cilmente los procesos qu\u00edmicos que hacen que el agua de los manantiales y los bofedales tienen a veces un color amarillento. Los pueblos que se han desarrollado incluyeron la difusi\u00f3n del conocimiento como primer paso.<\/p>\n","protected":false},"excerpt":{"rendered":"<p>La vicepresidenta de la Rep\u00fablica ha declarado en Canad\u00e1 que las comunidades a\u00fan est\u00e1n peleando por sus demandas, y tienen reservas sobre el proyecto Conga. Seg\u00fan la noticia, las comunidades temen todav\u00eda que \u201cla mina contamine el agua\u201d. Vamos por &hellip; <a href=\"https:\/\/mariachappuis.com\/blog\/archivos\/932\">Sigue leyendo <span class=\"meta-nav\">&rarr;<\/span><\/a><\/p>\n","protected":false},"author":1,"featured_media":0,"comment_status":"closed","ping_status":"closed","sticky":false,"template":"","format":"standard","meta":{"footnotes":""},"categories":[1],"tags":[],"class_list":["post-932","post","type-post","status-publish","format-standard","hentry","category-general"],"yoast_head":"<!-- This site is optimized with the Yoast SEO plugin v27.2 - https:\/\/yoast.com\/product\/yoast-seo-wordpress\/ -->\n<title>Comentarios de la Vicepresidenta<\/title>\n<meta name=\"description\" content=\"La vicepresidenta de la Rep\u00fablica ha declarado en Canad\u00e1 que las comunidades a\u00fan est\u00e1n peleando por sus demandas, y tienen reservas sobre el proyecto\" \/>\n<meta name=\"robots\" content=\"index, follow, max-snippet:-1, max-image-preview:large, max-video-preview:-1\" \/>\n<link rel=\"canonical\" href=\"https:\/\/mariachappuis.com\/blog\/archivos\/932\" \/>\n<meta property=\"og:locale\" content=\"es_ES\" \/>\n<meta property=\"og:type\" content=\"article\" \/>\n<meta property=\"og:title\" content=\"Comentarios de la Vicepresidenta\" \/>\n<meta property=\"og:description\" content=\"La vicepresidenta de la Rep\u00fablica ha declarado en Canad\u00e1 que las comunidades a\u00fan est\u00e1n peleando por sus demandas, y tienen reservas sobre el proyecto\" \/>\n<meta property=\"og:url\" content=\"https:\/\/mariachappuis.com\/blog\/archivos\/932\" \/>\n<meta property=\"og:site_name\" content=\"Maria Chappuis\" \/>\n<meta property=\"article:published_time\" content=\"2014-03-03T23:37:41+00:00\" \/>\n<meta property=\"article:modified_time\" content=\"2018-06-07T12:34:06+00:00\" \/>\n<meta property=\"og:image\" content=\"https:\/\/mariachappuis.com\/blog\/wp-content\/uploads\/2024\/01\/cropped-3333.jpg\" \/>\n\t<meta property=\"og:image:width\" content=\"512\" \/>\n\t<meta property=\"og:image:height\" content=\"512\" \/>\n\t<meta property=\"og:image:type\" content=\"image\/jpeg\" \/>\n<meta name=\"author\" content=\"Marita Chappuis\" \/>\n<meta name=\"twitter:card\" content=\"summary_large_image\" \/>\n<meta name=\"twitter:label1\" content=\"Escrito por\" \/>\n\t<meta name=\"twitter:data1\" content=\"Marita Chappuis\" \/>\n\t<meta name=\"twitter:label2\" content=\"Tiempo de lectura\" \/>\n\t<meta name=\"twitter:data2\" content=\"2 minutos\" \/>\n<script type=\"application\/ld+json\" class=\"yoast-schema-graph\">{\"@context\":\"https:\/\/schema.org\",\"@graph\":[{\"@type\":\"Article\",\"@id\":\"https:\/\/mariachappuis.com\/blog\/archivos\/932#article\",\"isPartOf\":{\"@id\":\"https:\/\/mariachappuis.com\/blog\/archivos\/932\"},\"author\":{\"name\":\"Marita Chappuis\",\"@id\":\"https:\/\/mariachappuis.com\/blog\/#\/schema\/person\/8de0bece2913b35ac8b590fc9ac6dda5\"},\"headline\":\"Comentarios de la Vicepresidenta\",\"datePublished\":\"2014-03-03T23:37:41+00:00\",\"dateModified\":\"2018-06-07T12:34:06+00:00\",\"mainEntityOfPage\":{\"@id\":\"https:\/\/mariachappuis.com\/blog\/archivos\/932\"},\"wordCount\":418,\"publisher\":{\"@id\":\"https:\/\/mariachappuis.com\/blog\/#\/schema\/person\/8de0bece2913b35ac8b590fc9ac6dda5\"},\"articleSection\":[\"General\"],\"inLanguage\":\"es\"},{\"@type\":\"WebPage\",\"@id\":\"https:\/\/mariachappuis.com\/blog\/archivos\/932\",\"url\":\"https:\/\/mariachappuis.com\/blog\/archivos\/932\",\"name\":\"Comentarios de la Vicepresidenta\",\"isPartOf\":{\"@id\":\"https:\/\/mariachappuis.com\/blog\/#website\"},\"datePublished\":\"2014-03-03T23:37:41+00:00\",\"dateModified\":\"2018-06-07T12:34:06+00:00\",\"description\":\"La vicepresidenta de la Rep\u00fablica ha declarado en Canad\u00e1 que las comunidades a\u00fan est\u00e1n peleando por sus demandas, y tienen reservas sobre el proyecto\",\"breadcrumb\":{\"@id\":\"https:\/\/mariachappuis.com\/blog\/archivos\/932#breadcrumb\"},\"inLanguage\":\"es\",\"potentialAction\":[{\"@type\":\"ReadAction\",\"target\":[\"https:\/\/mariachappuis.com\/blog\/archivos\/932\"]}]},{\"@type\":\"BreadcrumbList\",\"@id\":\"https:\/\/mariachappuis.com\/blog\/archivos\/932#breadcrumb\",\"itemListElement\":[{\"@type\":\"ListItem\",\"position\":1,\"name\":\"Portada\",\"item\":\"https:\/\/mariachappuis.com\/blog\"},{\"@type\":\"ListItem\",\"position\":2,\"name\":\"Comentarios de la Vicepresidenta\"}]},{\"@type\":\"WebSite\",\"@id\":\"https:\/\/mariachappuis.com\/blog\/#website\",\"url\":\"https:\/\/mariachappuis.com\/blog\/\",\"name\":\"Marita Chappuis\",\"description\":\"An\u00e1lisis y Comentarios\",\"publisher\":{\"@id\":\"https:\/\/mariachappuis.com\/blog\/#\/schema\/person\/8de0bece2913b35ac8b590fc9ac6dda5\"},\"alternateName\":\"Marita Chappuis\",\"potentialAction\":[{\"@type\":\"SearchAction\",\"target\":{\"@type\":\"EntryPoint\",\"urlTemplate\":\"https:\/\/mariachappuis.com\/blog\/?s={search_term_string}\"},\"query-input\":{\"@type\":\"PropertyValueSpecification\",\"valueRequired\":true,\"valueName\":\"search_term_string\"}}],\"inLanguage\":\"es\"},{\"@type\":[\"Person\",\"Organization\"],\"@id\":\"https:\/\/mariachappuis.com\/blog\/#\/schema\/person\/8de0bece2913b35ac8b590fc9ac6dda5\",\"name\":\"Marita Chappuis\",\"image\":{\"@type\":\"ImageObject\",\"inLanguage\":\"es\",\"@id\":\"https:\/\/mariachappuis.com\/blog\/wp-content\/uploads\/2024\/01\/cropped-3333.jpg\",\"url\":\"https:\/\/mariachappuis.com\/blog\/wp-content\/uploads\/2024\/01\/cropped-3333.jpg\",\"contentUrl\":\"https:\/\/mariachappuis.com\/blog\/wp-content\/uploads\/2024\/01\/cropped-3333.jpg\",\"width\":512,\"height\":512,\"caption\":\"Marita Chappuis\"},\"logo\":{\"@id\":\"https:\/\/mariachappuis.com\/blog\/wp-content\/uploads\/2024\/01\/cropped-3333.jpg\"}}]}<\/script>\n<!-- \/ Yoast SEO plugin. -->","yoast_head_json":{"title":"Comentarios de la Vicepresidenta","description":"La vicepresidenta de la Rep\u00fablica ha declarado en Canad\u00e1 que las comunidades a\u00fan est\u00e1n peleando por sus demandas, y tienen reservas sobre el proyecto","robots":{"index":"index","follow":"follow","max-snippet":"max-snippet:-1","max-image-preview":"max-image-preview:large","max-video-preview":"max-video-preview:-1"},"canonical":"https:\/\/mariachappuis.com\/blog\/archivos\/932","og_locale":"es_ES","og_type":"article","og_title":"Comentarios de la Vicepresidenta","og_description":"La vicepresidenta de la Rep\u00fablica ha declarado en Canad\u00e1 que las comunidades a\u00fan est\u00e1n peleando por sus demandas, y tienen reservas sobre el proyecto","og_url":"https:\/\/mariachappuis.com\/blog\/archivos\/932","og_site_name":"Maria Chappuis","article_published_time":"2014-03-03T23:37:41+00:00","article_modified_time":"2018-06-07T12:34:06+00:00","og_image":[{"width":512,"height":512,"url":"https:\/\/mariachappuis.com\/blog\/wp-content\/uploads\/2024\/01\/cropped-3333.jpg","type":"image\/jpeg"}],"author":"Marita Chappuis","twitter_card":"summary_large_image","twitter_misc":{"Escrito por":"Marita Chappuis","Tiempo de lectura":"2 minutos"},"schema":{"@context":"https:\/\/schema.org","@graph":[{"@type":"Article","@id":"https:\/\/mariachappuis.com\/blog\/archivos\/932#article","isPartOf":{"@id":"https:\/\/mariachappuis.com\/blog\/archivos\/932"},"author":{"name":"Marita Chappuis","@id":"https:\/\/mariachappuis.com\/blog\/#\/schema\/person\/8de0bece2913b35ac8b590fc9ac6dda5"},"headline":"Comentarios de la Vicepresidenta","datePublished":"2014-03-03T23:37:41+00:00","dateModified":"2018-06-07T12:34:06+00:00","mainEntityOfPage":{"@id":"https:\/\/mariachappuis.com\/blog\/archivos\/932"},"wordCount":418,"publisher":{"@id":"https:\/\/mariachappuis.com\/blog\/#\/schema\/person\/8de0bece2913b35ac8b590fc9ac6dda5"},"articleSection":["General"],"inLanguage":"es"},{"@type":"WebPage","@id":"https:\/\/mariachappuis.com\/blog\/archivos\/932","url":"https:\/\/mariachappuis.com\/blog\/archivos\/932","name":"Comentarios de la Vicepresidenta","isPartOf":{"@id":"https:\/\/mariachappuis.com\/blog\/#website"},"datePublished":"2014-03-03T23:37:41+00:00","dateModified":"2018-06-07T12:34:06+00:00","description":"La vicepresidenta de la Rep\u00fablica ha declarado en Canad\u00e1 que las comunidades a\u00fan est\u00e1n peleando por sus demandas, y tienen reservas sobre el proyecto","breadcrumb":{"@id":"https:\/\/mariachappuis.com\/blog\/archivos\/932#breadcrumb"},"inLanguage":"es","potentialAction":[{"@type":"ReadAction","target":["https:\/\/mariachappuis.com\/blog\/archivos\/932"]}]},{"@type":"BreadcrumbList","@id":"https:\/\/mariachappuis.com\/blog\/archivos\/932#breadcrumb","itemListElement":[{"@type":"ListItem","position":1,"name":"Portada","item":"https:\/\/mariachappuis.com\/blog"},{"@type":"ListItem","position":2,"name":"Comentarios de la Vicepresidenta"}]},{"@type":"WebSite","@id":"https:\/\/mariachappuis.com\/blog\/#website","url":"https:\/\/mariachappuis.com\/blog\/","name":"Marita Chappuis","description":"An\u00e1lisis y Comentarios","publisher":{"@id":"https:\/\/mariachappuis.com\/blog\/#\/schema\/person\/8de0bece2913b35ac8b590fc9ac6dda5"},"alternateName":"Marita Chappuis","potentialAction":[{"@type":"SearchAction","target":{"@type":"EntryPoint","urlTemplate":"https:\/\/mariachappuis.com\/blog\/?s={search_term_string}"},"query-input":{"@type":"PropertyValueSpecification","valueRequired":true,"valueName":"search_term_string"}}],"inLanguage":"es"},{"@type":["Person","Organization"],"@id":"https:\/\/mariachappuis.com\/blog\/#\/schema\/person\/8de0bece2913b35ac8b590fc9ac6dda5","name":"Marita Chappuis","image":{"@type":"ImageObject","inLanguage":"es","@id":"https:\/\/mariachappuis.com\/blog\/wp-content\/uploads\/2024\/01\/cropped-3333.jpg","url":"https:\/\/mariachappuis.com\/blog\/wp-content\/uploads\/2024\/01\/cropped-3333.jpg","contentUrl":"https:\/\/mariachappuis.com\/blog\/wp-content\/uploads\/2024\/01\/cropped-3333.jpg","width":512,"height":512,"caption":"Marita Chappuis"},"logo":{"@id":"https:\/\/mariachappuis.com\/blog\/wp-content\/uploads\/2024\/01\/cropped-3333.jpg"}}]}},"_links":{"self":[{"href":"https:\/\/mariachappuis.com\/blog\/wp-json\/wp\/v2\/posts\/932","targetHints":{"allow":["GET"]}}],"collection":[{"href":"https:\/\/mariachappuis.com\/blog\/wp-json\/wp\/v2\/posts"}],"about":[{"href":"https:\/\/mariachappuis.com\/blog\/wp-json\/wp\/v2\/types\/post"}],"author":[{"embeddable":true,"href":"https:\/\/mariachappuis.com\/blog\/wp-json\/wp\/v2\/users\/1"}],"replies":[{"embeddable":true,"href":"https:\/\/mariachappuis.com\/blog\/wp-json\/wp\/v2\/comments?post=932"}],"version-history":[{"count":4,"href":"https:\/\/mariachappuis.com\/blog\/wp-json\/wp\/v2\/posts\/932\/revisions"}],"predecessor-version":[{"id":1994,"href":"https:\/\/mariachappuis.com\/blog\/wp-json\/wp\/v2\/posts\/932\/revisions\/1994"}],"wp:attachment":[{"href":"https:\/\/mariachappuis.com\/blog\/wp-json\/wp\/v2\/media?parent=932"}],"wp:term":[{"taxonomy":"category","embeddable":true,"href":"https:\/\/mariachappuis.com\/blog\/wp-json\/wp\/v2\/categories?post=932"},{"taxonomy":"post_tag","embeddable":true,"href":"https:\/\/mariachappuis.com\/blog\/wp-json\/wp\/v2\/tags?post=932"}],"curies":[{"name":"wp","href":"https:\/\/api.w.org\/{rel}","templated":true}]}}