{"id":927,"date":"2014-02-24T22:47:58","date_gmt":"2014-02-24T22:47:58","guid":{"rendered":"http:\/\/www.mariachappuis.com\/blog\/?p=927"},"modified":"2018-06-07T07:34:06","modified_gmt":"2018-06-07T12:34:06","slug":"abren-procedimiento-de-revision-del-permiso-ambiental-de-pascua-lama","status":"publish","type":"post","link":"https:\/\/mariachappuis.com\/blog\/archivos\/927","title":{"rendered":"Abren procedimiento de revisi\u00f3n del permiso ambiental de Pascua-Lama"},"content":{"rendered":"<p><a href=\"http:\/\/www.mariachappuis.com\/blog\/archivos\/927\/pascualama-540x350\" rel=\"attachment wp-att-930\"><img loading=\"lazy\" decoding=\"async\" class=\"alignnone size-full wp-image-930\" alt=\"pascualama-540x350\" src=\"http:\/\/www.mariachappuis.com\/blog\/wp-content\/uploads\/2014\/02\/pascualama-540x350.jpg\" width=\"540\" height=\"350\" srcset=\"https:\/\/mariachappuis.com\/blog\/wp-content\/uploads\/2014\/02\/pascualama-540x350.jpg 540w, https:\/\/mariachappuis.com\/blog\/wp-content\/uploads\/2014\/02\/pascualama-540x350-300x194.jpg 300w\" sizes=\"auto, (max-width: 540px) 100vw, 540px\" \/><\/a><\/p>\n<p>En agosto la minera solicit\u00f3 la realizaci\u00f3n de este tr\u00e1mite, pero la entidad no dio lugar a la petici\u00f3n sino hasta diciembre.<\/p>\n<p>(Diario Financiero) La Comisi\u00f3n de Evaluaci\u00f3n Ambiental (CEA) de Atacama abri\u00f3 el proceso de revisi\u00f3n del permiso ambiental del proyecto Pascua-Lama, de la canadiense Barrick.<!--more--><\/p>\n<p>Tras la paralizaci\u00f3n del complejo, que fue determinada en primer lugar en mayo por la Superintendencia de Medio Ambiente, y ratificado despu\u00e9s por la Corte de Apelaciones de Copiap\u00f3, \u00e9ste era uno de los flancos que la iniciativa minera binacional manten\u00eda abiertos luego que se confirmara que la empresa incumpli\u00f3 la Resoluci\u00f3n de Calificaci\u00f3n Ambiental (RCA) por haber iniciado labores (remoci\u00f3n de est\u00e9ril) sin haber habilitado un sistema de manejo de aguas.<\/p>\n<p>Aunque la CEA oficializ\u00f3 su decisi\u00f3n en diciembre, se conoci\u00f3 reci\u00e9n a fines de la semana pasada, cuando la Superintendencia de Medio Ambiente (SMA) liber\u00f3 todos los antecedentes de la inspecci\u00f3n semestral del proyecto, que realiz\u00f3 a fines de octubre, siguiendo la instrucci\u00f3n que el tribunal de alzada capitalino dict\u00f3, en el marco del fallo que acogi\u00f3 los recursos de protecci\u00f3n que presentaron comunidades ind\u00edgenas opositoras al proyecto.<\/p>\n<p>En tanto, el 11 de febrero, la SMA a trav\u00e9s de un oficio le entreg\u00f3 a la direcci\u00f3n regional del Servicio de Evaluaci\u00f3n Ambiental (SEA) y a la corte atacame\u00f1a el resultado de su fiscaliaci\u00f3n.<\/p>\n<p>Empresa solicita<br \/>\nEn agosto la misma empresa le pidi\u00f3 a la CEA que revisara el permiso ambiental de Pascua-Lama, pero la entidad no curs\u00f3 la solicitud a la espera de que la Corte Suprema resolviera las apelaciones al fallo regional, lo que sucedi\u00f3 reci\u00e9n a fines de septiembre.<\/p>\n<p>La minera plante\u00f3 en su solicitud que la revisi\u00f3n era necesaria porque uno de los cursos de agua superficial, correspondiente al r\u00edo estrecho, tuvo un comportamiento natural distinto al que se consider\u00f3 durante la evaluaci\u00f3n ambiental.<\/p>\n<p>Solicitar este pronunciamiento fue la tercera instrucci\u00f3n de la Corte de Apelaciones de Copiap\u00f3, que indic\u00f3 que la autoridad deb\u00eda determinar si efectivamente la variable ambiental relativa a la l\u00ednea de base de calidad de aguas del proyecto hab\u00eda variado sustantivamente y, por ende \u201ccorresponde adoptar las medidas administrativas necesarias para corregir dicha situaci\u00f3n\u201d, dice el fallo.<\/p>\n<p>De esta forma, la autoridad inici\u00f3 este proceso con un desfase respecto de lo planteado por el tribunal, incluso considerando el pronunciamiento de la Suprema.<\/p>\n<p>Conocedores de estos procesos explicaron que en un escenario muy pesimista, la CEA podr\u00eda determinar una nueva evaluaci\u00f3n total del proyecto Pascua-Lama o bien que \u00e9sta fuese parcial, es decir, que comprendiera s\u00f3lo el sistema de manejo de aguas, aunque otra opci\u00f3n podr\u00eda ser que se dicten medidas correctivas.<\/p>\n<p>Comunidades<br \/>\nLa resoluci\u00f3n de la Comisi\u00f3n de Evaluaci\u00f3n Ambiental de Atacama establece \u2028la entrega de informes por parte de los servicios p\u00fablicos, as\u00ed como la intervenci\u00f3n de todos los interesados en el proyecto, entre ellos sus detractores.<\/p>\n<p>En este caso puntual, la autoridad tambi\u00e9n solicit\u00f3 la colaboraci\u00f3n de la Comisi\u00f3n Nacional de Desarrollo Ind\u00edgena (Conadi) para que \u201cresguarde e impulse\u201d la participaci\u00f3n de las comunidades, que presentaron el recurso judicial.<\/p>\n<p>Resultado de Fiscalizaci\u00f3n de la SMA<br \/>\nEntre las observaciones que la SMA realiz\u00f3 a Pascua-Lama figura que las obras (excepto las de mantenci\u00f3n) est\u00e1n paralizadas, mientras que las obras permanentes del sistema de manejo de agua est\u00e1n en etapa de ingenier\u00eda y dise\u00f1o.<\/p>\n<p>En lo referido a las mediciones de la calidad de las aguas superficiales y subterr\u00e1neas, la SMA informa que se han \u201cevidenciado incrementos significativos en las concentraciones de varios par\u00e1metros\u201d y \u201csuperaciones de niveles de calidad m\u00ednimos\u201d. La SMA dijo no contar con antecedentes necesarios para establecer la relaci\u00f3n causal de estas variaciones.<\/p>\n","protected":false},"excerpt":{"rendered":"<p>En agosto la minera solicit\u00f3 la realizaci\u00f3n de este tr\u00e1mite, pero la entidad no dio lugar a la petici\u00f3n sino hasta diciembre. (Diario Financiero) La Comisi\u00f3n de Evaluaci\u00f3n Ambiental (CEA) de Atacama abri\u00f3 el proceso de revisi\u00f3n del permiso ambiental &hellip; <a href=\"https:\/\/mariachappuis.com\/blog\/archivos\/927\">Sigue leyendo <span class=\"meta-nav\">&rarr;<\/span><\/a><\/p>\n","protected":false},"author":1,"featured_media":0,"comment_status":"closed","ping_status":"closed","sticky":false,"template":"","format":"standard","meta":{"footnotes":""},"categories":[1],"tags":[],"class_list":["post-927","post","type-post","status-publish","format-standard","hentry","category-general"],"yoast_head":"<!-- This site is optimized with the Yoast SEO plugin v27.2 - https:\/\/yoast.com\/product\/yoast-seo-wordpress\/ -->\n<title>Abren procedimiento de revisi\u00f3n del permiso ambiental de Pascua-Lama<\/title>\n<meta name=\"description\" content=\"En agosto la minera solicit\u00f3 la realizaci\u00f3n de este tr\u00e1mite, pero la entidad no dio lugar a la petici\u00f3n sino hasta diciembre. (Diario Financiero) La\" \/>\n<meta name=\"robots\" content=\"index, follow, max-snippet:-1, max-image-preview:large, max-video-preview:-1\" \/>\n<link rel=\"canonical\" href=\"https:\/\/mariachappuis.com\/blog\/archivos\/927\" \/>\n<meta property=\"og:locale\" content=\"es_ES\" \/>\n<meta property=\"og:type\" content=\"article\" \/>\n<meta property=\"og:title\" content=\"Abren procedimiento de revisi\u00f3n del permiso ambiental de Pascua-Lama\" \/>\n<meta property=\"og:description\" content=\"En agosto la minera solicit\u00f3 la realizaci\u00f3n de este tr\u00e1mite, pero la entidad no dio lugar a la petici\u00f3n sino hasta diciembre. (Diario Financiero) La\" \/>\n<meta property=\"og:url\" content=\"https:\/\/mariachappuis.com\/blog\/archivos\/927\" \/>\n<meta property=\"og:site_name\" content=\"Maria Chappuis\" \/>\n<meta property=\"article:published_time\" content=\"2014-02-24T22:47:58+00:00\" \/>\n<meta property=\"article:modified_time\" content=\"2018-06-07T12:34:06+00:00\" \/>\n<meta property=\"og:image\" content=\"https:\/\/mariachappuis.com\/blog\/wp-content\/uploads\/2014\/02\/pascualama-540x350.jpg\" \/>\n\t<meta property=\"og:image:width\" content=\"540\" \/>\n\t<meta property=\"og:image:height\" content=\"350\" \/>\n\t<meta property=\"og:image:type\" content=\"image\/jpeg\" \/>\n<meta name=\"author\" content=\"Marita Chappuis\" \/>\n<meta name=\"twitter:card\" content=\"summary_large_image\" \/>\n<meta name=\"twitter:label1\" content=\"Escrito por\" \/>\n\t<meta name=\"twitter:data1\" content=\"Marita Chappuis\" \/>\n\t<meta name=\"twitter:label2\" content=\"Tiempo de lectura\" \/>\n\t<meta name=\"twitter:data2\" content=\"3 minutos\" \/>\n<script type=\"application\/ld+json\" class=\"yoast-schema-graph\">{\"@context\":\"https:\/\/schema.org\",\"@graph\":[{\"@type\":\"Article\",\"@id\":\"https:\/\/mariachappuis.com\/blog\/archivos\/927#article\",\"isPartOf\":{\"@id\":\"https:\/\/mariachappuis.com\/blog\/archivos\/927\"},\"author\":{\"name\":\"Marita Chappuis\",\"@id\":\"https:\/\/mariachappuis.com\/blog\/#\/schema\/person\/8de0bece2913b35ac8b590fc9ac6dda5\"},\"headline\":\"Abren procedimiento de revisi\u00f3n del permiso ambiental de Pascua-Lama\",\"datePublished\":\"2014-02-24T22:47:58+00:00\",\"dateModified\":\"2018-06-07T12:34:06+00:00\",\"mainEntityOfPage\":{\"@id\":\"https:\/\/mariachappuis.com\/blog\/archivos\/927\"},\"wordCount\":670,\"publisher\":{\"@id\":\"https:\/\/mariachappuis.com\/blog\/#\/schema\/person\/8de0bece2913b35ac8b590fc9ac6dda5\"},\"image\":{\"@id\":\"https:\/\/mariachappuis.com\/blog\/archivos\/927#primaryimage\"},\"thumbnailUrl\":\"http:\/\/www.mariachappuis.com\/blog\/wp-content\/uploads\/2014\/02\/pascualama-540x350.jpg\",\"articleSection\":[\"General\"],\"inLanguage\":\"es\"},{\"@type\":\"WebPage\",\"@id\":\"https:\/\/mariachappuis.com\/blog\/archivos\/927\",\"url\":\"https:\/\/mariachappuis.com\/blog\/archivos\/927\",\"name\":\"Abren procedimiento de revisi\u00f3n del permiso ambiental de Pascua-Lama\",\"isPartOf\":{\"@id\":\"https:\/\/mariachappuis.com\/blog\/#website\"},\"primaryImageOfPage\":{\"@id\":\"https:\/\/mariachappuis.com\/blog\/archivos\/927#primaryimage\"},\"image\":{\"@id\":\"https:\/\/mariachappuis.com\/blog\/archivos\/927#primaryimage\"},\"thumbnailUrl\":\"http:\/\/www.mariachappuis.com\/blog\/wp-content\/uploads\/2014\/02\/pascualama-540x350.jpg\",\"datePublished\":\"2014-02-24T22:47:58+00:00\",\"dateModified\":\"2018-06-07T12:34:06+00:00\",\"description\":\"En agosto la minera solicit\u00f3 la realizaci\u00f3n de este tr\u00e1mite, pero la entidad no dio lugar a la petici\u00f3n sino hasta diciembre. (Diario Financiero) La\",\"breadcrumb\":{\"@id\":\"https:\/\/mariachappuis.com\/blog\/archivos\/927#breadcrumb\"},\"inLanguage\":\"es\",\"potentialAction\":[{\"@type\":\"ReadAction\",\"target\":[\"https:\/\/mariachappuis.com\/blog\/archivos\/927\"]}]},{\"@type\":\"ImageObject\",\"inLanguage\":\"es\",\"@id\":\"https:\/\/mariachappuis.com\/blog\/archivos\/927#primaryimage\",\"url\":\"http:\/\/www.mariachappuis.com\/blog\/wp-content\/uploads\/2014\/02\/pascualama-540x350.jpg\",\"contentUrl\":\"http:\/\/www.mariachappuis.com\/blog\/wp-content\/uploads\/2014\/02\/pascualama-540x350.jpg\"},{\"@type\":\"BreadcrumbList\",\"@id\":\"https:\/\/mariachappuis.com\/blog\/archivos\/927#breadcrumb\",\"itemListElement\":[{\"@type\":\"ListItem\",\"position\":1,\"name\":\"Portada\",\"item\":\"https:\/\/mariachappuis.com\/blog\"},{\"@type\":\"ListItem\",\"position\":2,\"name\":\"Abren procedimiento de revisi\u00f3n del permiso ambiental de Pascua-Lama\"}]},{\"@type\":\"WebSite\",\"@id\":\"https:\/\/mariachappuis.com\/blog\/#website\",\"url\":\"https:\/\/mariachappuis.com\/blog\/\",\"name\":\"Marita Chappuis\",\"description\":\"An\u00e1lisis y Comentarios\",\"publisher\":{\"@id\":\"https:\/\/mariachappuis.com\/blog\/#\/schema\/person\/8de0bece2913b35ac8b590fc9ac6dda5\"},\"alternateName\":\"Marita Chappuis\",\"potentialAction\":[{\"@type\":\"SearchAction\",\"target\":{\"@type\":\"EntryPoint\",\"urlTemplate\":\"https:\/\/mariachappuis.com\/blog\/?s={search_term_string}\"},\"query-input\":{\"@type\":\"PropertyValueSpecification\",\"valueRequired\":true,\"valueName\":\"search_term_string\"}}],\"inLanguage\":\"es\"},{\"@type\":[\"Person\",\"Organization\"],\"@id\":\"https:\/\/mariachappuis.com\/blog\/#\/schema\/person\/8de0bece2913b35ac8b590fc9ac6dda5\",\"name\":\"Marita Chappuis\",\"image\":{\"@type\":\"ImageObject\",\"inLanguage\":\"es\",\"@id\":\"https:\/\/mariachappuis.com\/blog\/wp-content\/uploads\/2024\/01\/cropped-3333.jpg\",\"url\":\"https:\/\/mariachappuis.com\/blog\/wp-content\/uploads\/2024\/01\/cropped-3333.jpg\",\"contentUrl\":\"https:\/\/mariachappuis.com\/blog\/wp-content\/uploads\/2024\/01\/cropped-3333.jpg\",\"width\":512,\"height\":512,\"caption\":\"Marita Chappuis\"},\"logo\":{\"@id\":\"https:\/\/mariachappuis.com\/blog\/wp-content\/uploads\/2024\/01\/cropped-3333.jpg\"}}]}<\/script>\n<!-- \/ Yoast SEO plugin. -->","yoast_head_json":{"title":"Abren procedimiento de revisi\u00f3n del permiso ambiental de Pascua-Lama","description":"En agosto la minera solicit\u00f3 la realizaci\u00f3n de este tr\u00e1mite, pero la entidad no dio lugar a la petici\u00f3n sino hasta diciembre. (Diario Financiero) La","robots":{"index":"index","follow":"follow","max-snippet":"max-snippet:-1","max-image-preview":"max-image-preview:large","max-video-preview":"max-video-preview:-1"},"canonical":"https:\/\/mariachappuis.com\/blog\/archivos\/927","og_locale":"es_ES","og_type":"article","og_title":"Abren procedimiento de revisi\u00f3n del permiso ambiental de Pascua-Lama","og_description":"En agosto la minera solicit\u00f3 la realizaci\u00f3n de este tr\u00e1mite, pero la entidad no dio lugar a la petici\u00f3n sino hasta diciembre. (Diario Financiero) La","og_url":"https:\/\/mariachappuis.com\/blog\/archivos\/927","og_site_name":"Maria Chappuis","article_published_time":"2014-02-24T22:47:58+00:00","article_modified_time":"2018-06-07T12:34:06+00:00","og_image":[{"width":540,"height":350,"url":"https:\/\/mariachappuis.com\/blog\/wp-content\/uploads\/2014\/02\/pascualama-540x350.jpg","type":"image\/jpeg"}],"author":"Marita Chappuis","twitter_card":"summary_large_image","twitter_misc":{"Escrito por":"Marita Chappuis","Tiempo de lectura":"3 minutos"},"schema":{"@context":"https:\/\/schema.org","@graph":[{"@type":"Article","@id":"https:\/\/mariachappuis.com\/blog\/archivos\/927#article","isPartOf":{"@id":"https:\/\/mariachappuis.com\/blog\/archivos\/927"},"author":{"name":"Marita Chappuis","@id":"https:\/\/mariachappuis.com\/blog\/#\/schema\/person\/8de0bece2913b35ac8b590fc9ac6dda5"},"headline":"Abren procedimiento de revisi\u00f3n del permiso ambiental de Pascua-Lama","datePublished":"2014-02-24T22:47:58+00:00","dateModified":"2018-06-07T12:34:06+00:00","mainEntityOfPage":{"@id":"https:\/\/mariachappuis.com\/blog\/archivos\/927"},"wordCount":670,"publisher":{"@id":"https:\/\/mariachappuis.com\/blog\/#\/schema\/person\/8de0bece2913b35ac8b590fc9ac6dda5"},"image":{"@id":"https:\/\/mariachappuis.com\/blog\/archivos\/927#primaryimage"},"thumbnailUrl":"http:\/\/www.mariachappuis.com\/blog\/wp-content\/uploads\/2014\/02\/pascualama-540x350.jpg","articleSection":["General"],"inLanguage":"es"},{"@type":"WebPage","@id":"https:\/\/mariachappuis.com\/blog\/archivos\/927","url":"https:\/\/mariachappuis.com\/blog\/archivos\/927","name":"Abren procedimiento de revisi\u00f3n del permiso ambiental de Pascua-Lama","isPartOf":{"@id":"https:\/\/mariachappuis.com\/blog\/#website"},"primaryImageOfPage":{"@id":"https:\/\/mariachappuis.com\/blog\/archivos\/927#primaryimage"},"image":{"@id":"https:\/\/mariachappuis.com\/blog\/archivos\/927#primaryimage"},"thumbnailUrl":"http:\/\/www.mariachappuis.com\/blog\/wp-content\/uploads\/2014\/02\/pascualama-540x350.jpg","datePublished":"2014-02-24T22:47:58+00:00","dateModified":"2018-06-07T12:34:06+00:00","description":"En agosto la minera solicit\u00f3 la realizaci\u00f3n de este tr\u00e1mite, pero la entidad no dio lugar a la petici\u00f3n sino hasta diciembre. (Diario Financiero) La","breadcrumb":{"@id":"https:\/\/mariachappuis.com\/blog\/archivos\/927#breadcrumb"},"inLanguage":"es","potentialAction":[{"@type":"ReadAction","target":["https:\/\/mariachappuis.com\/blog\/archivos\/927"]}]},{"@type":"ImageObject","inLanguage":"es","@id":"https:\/\/mariachappuis.com\/blog\/archivos\/927#primaryimage","url":"http:\/\/www.mariachappuis.com\/blog\/wp-content\/uploads\/2014\/02\/pascualama-540x350.jpg","contentUrl":"http:\/\/www.mariachappuis.com\/blog\/wp-content\/uploads\/2014\/02\/pascualama-540x350.jpg"},{"@type":"BreadcrumbList","@id":"https:\/\/mariachappuis.com\/blog\/archivos\/927#breadcrumb","itemListElement":[{"@type":"ListItem","position":1,"name":"Portada","item":"https:\/\/mariachappuis.com\/blog"},{"@type":"ListItem","position":2,"name":"Abren procedimiento de revisi\u00f3n del permiso ambiental de Pascua-Lama"}]},{"@type":"WebSite","@id":"https:\/\/mariachappuis.com\/blog\/#website","url":"https:\/\/mariachappuis.com\/blog\/","name":"Marita Chappuis","description":"An\u00e1lisis y Comentarios","publisher":{"@id":"https:\/\/mariachappuis.com\/blog\/#\/schema\/person\/8de0bece2913b35ac8b590fc9ac6dda5"},"alternateName":"Marita Chappuis","potentialAction":[{"@type":"SearchAction","target":{"@type":"EntryPoint","urlTemplate":"https:\/\/mariachappuis.com\/blog\/?s={search_term_string}"},"query-input":{"@type":"PropertyValueSpecification","valueRequired":true,"valueName":"search_term_string"}}],"inLanguage":"es"},{"@type":["Person","Organization"],"@id":"https:\/\/mariachappuis.com\/blog\/#\/schema\/person\/8de0bece2913b35ac8b590fc9ac6dda5","name":"Marita Chappuis","image":{"@type":"ImageObject","inLanguage":"es","@id":"https:\/\/mariachappuis.com\/blog\/wp-content\/uploads\/2024\/01\/cropped-3333.jpg","url":"https:\/\/mariachappuis.com\/blog\/wp-content\/uploads\/2024\/01\/cropped-3333.jpg","contentUrl":"https:\/\/mariachappuis.com\/blog\/wp-content\/uploads\/2024\/01\/cropped-3333.jpg","width":512,"height":512,"caption":"Marita Chappuis"},"logo":{"@id":"https:\/\/mariachappuis.com\/blog\/wp-content\/uploads\/2024\/01\/cropped-3333.jpg"}}]}},"_links":{"self":[{"href":"https:\/\/mariachappuis.com\/blog\/wp-json\/wp\/v2\/posts\/927","targetHints":{"allow":["GET"]}}],"collection":[{"href":"https:\/\/mariachappuis.com\/blog\/wp-json\/wp\/v2\/posts"}],"about":[{"href":"https:\/\/mariachappuis.com\/blog\/wp-json\/wp\/v2\/types\/post"}],"author":[{"embeddable":true,"href":"https:\/\/mariachappuis.com\/blog\/wp-json\/wp\/v2\/users\/1"}],"replies":[{"embeddable":true,"href":"https:\/\/mariachappuis.com\/blog\/wp-json\/wp\/v2\/comments?post=927"}],"version-history":[{"count":6,"href":"https:\/\/mariachappuis.com\/blog\/wp-json\/wp\/v2\/posts\/927\/revisions"}],"predecessor-version":[{"id":1995,"href":"https:\/\/mariachappuis.com\/blog\/wp-json\/wp\/v2\/posts\/927\/revisions\/1995"}],"wp:attachment":[{"href":"https:\/\/mariachappuis.com\/blog\/wp-json\/wp\/v2\/media?parent=927"}],"wp:term":[{"taxonomy":"category","embeddable":true,"href":"https:\/\/mariachappuis.com\/blog\/wp-json\/wp\/v2\/categories?post=927"},{"taxonomy":"post_tag","embeddable":true,"href":"https:\/\/mariachappuis.com\/blog\/wp-json\/wp\/v2\/tags?post=927"}],"curies":[{"name":"wp","href":"https:\/\/api.w.org\/{rel}","templated":true}]}}