{"id":885,"date":"2014-01-14T23:15:02","date_gmt":"2014-01-14T23:15:02","guid":{"rendered":"http:\/\/www.mariachappuis.com\/blog\/?p=885"},"modified":"2017-03-18T01:38:37","modified_gmt":"2017-03-18T06:38:37","slug":"jaime-quijandria","status":"publish","type":"post","link":"https:\/\/mariachappuis.com\/blog\/archivos\/885","title":{"rendered":"Jaime Quijandr\u00eda"},"content":{"rendered":"<p>Tuve el privilegio de trabajar con Jaime Q. en el MINEM, en los inicios de la d\u00e9cada pasada. Fue uno de los mejores ministros que he conocido. Ten\u00eda siempre muy presente que los funcionarios p\u00fablicos deben rendir cuentas del trabajo que realizan.<\/p>\n<p>Aun cuando el sacar adelante el proyecto Camisea le demandaba casi todo el tiempo, aceptaba ser expositor en cuanto foro lo invitaban. Los encargados de preparar el discurso en temas mineros era la Direcci\u00f3n de Promoci\u00f3n Minera, que estaba a cargo de Ricardo Labo. Recuerdo muchas an\u00e9cdotas de ese tiempo, quiz\u00e1s la m\u00e1s sorprendente fue lo que sucedi\u00f3 cuando anunci\u00f3 la existencia de los ricos yacimientos de Las Bambas en Apur\u00edmac y su pr\u00f3xima venta\u2026al d\u00eda siguiente recibimos a primera hora la visita de los cuatro congresistas de esa regi\u00f3n, que desconoc\u00edan totalmente sobre el potencial cupr\u00edfero que albergan sus provincias de Grau y Cotabambas.<!--more--><\/p>\n<p>Las Bambas era un proyecto que estaba en manos de Proinversi\u00f3n pero no sal\u00eda a licitaci\u00f3n porque la Procurador\u00eda del MINEM libraba una batalla en el Poder Judicial para anular una concesi\u00f3n minera privada que hab\u00eda logrado ocupar un \u00e1rea en medio de estos yacimientos. Mientras esto ocurr\u00eda, los ge\u00f3logos de las principales empresas cupr\u00edferas del mundo no paraban de estudiar esta zona.<br \/>\nActualmente Las Bambas est\u00e1 en construcci\u00f3n, y su propietaria Glencore est\u00e1 revisando las ofertas de empresas chinas interesadas en su compra, que sin lugar a dudas ser\u00e1 la transacci\u00f3n m\u00e1s alta de activos ubicados en nuestro pa\u00eds.<\/p>\n<p>La licitaci\u00f3n de Las Bambas fue una pol\u00edtica de estado que se inici\u00f3 en los a\u00f1os 80, cuando en el MINEM (que era liderado por PPK) se tom\u00f3 una decisi\u00f3n audaz: abrir un nuevo frente minero en la cordillera oriental construyendo la mina Tintaya. Con tal fin se cre\u00f3 una empresa minera \u201cespecial\u201d que ten\u00eda como capital s\u00f3lo las concesiones mineras y los estudios, pero que tom\u00f3 un pr\u00e9stamo del EDC de Canad\u00e1 y de un sindicato de bancos para explotar este yacimiento. Los resultados financieros al inicio fueron desastrosos porque el cobre se cotizaba a US$0.60\/lb (actualmente est\u00e1 alrededor deUS$3.20\/lb). Los estudios geol\u00f3gicos en esa \u00e9poca s\u00f3lo le daban una vida de 10 a\u00f1os al yacimiento. Sin embargo, reci\u00e9n hace dos a\u00f1os fue cerrada Tintaya (25 a\u00f1os despu\u00e9s) que ha sido reemplazada por Antapaccay, que est\u00e1 en manos de Glencore. En esta zona existen otros yacimientos interesantes como Constancia (en construcci\u00f3n) o Coroccohuayco y Quechuas (en exploraci\u00f3n).<\/p>\n<p>Detr\u00e1s de los megaproyectos Camisea, Las Bambas, etc. est\u00e1 el esfuerzo silencioso de funcionarios honestos, audaces, con mucha fe en el Per\u00fa, como Jaime Quijandr\u00eda, QEPD.<\/p>\n","protected":false},"excerpt":{"rendered":"<p>Tuve el privilegio de trabajar con Jaime Q. en el MINEM, en los inicios de la d\u00e9cada pasada. Fue uno de los mejores ministros que he conocido. Ten\u00eda siempre muy presente que los funcionarios p\u00fablicos deben rendir cuentas del trabajo &hellip; <a href=\"https:\/\/mariachappuis.com\/blog\/archivos\/885\">Sigue leyendo <span class=\"meta-nav\">&rarr;<\/span><\/a><\/p>\n","protected":false},"author":1,"featured_media":0,"comment_status":"closed","ping_status":"closed","sticky":false,"template":"","format":"standard","meta":{"footnotes":""},"categories":[1],"tags":[],"class_list":["post-885","post","type-post","status-publish","format-standard","hentry","category-general"],"yoast_head":"<!-- This site is optimized with the Yoast SEO plugin v27.2 - https:\/\/yoast.com\/product\/yoast-seo-wordpress\/ -->\n<title>Jaime Quijandr\u00eda<\/title>\n<meta name=\"description\" content=\"Tuve el privilegio de trabajar con Jaime Q. en el MINEM, en los inicios de la d\u00e9cada pasada. Fue uno de los mejores ministros que he conocido. Ten\u00eda\" \/>\n<meta name=\"robots\" content=\"index, follow, max-snippet:-1, max-image-preview:large, max-video-preview:-1\" \/>\n<link rel=\"canonical\" href=\"https:\/\/mariachappuis.com\/blog\/archivos\/885\" \/>\n<meta property=\"og:locale\" content=\"es_ES\" \/>\n<meta property=\"og:type\" content=\"article\" \/>\n<meta property=\"og:title\" content=\"Jaime Quijandr\u00eda\" \/>\n<meta property=\"og:description\" content=\"Tuve el privilegio de trabajar con Jaime Q. en el MINEM, en los inicios de la d\u00e9cada pasada. Fue uno de los mejores ministros que he conocido. Ten\u00eda\" \/>\n<meta property=\"og:url\" content=\"https:\/\/mariachappuis.com\/blog\/archivos\/885\" \/>\n<meta property=\"og:site_name\" content=\"Maria Chappuis\" \/>\n<meta property=\"article:published_time\" content=\"2014-01-14T23:15:02+00:00\" \/>\n<meta property=\"article:modified_time\" content=\"2017-03-18T06:38:37+00:00\" \/>\n<meta property=\"og:image\" content=\"https:\/\/mariachappuis.com\/blog\/wp-content\/uploads\/2024\/01\/cropped-3333.jpg\" \/>\n\t<meta property=\"og:image:width\" content=\"512\" \/>\n\t<meta property=\"og:image:height\" content=\"512\" \/>\n\t<meta property=\"og:image:type\" content=\"image\/jpeg\" \/>\n<meta name=\"author\" content=\"Marita Chappuis\" \/>\n<meta name=\"twitter:card\" content=\"summary_large_image\" \/>\n<meta name=\"twitter:label1\" content=\"Escrito por\" \/>\n\t<meta name=\"twitter:data1\" content=\"Marita Chappuis\" \/>\n\t<meta name=\"twitter:label2\" content=\"Tiempo de lectura\" \/>\n\t<meta name=\"twitter:data2\" content=\"2 minutos\" \/>\n<script type=\"application\/ld+json\" class=\"yoast-schema-graph\">{\"@context\":\"https:\/\/schema.org\",\"@graph\":[{\"@type\":\"Article\",\"@id\":\"https:\/\/mariachappuis.com\/blog\/archivos\/885#article\",\"isPartOf\":{\"@id\":\"https:\/\/mariachappuis.com\/blog\/archivos\/885\"},\"author\":{\"name\":\"Marita Chappuis\",\"@id\":\"https:\/\/mariachappuis.com\/blog\/#\/schema\/person\/8de0bece2913b35ac8b590fc9ac6dda5\"},\"headline\":\"Jaime Quijandr\u00eda\",\"datePublished\":\"2014-01-14T23:15:02+00:00\",\"dateModified\":\"2017-03-18T06:38:37+00:00\",\"mainEntityOfPage\":{\"@id\":\"https:\/\/mariachappuis.com\/blog\/archivos\/885\"},\"wordCount\":479,\"publisher\":{\"@id\":\"https:\/\/mariachappuis.com\/blog\/#\/schema\/person\/8de0bece2913b35ac8b590fc9ac6dda5\"},\"articleSection\":[\"General\"],\"inLanguage\":\"es\"},{\"@type\":\"WebPage\",\"@id\":\"https:\/\/mariachappuis.com\/blog\/archivos\/885\",\"url\":\"https:\/\/mariachappuis.com\/blog\/archivos\/885\",\"name\":\"Jaime Quijandr\u00eda\",\"isPartOf\":{\"@id\":\"https:\/\/mariachappuis.com\/blog\/#website\"},\"datePublished\":\"2014-01-14T23:15:02+00:00\",\"dateModified\":\"2017-03-18T06:38:37+00:00\",\"description\":\"Tuve el privilegio de trabajar con Jaime Q. en el MINEM, en los inicios de la d\u00e9cada pasada. Fue uno de los mejores ministros que he conocido. Ten\u00eda\",\"breadcrumb\":{\"@id\":\"https:\/\/mariachappuis.com\/blog\/archivos\/885#breadcrumb\"},\"inLanguage\":\"es\",\"potentialAction\":[{\"@type\":\"ReadAction\",\"target\":[\"https:\/\/mariachappuis.com\/blog\/archivos\/885\"]}]},{\"@type\":\"BreadcrumbList\",\"@id\":\"https:\/\/mariachappuis.com\/blog\/archivos\/885#breadcrumb\",\"itemListElement\":[{\"@type\":\"ListItem\",\"position\":1,\"name\":\"Portada\",\"item\":\"https:\/\/mariachappuis.com\/blog\"},{\"@type\":\"ListItem\",\"position\":2,\"name\":\"Jaime Quijandr\u00eda\"}]},{\"@type\":\"WebSite\",\"@id\":\"https:\/\/mariachappuis.com\/blog\/#website\",\"url\":\"https:\/\/mariachappuis.com\/blog\/\",\"name\":\"Marita Chappuis\",\"description\":\"An\u00e1lisis y Comentarios\",\"publisher\":{\"@id\":\"https:\/\/mariachappuis.com\/blog\/#\/schema\/person\/8de0bece2913b35ac8b590fc9ac6dda5\"},\"alternateName\":\"Marita Chappuis\",\"potentialAction\":[{\"@type\":\"SearchAction\",\"target\":{\"@type\":\"EntryPoint\",\"urlTemplate\":\"https:\/\/mariachappuis.com\/blog\/?s={search_term_string}\"},\"query-input\":{\"@type\":\"PropertyValueSpecification\",\"valueRequired\":true,\"valueName\":\"search_term_string\"}}],\"inLanguage\":\"es\"},{\"@type\":[\"Person\",\"Organization\"],\"@id\":\"https:\/\/mariachappuis.com\/blog\/#\/schema\/person\/8de0bece2913b35ac8b590fc9ac6dda5\",\"name\":\"Marita Chappuis\",\"image\":{\"@type\":\"ImageObject\",\"inLanguage\":\"es\",\"@id\":\"https:\/\/mariachappuis.com\/blog\/wp-content\/uploads\/2024\/01\/cropped-3333.jpg\",\"url\":\"https:\/\/mariachappuis.com\/blog\/wp-content\/uploads\/2024\/01\/cropped-3333.jpg\",\"contentUrl\":\"https:\/\/mariachappuis.com\/blog\/wp-content\/uploads\/2024\/01\/cropped-3333.jpg\",\"width\":512,\"height\":512,\"caption\":\"Marita Chappuis\"},\"logo\":{\"@id\":\"https:\/\/mariachappuis.com\/blog\/wp-content\/uploads\/2024\/01\/cropped-3333.jpg\"}}]}<\/script>\n<!-- \/ Yoast SEO plugin. -->","yoast_head_json":{"title":"Jaime Quijandr\u00eda","description":"Tuve el privilegio de trabajar con Jaime Q. en el MINEM, en los inicios de la d\u00e9cada pasada. Fue uno de los mejores ministros que he conocido. Ten\u00eda","robots":{"index":"index","follow":"follow","max-snippet":"max-snippet:-1","max-image-preview":"max-image-preview:large","max-video-preview":"max-video-preview:-1"},"canonical":"https:\/\/mariachappuis.com\/blog\/archivos\/885","og_locale":"es_ES","og_type":"article","og_title":"Jaime Quijandr\u00eda","og_description":"Tuve el privilegio de trabajar con Jaime Q. en el MINEM, en los inicios de la d\u00e9cada pasada. Fue uno de los mejores ministros que he conocido. Ten\u00eda","og_url":"https:\/\/mariachappuis.com\/blog\/archivos\/885","og_site_name":"Maria Chappuis","article_published_time":"2014-01-14T23:15:02+00:00","article_modified_time":"2017-03-18T06:38:37+00:00","og_image":[{"width":512,"height":512,"url":"https:\/\/mariachappuis.com\/blog\/wp-content\/uploads\/2024\/01\/cropped-3333.jpg","type":"image\/jpeg"}],"author":"Marita Chappuis","twitter_card":"summary_large_image","twitter_misc":{"Escrito por":"Marita Chappuis","Tiempo de lectura":"2 minutos"},"schema":{"@context":"https:\/\/schema.org","@graph":[{"@type":"Article","@id":"https:\/\/mariachappuis.com\/blog\/archivos\/885#article","isPartOf":{"@id":"https:\/\/mariachappuis.com\/blog\/archivos\/885"},"author":{"name":"Marita Chappuis","@id":"https:\/\/mariachappuis.com\/blog\/#\/schema\/person\/8de0bece2913b35ac8b590fc9ac6dda5"},"headline":"Jaime Quijandr\u00eda","datePublished":"2014-01-14T23:15:02+00:00","dateModified":"2017-03-18T06:38:37+00:00","mainEntityOfPage":{"@id":"https:\/\/mariachappuis.com\/blog\/archivos\/885"},"wordCount":479,"publisher":{"@id":"https:\/\/mariachappuis.com\/blog\/#\/schema\/person\/8de0bece2913b35ac8b590fc9ac6dda5"},"articleSection":["General"],"inLanguage":"es"},{"@type":"WebPage","@id":"https:\/\/mariachappuis.com\/blog\/archivos\/885","url":"https:\/\/mariachappuis.com\/blog\/archivos\/885","name":"Jaime Quijandr\u00eda","isPartOf":{"@id":"https:\/\/mariachappuis.com\/blog\/#website"},"datePublished":"2014-01-14T23:15:02+00:00","dateModified":"2017-03-18T06:38:37+00:00","description":"Tuve el privilegio de trabajar con Jaime Q. en el MINEM, en los inicios de la d\u00e9cada pasada. Fue uno de los mejores ministros que he conocido. Ten\u00eda","breadcrumb":{"@id":"https:\/\/mariachappuis.com\/blog\/archivos\/885#breadcrumb"},"inLanguage":"es","potentialAction":[{"@type":"ReadAction","target":["https:\/\/mariachappuis.com\/blog\/archivos\/885"]}]},{"@type":"BreadcrumbList","@id":"https:\/\/mariachappuis.com\/blog\/archivos\/885#breadcrumb","itemListElement":[{"@type":"ListItem","position":1,"name":"Portada","item":"https:\/\/mariachappuis.com\/blog"},{"@type":"ListItem","position":2,"name":"Jaime Quijandr\u00eda"}]},{"@type":"WebSite","@id":"https:\/\/mariachappuis.com\/blog\/#website","url":"https:\/\/mariachappuis.com\/blog\/","name":"Marita Chappuis","description":"An\u00e1lisis y Comentarios","publisher":{"@id":"https:\/\/mariachappuis.com\/blog\/#\/schema\/person\/8de0bece2913b35ac8b590fc9ac6dda5"},"alternateName":"Marita Chappuis","potentialAction":[{"@type":"SearchAction","target":{"@type":"EntryPoint","urlTemplate":"https:\/\/mariachappuis.com\/blog\/?s={search_term_string}"},"query-input":{"@type":"PropertyValueSpecification","valueRequired":true,"valueName":"search_term_string"}}],"inLanguage":"es"},{"@type":["Person","Organization"],"@id":"https:\/\/mariachappuis.com\/blog\/#\/schema\/person\/8de0bece2913b35ac8b590fc9ac6dda5","name":"Marita Chappuis","image":{"@type":"ImageObject","inLanguage":"es","@id":"https:\/\/mariachappuis.com\/blog\/wp-content\/uploads\/2024\/01\/cropped-3333.jpg","url":"https:\/\/mariachappuis.com\/blog\/wp-content\/uploads\/2024\/01\/cropped-3333.jpg","contentUrl":"https:\/\/mariachappuis.com\/blog\/wp-content\/uploads\/2024\/01\/cropped-3333.jpg","width":512,"height":512,"caption":"Marita Chappuis"},"logo":{"@id":"https:\/\/mariachappuis.com\/blog\/wp-content\/uploads\/2024\/01\/cropped-3333.jpg"}}]}},"_links":{"self":[{"href":"https:\/\/mariachappuis.com\/blog\/wp-json\/wp\/v2\/posts\/885","targetHints":{"allow":["GET"]}}],"collection":[{"href":"https:\/\/mariachappuis.com\/blog\/wp-json\/wp\/v2\/posts"}],"about":[{"href":"https:\/\/mariachappuis.com\/blog\/wp-json\/wp\/v2\/types\/post"}],"author":[{"embeddable":true,"href":"https:\/\/mariachappuis.com\/blog\/wp-json\/wp\/v2\/users\/1"}],"replies":[{"embeddable":true,"href":"https:\/\/mariachappuis.com\/blog\/wp-json\/wp\/v2\/comments?post=885"}],"version-history":[{"count":3,"href":"https:\/\/mariachappuis.com\/blog\/wp-json\/wp\/v2\/posts\/885\/revisions"}],"predecessor-version":[{"id":2005,"href":"https:\/\/mariachappuis.com\/blog\/wp-json\/wp\/v2\/posts\/885\/revisions\/2005"}],"wp:attachment":[{"href":"https:\/\/mariachappuis.com\/blog\/wp-json\/wp\/v2\/media?parent=885"}],"wp:term":[{"taxonomy":"category","embeddable":true,"href":"https:\/\/mariachappuis.com\/blog\/wp-json\/wp\/v2\/categories?post=885"},{"taxonomy":"post_tag","embeddable":true,"href":"https:\/\/mariachappuis.com\/blog\/wp-json\/wp\/v2\/tags?post=885"}],"curies":[{"name":"wp","href":"https:\/\/api.w.org\/{rel}","templated":true}]}}