{"id":878,"date":"2014-01-12T18:50:48","date_gmt":"2014-01-12T18:50:48","guid":{"rendered":"http:\/\/www.mariachappuis.com\/blog\/?p=878"},"modified":"2017-03-18T01:38:37","modified_gmt":"2017-03-18T06:38:37","slug":"la-sierra-maestra-el-otro-pais-de-la-derecha","status":"publish","type":"post","link":"https:\/\/mariachappuis.com\/blog\/archivos\/878","title":{"rendered":"La \u00absierra maestra\u00bb: el otro pa\u00eds de la derecha"},"content":{"rendered":"<p>\u00abMientras el pa\u00eds le otorg\u00f3 un 62% a Bachelet y un 38% a Matthei, en Vitacura la candidata de la derecha alcanz\u00f3 el 82% de los votos; en Las Condes el 75%; y en Lo Barnechea, el 78%&#8230;\u00bb<\/p>\n<div id=\"attachment_879\" style=\"width: 167px\" class=\"wp-caption alignnone\"><a href=\"http:\/\/www.mariachappuis.com\/blog\/archivos\/878\/attachment\/10\" rel=\"attachment wp-att-879\"><img loading=\"lazy\" decoding=\"async\" aria-describedby=\"caption-attachment-879\" class=\"size-full wp-image-879\" alt=\"Francisco Vidal\" src=\"http:\/\/www.mariachappuis.com\/blog\/wp-content\/uploads\/2014\/01\/10.jpg\" width=\"157\" height=\"220\" \/><\/a><p id=\"caption-attachment-879\" class=\"wp-caption-text\">Francisco Vidal<\/p><\/div>\n<p>Parto por consignar que vivo hace 45 a\u00f1os en esta zona de Santiago. Decir que el pa\u00eds est\u00e1 segregado, en los m\u00e1s diversos planos, a esta altura es una obviedad. La educaci\u00f3n, la salud, la vivienda, la previsi\u00f3n, son expresi\u00f3n donde se materializa la segregaci\u00f3n y la divisi\u00f3n social. De igual forma, en Chile, no de ahora sino desde hace muchas d\u00e9cadas, tambi\u00e9n se expresa una gran segregaci\u00f3n territorial de acuerdo a los niveles de ingreso de los hogares residentes y a la calidad de vida de determinados territorios.<!--more--><\/p>\n<p>En el Chile 2014, literalmente, existe la denominada \u00absierra mastra\u00bb de la derecha, es decir las comunas de Vitacura, Lo Barnechea y Las Condes, otro pa\u00eds. Habr\u00eda que agregarle en la frontera a parte importante de Providencia y La Reina, pero en este art\u00edculo nos vamos a circunscribir a lo que electoralmente se denomina el distrito 23, es decir las tres primeras comunas mencionadas.<\/p>\n<p>Decimos que es otro pa\u00eds, veamos. Chile ha alcanzado los US$ 20 mil per c\u00e1pita. Sin embargo, un interesante art\u00edculo publicado en La Segunda hace un par de a\u00f1os de un joven economista, Andr\u00e9s Zahler, territorializ\u00f3 dicho indicador, y concluy\u00f3 que en el caso de esta zona el per c\u00e1pita triplica el promedio nacional, alcanzando a los US$ 60 mil, y situando esta \u00e1rea con un indicador semejante a los pa\u00edses de Europa del norte. En materia de pobreza, nuestro promedio nacional se acerca al 15%, en esta zona no supera el 1%; en materia de salud, la inmensa mayor\u00eda de quienes vivimos en este territorio somos parte del 17% de los chilenos afiliados a isapres; en materia previsional, sin duda que estamos en los dos \u00faltimos deciles de mayores ingresos y en consecuencia, aseguramos una pensi\u00f3n razonablemente digna. En tanto, en materia de la calidad de vida, es \u00fatil referirse a la conformaci\u00f3n de los grupos socioecon\u00f3micos determinados por la encuesta nacional que realiza la Asociaci\u00f3n de Investigadores de Mercado. El \u00faltimo estudio estableci\u00f3 que a nivel nacional solo el 5,4% de los hogares pertenecemos al ABC1, y en el caso de la Regi\u00f3n Metropolitana alcanza al 10% de los hogares. La inmensa mayor\u00eda de estos viven en esta zona. En materia educacional, la \u00faltima PSU mostr\u00f3 que los colegios mejor rankeados en cuanto a puntajes elevados, tambi\u00e9n son de esta zona. En el \u00e1rea de la salud, m\u00e1s all\u00e1 de su masiva afiliaci\u00f3n a las isapres, la poblaci\u00f3n de este distrito accede a las cl\u00ednicas y centros m\u00e9dicos de mayor costo, pero tambi\u00e9n de mayores comodidades y calidad. Y para no aburrir con m\u00e1s indicadores, me referir\u00e9 a la posesi\u00f3n de autom\u00f3viles. La \u00faltima Casen indic\u00f3 que el 39% de los hogares de Chile posee uno o m\u00e1s veh\u00edculos, mientras que en la comuna de Vitacura hay un veh\u00edculo por habitante, incluyendo las guaguas.<\/p>\n<p>De todo lo anterior se desprende que en esta zona de Santiago vive el 1% m\u00e1s rico de la poblaci\u00f3n que captura el 17% del ingreso nacional y la mayor\u00eda del 10% m\u00e1s rico de la poblaci\u00f3n que captura el 32% de dicho ingreso, de acuerdo a la \u00faltima encuesta nacional de ingresos familiares del INE. Adem\u00e1s, y como es obvio, este otro pa\u00eds se ha constituido pol\u00edticamente en la \u00absierra maestra\u00bb de la derecha. Es su fortaleza desde siempre, pero en las \u00faltimas d\u00e9cadas se ha incrementado dicha fuerza pol\u00edtica. La mejor votaci\u00f3n de la oposici\u00f3n actual en los \u00faltimos 25 a\u00f1os en este territorio, se logr\u00f3 en el plebiscito de 1988, cuando alcanzamos el 40% por la opci\u00f3n No, desde ah\u00ed hasta hoy la cifra ha ido disminuyendo, alcanzando en la \u00faltima elecci\u00f3n parlamentaria solo el 20% de los votos. En consecuencia, no es una fortaleza est\u00e1tica en el tiempo sino que sus muros se van consolidando. Para muestra, un bot\u00f3n: en la \u00faltima elecci\u00f3n presidencial, en su segunda vuelta, hace menos de un mes; mientras el pa\u00eds en su conjunto le otorg\u00f3 un 62% a Bachelet y un 38% a Matthei, en Vitacura la candidata de la derecha alcanz\u00f3 el 82% de los votos; en Las Condes el 75%; y en Lo Barnechea, el 78%. Definitivamente otro pa\u00eds.<\/p>\n<p>A las enormes tareas del pr\u00f3ximo gobierno habr\u00eda que agregar un esfuerzo por que la ciudad no tuviera este tipo de fortalezas, porque finalmente cuando uno nace, estudia, trabaja y muere en la \u00absierra maestra\u00bb, desconoce la existencia del otro Chile, inmensamente mayoritario y lleno de carencias.<\/p>\n<p>Fuente: El Mercurio<\/p>\n","protected":false},"excerpt":{"rendered":"<p>\u00abMientras el pa\u00eds le otorg\u00f3 un 62% a Bachelet y un 38% a Matthei, en Vitacura la candidata de la derecha alcanz\u00f3 el 82% de los votos; en Las Condes el 75%; y en Lo Barnechea, el 78%&#8230;\u00bb Parto por &hellip; <a href=\"https:\/\/mariachappuis.com\/blog\/archivos\/878\">Sigue leyendo <span class=\"meta-nav\">&rarr;<\/span><\/a><\/p>\n","protected":false},"author":1,"featured_media":0,"comment_status":"closed","ping_status":"closed","sticky":false,"template":"","format":"standard","meta":{"footnotes":""},"categories":[1],"tags":[],"class_list":["post-878","post","type-post","status-publish","format-standard","hentry","category-general"],"yoast_head":"<!-- This site is optimized with the Yoast SEO plugin v27.2 - https:\/\/yoast.com\/product\/yoast-seo-wordpress\/ -->\n<title>La &quot;sierra maestra&quot;: el otro pa\u00eds de la derecha<\/title>\n<meta name=\"description\" content=\"&quot;Mientras el pa\u00eds le otorg\u00f3 un 62% a Bachelet y un 38% a Matthei, en Vitacura la candidata de la derecha alcanz\u00f3 el 82% de los votos; en Las Condes el\" \/>\n<meta name=\"robots\" content=\"index, follow, max-snippet:-1, max-image-preview:large, max-video-preview:-1\" \/>\n<link rel=\"canonical\" href=\"https:\/\/mariachappuis.com\/blog\/archivos\/878\" \/>\n<meta property=\"og:locale\" content=\"es_ES\" \/>\n<meta property=\"og:type\" content=\"article\" \/>\n<meta property=\"og:title\" content=\"La &quot;sierra maestra&quot;: el otro pa\u00eds de la derecha\" \/>\n<meta property=\"og:description\" content=\"&quot;Mientras el pa\u00eds le otorg\u00f3 un 62% a Bachelet y un 38% a Matthei, en Vitacura la candidata de la derecha alcanz\u00f3 el 82% de los votos; en Las Condes el\" \/>\n<meta property=\"og:url\" content=\"https:\/\/mariachappuis.com\/blog\/archivos\/878\" \/>\n<meta property=\"og:site_name\" content=\"Maria Chappuis\" \/>\n<meta property=\"article:published_time\" content=\"2014-01-12T18:50:48+00:00\" \/>\n<meta property=\"article:modified_time\" content=\"2017-03-18T06:38:37+00:00\" \/>\n<meta property=\"og:image\" content=\"https:\/\/mariachappuis.com\/blog\/wp-content\/uploads\/2014\/01\/10.jpg\" \/>\n\t<meta property=\"og:image:width\" content=\"157\" \/>\n\t<meta property=\"og:image:height\" content=\"220\" \/>\n\t<meta property=\"og:image:type\" content=\"image\/jpeg\" \/>\n<meta name=\"author\" content=\"Marita Chappuis\" \/>\n<meta name=\"twitter:card\" content=\"summary_large_image\" \/>\n<meta name=\"twitter:label1\" content=\"Escrito por\" \/>\n\t<meta name=\"twitter:data1\" content=\"Marita Chappuis\" \/>\n\t<meta name=\"twitter:label2\" content=\"Tiempo de lectura\" \/>\n\t<meta name=\"twitter:data2\" content=\"4 minutos\" \/>\n<script type=\"application\/ld+json\" class=\"yoast-schema-graph\">{\"@context\":\"https:\/\/schema.org\",\"@graph\":[{\"@type\":\"Article\",\"@id\":\"https:\/\/mariachappuis.com\/blog\/archivos\/878#article\",\"isPartOf\":{\"@id\":\"https:\/\/mariachappuis.com\/blog\/archivos\/878\"},\"author\":{\"name\":\"Marita Chappuis\",\"@id\":\"https:\/\/mariachappuis.com\/blog\/#\/schema\/person\/8de0bece2913b35ac8b590fc9ac6dda5\"},\"headline\":\"La \u00absierra maestra\u00bb: el otro pa\u00eds de la derecha\",\"datePublished\":\"2014-01-12T18:50:48+00:00\",\"dateModified\":\"2017-03-18T06:38:37+00:00\",\"mainEntityOfPage\":{\"@id\":\"https:\/\/mariachappuis.com\/blog\/archivos\/878\"},\"wordCount\":832,\"publisher\":{\"@id\":\"https:\/\/mariachappuis.com\/blog\/#\/schema\/person\/8de0bece2913b35ac8b590fc9ac6dda5\"},\"image\":{\"@id\":\"https:\/\/mariachappuis.com\/blog\/archivos\/878#primaryimage\"},\"thumbnailUrl\":\"http:\/\/www.mariachappuis.com\/blog\/wp-content\/uploads\/2014\/01\/10.jpg\",\"articleSection\":[\"General\"],\"inLanguage\":\"es\"},{\"@type\":\"WebPage\",\"@id\":\"https:\/\/mariachappuis.com\/blog\/archivos\/878\",\"url\":\"https:\/\/mariachappuis.com\/blog\/archivos\/878\",\"name\":\"La \\\"sierra maestra\\\": el otro pa\u00eds de la derecha\",\"isPartOf\":{\"@id\":\"https:\/\/mariachappuis.com\/blog\/#website\"},\"primaryImageOfPage\":{\"@id\":\"https:\/\/mariachappuis.com\/blog\/archivos\/878#primaryimage\"},\"image\":{\"@id\":\"https:\/\/mariachappuis.com\/blog\/archivos\/878#primaryimage\"},\"thumbnailUrl\":\"http:\/\/www.mariachappuis.com\/blog\/wp-content\/uploads\/2014\/01\/10.jpg\",\"datePublished\":\"2014-01-12T18:50:48+00:00\",\"dateModified\":\"2017-03-18T06:38:37+00:00\",\"description\":\"\\\"Mientras el pa\u00eds le otorg\u00f3 un 62% a Bachelet y un 38% a Matthei, en Vitacura la candidata de la derecha alcanz\u00f3 el 82% de los votos; en Las Condes el\",\"breadcrumb\":{\"@id\":\"https:\/\/mariachappuis.com\/blog\/archivos\/878#breadcrumb\"},\"inLanguage\":\"es\",\"potentialAction\":[{\"@type\":\"ReadAction\",\"target\":[\"https:\/\/mariachappuis.com\/blog\/archivos\/878\"]}]},{\"@type\":\"ImageObject\",\"inLanguage\":\"es\",\"@id\":\"https:\/\/mariachappuis.com\/blog\/archivos\/878#primaryimage\",\"url\":\"http:\/\/www.mariachappuis.com\/blog\/wp-content\/uploads\/2014\/01\/10.jpg\",\"contentUrl\":\"http:\/\/www.mariachappuis.com\/blog\/wp-content\/uploads\/2014\/01\/10.jpg\"},{\"@type\":\"BreadcrumbList\",\"@id\":\"https:\/\/mariachappuis.com\/blog\/archivos\/878#breadcrumb\",\"itemListElement\":[{\"@type\":\"ListItem\",\"position\":1,\"name\":\"Portada\",\"item\":\"https:\/\/mariachappuis.com\/blog\"},{\"@type\":\"ListItem\",\"position\":2,\"name\":\"La \u00absierra maestra\u00bb: el otro pa\u00eds de la derecha\"}]},{\"@type\":\"WebSite\",\"@id\":\"https:\/\/mariachappuis.com\/blog\/#website\",\"url\":\"https:\/\/mariachappuis.com\/blog\/\",\"name\":\"Marita Chappuis\",\"description\":\"An\u00e1lisis y Comentarios\",\"publisher\":{\"@id\":\"https:\/\/mariachappuis.com\/blog\/#\/schema\/person\/8de0bece2913b35ac8b590fc9ac6dda5\"},\"alternateName\":\"Marita Chappuis\",\"potentialAction\":[{\"@type\":\"SearchAction\",\"target\":{\"@type\":\"EntryPoint\",\"urlTemplate\":\"https:\/\/mariachappuis.com\/blog\/?s={search_term_string}\"},\"query-input\":{\"@type\":\"PropertyValueSpecification\",\"valueRequired\":true,\"valueName\":\"search_term_string\"}}],\"inLanguage\":\"es\"},{\"@type\":[\"Person\",\"Organization\"],\"@id\":\"https:\/\/mariachappuis.com\/blog\/#\/schema\/person\/8de0bece2913b35ac8b590fc9ac6dda5\",\"name\":\"Marita Chappuis\",\"image\":{\"@type\":\"ImageObject\",\"inLanguage\":\"es\",\"@id\":\"https:\/\/mariachappuis.com\/blog\/wp-content\/uploads\/2024\/01\/cropped-3333.jpg\",\"url\":\"https:\/\/mariachappuis.com\/blog\/wp-content\/uploads\/2024\/01\/cropped-3333.jpg\",\"contentUrl\":\"https:\/\/mariachappuis.com\/blog\/wp-content\/uploads\/2024\/01\/cropped-3333.jpg\",\"width\":512,\"height\":512,\"caption\":\"Marita Chappuis\"},\"logo\":{\"@id\":\"https:\/\/mariachappuis.com\/blog\/wp-content\/uploads\/2024\/01\/cropped-3333.jpg\"}}]}<\/script>\n<!-- \/ Yoast SEO plugin. -->","yoast_head_json":{"title":"La \"sierra maestra\": el otro pa\u00eds de la derecha","description":"\"Mientras el pa\u00eds le otorg\u00f3 un 62% a Bachelet y un 38% a Matthei, en Vitacura la candidata de la derecha alcanz\u00f3 el 82% de los votos; en Las Condes el","robots":{"index":"index","follow":"follow","max-snippet":"max-snippet:-1","max-image-preview":"max-image-preview:large","max-video-preview":"max-video-preview:-1"},"canonical":"https:\/\/mariachappuis.com\/blog\/archivos\/878","og_locale":"es_ES","og_type":"article","og_title":"La \"sierra maestra\": el otro pa\u00eds de la derecha","og_description":"\"Mientras el pa\u00eds le otorg\u00f3 un 62% a Bachelet y un 38% a Matthei, en Vitacura la candidata de la derecha alcanz\u00f3 el 82% de los votos; en Las Condes el","og_url":"https:\/\/mariachappuis.com\/blog\/archivos\/878","og_site_name":"Maria Chappuis","article_published_time":"2014-01-12T18:50:48+00:00","article_modified_time":"2017-03-18T06:38:37+00:00","og_image":[{"width":157,"height":220,"url":"https:\/\/mariachappuis.com\/blog\/wp-content\/uploads\/2014\/01\/10.jpg","type":"image\/jpeg"}],"author":"Marita Chappuis","twitter_card":"summary_large_image","twitter_misc":{"Escrito por":"Marita Chappuis","Tiempo de lectura":"4 minutos"},"schema":{"@context":"https:\/\/schema.org","@graph":[{"@type":"Article","@id":"https:\/\/mariachappuis.com\/blog\/archivos\/878#article","isPartOf":{"@id":"https:\/\/mariachappuis.com\/blog\/archivos\/878"},"author":{"name":"Marita Chappuis","@id":"https:\/\/mariachappuis.com\/blog\/#\/schema\/person\/8de0bece2913b35ac8b590fc9ac6dda5"},"headline":"La \u00absierra maestra\u00bb: el otro pa\u00eds de la derecha","datePublished":"2014-01-12T18:50:48+00:00","dateModified":"2017-03-18T06:38:37+00:00","mainEntityOfPage":{"@id":"https:\/\/mariachappuis.com\/blog\/archivos\/878"},"wordCount":832,"publisher":{"@id":"https:\/\/mariachappuis.com\/blog\/#\/schema\/person\/8de0bece2913b35ac8b590fc9ac6dda5"},"image":{"@id":"https:\/\/mariachappuis.com\/blog\/archivos\/878#primaryimage"},"thumbnailUrl":"http:\/\/www.mariachappuis.com\/blog\/wp-content\/uploads\/2014\/01\/10.jpg","articleSection":["General"],"inLanguage":"es"},{"@type":"WebPage","@id":"https:\/\/mariachappuis.com\/blog\/archivos\/878","url":"https:\/\/mariachappuis.com\/blog\/archivos\/878","name":"La \"sierra maestra\": el otro pa\u00eds de la derecha","isPartOf":{"@id":"https:\/\/mariachappuis.com\/blog\/#website"},"primaryImageOfPage":{"@id":"https:\/\/mariachappuis.com\/blog\/archivos\/878#primaryimage"},"image":{"@id":"https:\/\/mariachappuis.com\/blog\/archivos\/878#primaryimage"},"thumbnailUrl":"http:\/\/www.mariachappuis.com\/blog\/wp-content\/uploads\/2014\/01\/10.jpg","datePublished":"2014-01-12T18:50:48+00:00","dateModified":"2017-03-18T06:38:37+00:00","description":"\"Mientras el pa\u00eds le otorg\u00f3 un 62% a Bachelet y un 38% a Matthei, en Vitacura la candidata de la derecha alcanz\u00f3 el 82% de los votos; en Las Condes el","breadcrumb":{"@id":"https:\/\/mariachappuis.com\/blog\/archivos\/878#breadcrumb"},"inLanguage":"es","potentialAction":[{"@type":"ReadAction","target":["https:\/\/mariachappuis.com\/blog\/archivos\/878"]}]},{"@type":"ImageObject","inLanguage":"es","@id":"https:\/\/mariachappuis.com\/blog\/archivos\/878#primaryimage","url":"http:\/\/www.mariachappuis.com\/blog\/wp-content\/uploads\/2014\/01\/10.jpg","contentUrl":"http:\/\/www.mariachappuis.com\/blog\/wp-content\/uploads\/2014\/01\/10.jpg"},{"@type":"BreadcrumbList","@id":"https:\/\/mariachappuis.com\/blog\/archivos\/878#breadcrumb","itemListElement":[{"@type":"ListItem","position":1,"name":"Portada","item":"https:\/\/mariachappuis.com\/blog"},{"@type":"ListItem","position":2,"name":"La \u00absierra maestra\u00bb: el otro pa\u00eds de la derecha"}]},{"@type":"WebSite","@id":"https:\/\/mariachappuis.com\/blog\/#website","url":"https:\/\/mariachappuis.com\/blog\/","name":"Marita Chappuis","description":"An\u00e1lisis y Comentarios","publisher":{"@id":"https:\/\/mariachappuis.com\/blog\/#\/schema\/person\/8de0bece2913b35ac8b590fc9ac6dda5"},"alternateName":"Marita Chappuis","potentialAction":[{"@type":"SearchAction","target":{"@type":"EntryPoint","urlTemplate":"https:\/\/mariachappuis.com\/blog\/?s={search_term_string}"},"query-input":{"@type":"PropertyValueSpecification","valueRequired":true,"valueName":"search_term_string"}}],"inLanguage":"es"},{"@type":["Person","Organization"],"@id":"https:\/\/mariachappuis.com\/blog\/#\/schema\/person\/8de0bece2913b35ac8b590fc9ac6dda5","name":"Marita Chappuis","image":{"@type":"ImageObject","inLanguage":"es","@id":"https:\/\/mariachappuis.com\/blog\/wp-content\/uploads\/2024\/01\/cropped-3333.jpg","url":"https:\/\/mariachappuis.com\/blog\/wp-content\/uploads\/2024\/01\/cropped-3333.jpg","contentUrl":"https:\/\/mariachappuis.com\/blog\/wp-content\/uploads\/2024\/01\/cropped-3333.jpg","width":512,"height":512,"caption":"Marita Chappuis"},"logo":{"@id":"https:\/\/mariachappuis.com\/blog\/wp-content\/uploads\/2024\/01\/cropped-3333.jpg"}}]}},"_links":{"self":[{"href":"https:\/\/mariachappuis.com\/blog\/wp-json\/wp\/v2\/posts\/878","targetHints":{"allow":["GET"]}}],"collection":[{"href":"https:\/\/mariachappuis.com\/blog\/wp-json\/wp\/v2\/posts"}],"about":[{"href":"https:\/\/mariachappuis.com\/blog\/wp-json\/wp\/v2\/types\/post"}],"author":[{"embeddable":true,"href":"https:\/\/mariachappuis.com\/blog\/wp-json\/wp\/v2\/users\/1"}],"replies":[{"embeddable":true,"href":"https:\/\/mariachappuis.com\/blog\/wp-json\/wp\/v2\/comments?post=878"}],"version-history":[{"count":5,"href":"https:\/\/mariachappuis.com\/blog\/wp-json\/wp\/v2\/posts\/878\/revisions"}],"predecessor-version":[{"id":2007,"href":"https:\/\/mariachappuis.com\/blog\/wp-json\/wp\/v2\/posts\/878\/revisions\/2007"}],"wp:attachment":[{"href":"https:\/\/mariachappuis.com\/blog\/wp-json\/wp\/v2\/media?parent=878"}],"wp:term":[{"taxonomy":"category","embeddable":true,"href":"https:\/\/mariachappuis.com\/blog\/wp-json\/wp\/v2\/categories?post=878"},{"taxonomy":"post_tag","embeddable":true,"href":"https:\/\/mariachappuis.com\/blog\/wp-json\/wp\/v2\/tags?post=878"}],"curies":[{"name":"wp","href":"https:\/\/api.w.org\/{rel}","templated":true}]}}