{"id":868,"date":"2014-01-10T23:31:07","date_gmt":"2014-01-10T23:31:07","guid":{"rendered":"http:\/\/www.mariachappuis.com\/blog\/?p=868"},"modified":"2017-03-18T01:38:37","modified_gmt":"2017-03-18T06:38:37","slug":"caserones-la-mina-lista-para-partir-que-no-puede-hacerlo-por-conflicto-ambiental","status":"publish","type":"post","link":"https:\/\/mariachappuis.com\/blog\/archivos\/868","title":{"rendered":"Caserones: La mina lista para partir que no puede hacerlo por conflicto ambiental"},"content":{"rendered":"<p><a href=\"http:\/\/www.mariachappuis.com\/blog\/archivos\/868\/caserones-2\" rel=\"attachment wp-att-869\"><img loading=\"lazy\" decoding=\"async\" class=\"alignnone size-full wp-image-869\" alt=\"Caserones\" src=\"http:\/\/www.mariachappuis.com\/blog\/wp-content\/uploads\/2014\/01\/Caserones.jpg\" width=\"379\" height=\"246\" srcset=\"https:\/\/mariachappuis.com\/blog\/wp-content\/uploads\/2014\/01\/Caserones.jpg 448w, https:\/\/mariachappuis.com\/blog\/wp-content\/uploads\/2014\/01\/Caserones-300x194.jpg 300w\" sizes=\"auto, (max-width: 379px) 100vw, 379px\" \/><\/a><\/p>\n<p>Proyecto de cobre Caserones, de la japonesa Lumina, enfrenta nuevas trabas ambientales que ponen en riesgo el permiso ambiental con el que cuenta y, peor a\u00fan, su viabilidad. La inversi\u00f3n total prevista alcanza los US$3.000 millones, de los cuales ya ha sido ejecutado casi la totalidad.<\/p>\n<p>(Pulso) El avance de las obras ya se acerca al 100%, los contratos de energ\u00eda est\u00e1n firmados y la empresa tiene toda la intenci\u00f3n de partir. Pero el proyecto Caserones, perteneciente a la japonesa Lumina Copper y dirigido por el experimentado ejecutivo Nelson Pizarro, no puede iniciar a\u00fan el proceso formal de puesta en marcha.<!--more--><\/p>\n<p>Lo que mantiene trabado el inicio oficial de la producci\u00f3n de Caserones -que involucra una inversi\u00f3n de US$3.000 millones- es un conflicto ambiental. Y no uno menor.<\/p>\n<p>Hace algunas semanas, la Superintendencia de Medio Ambiente (SMA) inici\u00f3 un proceso sancionatorio contra el proyecto, levantando cargos por 23 infracciones, varias de las cuales se relacionan con fallas en la gesti\u00f3n de recursos h\u00eddricos. La compa\u00f1\u00eda, adem\u00e1s de responder, decidi\u00f3 enviar dos nuevas declaraciones de impacto ambiental, en el marco del plan que denomin\u00f3 Actualizaci\u00f3n Mina Caserones, pero que en vez de resolver el problema, los est\u00e1 empeorando.<\/p>\n<p>Se trata de dos DIA: la primera abarca las modificaciones al trazado de la l\u00ednea de transmisi\u00f3n -que causaron quejas de la SMA-, mientras que la segunda se relaciona con las mejoras ambientales, incluyendo el manejo del agua.<\/p>\n<p>Hoy, el principal escollo es el actuar de algunos grupos opositores a la iniciativa. Seg\u00fan un grupo de abogados opositores a la iniciativa, el proyecto genera cambios relevantes a la idea original, por lo que deber\u00eda haber ingresado como Estudio de Impacto Ambiental (EIA) y no DIA. Una de las principales diferencias entre una y otra alternativa es que en el caso de un EIA debe realizarse una consulta ciudadana, mientras que una DIA no.<\/p>\n<p>Esto es a lo que se oponen los abogados contrarios a Caserones. Adem\u00e1s de los efectos respecto de la disponibilidad de agua -en una regi\u00f3n con d\u00e9ficit del recurso- plantean que la actualizaci\u00f3n incorpora obras nuevas que deben ser discutidas con la comunidad, como por ejemplo la construcci\u00f3n de nuevos pozos.<\/p>\n<p>No es todo. Los servicios p\u00fablicos con competencia en el proceso de evaluaci\u00f3n han hecho llegar sus reparos al proyecto, lo que derivar\u00e1 en la entrega de un Icsara (Informe Consolidado de Solicitud de Aclaraciones, Rectificaciones y\/o Ampliaciones) que demorar\u00e1 a\u00fan m\u00e1s la aprobaci\u00f3n de esta actualizaci\u00f3n. La Seremi de Medio Ambiente de la regi\u00f3n critic\u00f3 que la empresa no estableciera compromisos voluntarios sobre el agua, dado lo cr\u00edtico que resulta la disponibilidad en Atacama. La Seremi de Salud, en tanto, fue m\u00e1s all\u00e1 y advirti\u00f3 que el proyecto \u201cgenerar\u00eda eventualmente efectos adversos significativos sobre la cantidad y calidad de este recurso (h\u00eddrico) y los impactos potenciales podr\u00edan ser irreversibles, poniendo en riesgo la cantidad y calidad de recurso h\u00eddrico de los habitantes aguas abajo de las faenas\u201d. A una eventual Adenda de la actualizaci\u00f3n del proyecto, se deber\u00e1 agregar el plazo para una consulta ciudadana, que deber\u00eda demorar al menos un mes.<\/p>\n<p>As\u00ed Caserones, que deber\u00eda haber entrado en operaciones por calendario el a\u00f1o pasado, seguir\u00e1 sin poder hacerlo.<\/p>\n<p>RESPUESTA DE LA EMPRESA<\/p>\n<p>Recientemente, la Superintendencia de Medio Ambiente liber\u00f3 un documento con la declaraci\u00f3n hecha por el gerente general de Lumina Copper Chile, Nelson Pizarro Contador, quien reconoce que Caserones est\u00e1 operando a una capacidad m\u00ednima (inferior al 10%) y dice desconocer que sin las aprobaciones faltantes -comprometidas en la RCA- el proyecto no puede operar.<\/p>\n<p>\u201cEl proyecto Caserones a partir del 12 de marzo del presente a\u00f1o inicia el proceso parcial de operaciones, focalizado en la puesta en marcha del proceso de la planta de c\u00e1todos, que en su capacidad de dise\u00f1o lograda al fin del ramp up en los pr\u00f3ximos meses significar\u00e1 del orden del 13% de la capacidad productiva del proyecto Caserones. Los valores actuales se ubican en un rango inferior al 10%\u201d, reconoci\u00f3 Pizarro frente a la autoridad.<\/p>\n<p>La autoridad contrapregunta: \u00bfEst\u00e1 usted en conocimiento que la RCA que califica favorablemente el proyecto Caserones establece expresamente que sin la validaci\u00f3n de estos dise\u00f1os, sistemas y planes, el proyecto no podr\u00e1 operar?\u201d. La respuesta de Pizarro fue escueta: \u201cNo\u201d.<\/p>\n<p>Fuente:\u00a0 Mineria Chilena<\/p>\n","protected":false},"excerpt":{"rendered":"<p>Proyecto de cobre Caserones, de la japonesa Lumina, enfrenta nuevas trabas ambientales que ponen en riesgo el permiso ambiental con el que cuenta y, peor a\u00fan, su viabilidad. La inversi\u00f3n total prevista alcanza los US$3.000 millones, de los cuales ya &hellip; <a href=\"https:\/\/mariachappuis.com\/blog\/archivos\/868\">Sigue leyendo <span class=\"meta-nav\">&rarr;<\/span><\/a><\/p>\n","protected":false},"author":1,"featured_media":0,"comment_status":"closed","ping_status":"closed","sticky":false,"template":"","format":"standard","meta":{"footnotes":""},"categories":[1],"tags":[],"class_list":["post-868","post","type-post","status-publish","format-standard","hentry","category-general"],"yoast_head":"<!-- This site is optimized with the Yoast SEO plugin v27.2 - https:\/\/yoast.com\/product\/yoast-seo-wordpress\/ -->\n<title>Caserones: La mina lista para partir que no puede hacerlo por conflicto ambiental<\/title>\n<meta name=\"description\" content=\"Proyecto de cobre Caserones, de la japonesa Lumina, enfrenta nuevas trabas ambientales que ponen en riesgo el permiso ambiental con el que cuenta y, peor\" \/>\n<meta name=\"robots\" content=\"index, follow, max-snippet:-1, max-image-preview:large, max-video-preview:-1\" \/>\n<link rel=\"canonical\" href=\"https:\/\/mariachappuis.com\/blog\/archivos\/868\" \/>\n<meta property=\"og:locale\" content=\"es_ES\" \/>\n<meta property=\"og:type\" content=\"article\" \/>\n<meta property=\"og:title\" content=\"Caserones: La mina lista para partir que no puede hacerlo por conflicto ambiental\" \/>\n<meta property=\"og:description\" content=\"Proyecto de cobre Caserones, de la japonesa Lumina, enfrenta nuevas trabas ambientales que ponen en riesgo el permiso ambiental con el que cuenta y, peor\" \/>\n<meta property=\"og:url\" content=\"https:\/\/mariachappuis.com\/blog\/archivos\/868\" \/>\n<meta property=\"og:site_name\" content=\"Maria Chappuis\" \/>\n<meta property=\"article:published_time\" content=\"2014-01-10T23:31:07+00:00\" \/>\n<meta property=\"article:modified_time\" content=\"2017-03-18T06:38:37+00:00\" \/>\n<meta property=\"og:image\" content=\"https:\/\/mariachappuis.com\/blog\/wp-content\/uploads\/2014\/01\/Caserones.jpg\" \/>\n\t<meta property=\"og:image:width\" content=\"448\" \/>\n\t<meta property=\"og:image:height\" content=\"291\" \/>\n\t<meta property=\"og:image:type\" content=\"image\/jpeg\" \/>\n<meta name=\"author\" content=\"Marita Chappuis\" \/>\n<meta name=\"twitter:card\" content=\"summary_large_image\" \/>\n<meta name=\"twitter:label1\" content=\"Escrito por\" \/>\n\t<meta name=\"twitter:data1\" content=\"Marita Chappuis\" \/>\n\t<meta name=\"twitter:label2\" content=\"Tiempo de lectura\" \/>\n\t<meta name=\"twitter:data2\" content=\"4 minutos\" \/>\n<script type=\"application\/ld+json\" class=\"yoast-schema-graph\">{\"@context\":\"https:\/\/schema.org\",\"@graph\":[{\"@type\":\"Article\",\"@id\":\"https:\/\/mariachappuis.com\/blog\/archivos\/868#article\",\"isPartOf\":{\"@id\":\"https:\/\/mariachappuis.com\/blog\/archivos\/868\"},\"author\":{\"name\":\"Marita Chappuis\",\"@id\":\"https:\/\/mariachappuis.com\/blog\/#\/schema\/person\/8de0bece2913b35ac8b590fc9ac6dda5\"},\"headline\":\"Caserones: La mina lista para partir que no puede hacerlo por conflicto ambiental\",\"datePublished\":\"2014-01-10T23:31:07+00:00\",\"dateModified\":\"2017-03-18T06:38:37+00:00\",\"mainEntityOfPage\":{\"@id\":\"https:\/\/mariachappuis.com\/blog\/archivos\/868\"},\"wordCount\":763,\"publisher\":{\"@id\":\"https:\/\/mariachappuis.com\/blog\/#\/schema\/person\/8de0bece2913b35ac8b590fc9ac6dda5\"},\"image\":{\"@id\":\"https:\/\/mariachappuis.com\/blog\/archivos\/868#primaryimage\"},\"thumbnailUrl\":\"http:\/\/www.mariachappuis.com\/blog\/wp-content\/uploads\/2014\/01\/Caserones.jpg\",\"articleSection\":[\"General\"],\"inLanguage\":\"es\"},{\"@type\":\"WebPage\",\"@id\":\"https:\/\/mariachappuis.com\/blog\/archivos\/868\",\"url\":\"https:\/\/mariachappuis.com\/blog\/archivos\/868\",\"name\":\"Caserones: La mina lista para partir que no puede hacerlo por conflicto ambiental\",\"isPartOf\":{\"@id\":\"https:\/\/mariachappuis.com\/blog\/#website\"},\"primaryImageOfPage\":{\"@id\":\"https:\/\/mariachappuis.com\/blog\/archivos\/868#primaryimage\"},\"image\":{\"@id\":\"https:\/\/mariachappuis.com\/blog\/archivos\/868#primaryimage\"},\"thumbnailUrl\":\"http:\/\/www.mariachappuis.com\/blog\/wp-content\/uploads\/2014\/01\/Caserones.jpg\",\"datePublished\":\"2014-01-10T23:31:07+00:00\",\"dateModified\":\"2017-03-18T06:38:37+00:00\",\"description\":\"Proyecto de cobre Caserones, de la japonesa Lumina, enfrenta nuevas trabas ambientales que ponen en riesgo el permiso ambiental con el que cuenta y, peor\",\"breadcrumb\":{\"@id\":\"https:\/\/mariachappuis.com\/blog\/archivos\/868#breadcrumb\"},\"inLanguage\":\"es\",\"potentialAction\":[{\"@type\":\"ReadAction\",\"target\":[\"https:\/\/mariachappuis.com\/blog\/archivos\/868\"]}]},{\"@type\":\"ImageObject\",\"inLanguage\":\"es\",\"@id\":\"https:\/\/mariachappuis.com\/blog\/archivos\/868#primaryimage\",\"url\":\"http:\/\/www.mariachappuis.com\/blog\/wp-content\/uploads\/2014\/01\/Caserones.jpg\",\"contentUrl\":\"http:\/\/www.mariachappuis.com\/blog\/wp-content\/uploads\/2014\/01\/Caserones.jpg\"},{\"@type\":\"BreadcrumbList\",\"@id\":\"https:\/\/mariachappuis.com\/blog\/archivos\/868#breadcrumb\",\"itemListElement\":[{\"@type\":\"ListItem\",\"position\":1,\"name\":\"Portada\",\"item\":\"https:\/\/mariachappuis.com\/blog\"},{\"@type\":\"ListItem\",\"position\":2,\"name\":\"Caserones: La mina lista para partir que no puede hacerlo por conflicto ambiental\"}]},{\"@type\":\"WebSite\",\"@id\":\"https:\/\/mariachappuis.com\/blog\/#website\",\"url\":\"https:\/\/mariachappuis.com\/blog\/\",\"name\":\"Marita Chappuis\",\"description\":\"An\u00e1lisis y Comentarios\",\"publisher\":{\"@id\":\"https:\/\/mariachappuis.com\/blog\/#\/schema\/person\/8de0bece2913b35ac8b590fc9ac6dda5\"},\"alternateName\":\"Marita Chappuis\",\"potentialAction\":[{\"@type\":\"SearchAction\",\"target\":{\"@type\":\"EntryPoint\",\"urlTemplate\":\"https:\/\/mariachappuis.com\/blog\/?s={search_term_string}\"},\"query-input\":{\"@type\":\"PropertyValueSpecification\",\"valueRequired\":true,\"valueName\":\"search_term_string\"}}],\"inLanguage\":\"es\"},{\"@type\":[\"Person\",\"Organization\"],\"@id\":\"https:\/\/mariachappuis.com\/blog\/#\/schema\/person\/8de0bece2913b35ac8b590fc9ac6dda5\",\"name\":\"Marita Chappuis\",\"image\":{\"@type\":\"ImageObject\",\"inLanguage\":\"es\",\"@id\":\"https:\/\/mariachappuis.com\/blog\/wp-content\/uploads\/2024\/01\/cropped-3333.jpg\",\"url\":\"https:\/\/mariachappuis.com\/blog\/wp-content\/uploads\/2024\/01\/cropped-3333.jpg\",\"contentUrl\":\"https:\/\/mariachappuis.com\/blog\/wp-content\/uploads\/2024\/01\/cropped-3333.jpg\",\"width\":512,\"height\":512,\"caption\":\"Marita Chappuis\"},\"logo\":{\"@id\":\"https:\/\/mariachappuis.com\/blog\/wp-content\/uploads\/2024\/01\/cropped-3333.jpg\"}}]}<\/script>\n<!-- \/ Yoast SEO plugin. -->","yoast_head_json":{"title":"Caserones: La mina lista para partir que no puede hacerlo por conflicto ambiental","description":"Proyecto de cobre Caserones, de la japonesa Lumina, enfrenta nuevas trabas ambientales que ponen en riesgo el permiso ambiental con el que cuenta y, peor","robots":{"index":"index","follow":"follow","max-snippet":"max-snippet:-1","max-image-preview":"max-image-preview:large","max-video-preview":"max-video-preview:-1"},"canonical":"https:\/\/mariachappuis.com\/blog\/archivos\/868","og_locale":"es_ES","og_type":"article","og_title":"Caserones: La mina lista para partir que no puede hacerlo por conflicto ambiental","og_description":"Proyecto de cobre Caserones, de la japonesa Lumina, enfrenta nuevas trabas ambientales que ponen en riesgo el permiso ambiental con el que cuenta y, peor","og_url":"https:\/\/mariachappuis.com\/blog\/archivos\/868","og_site_name":"Maria Chappuis","article_published_time":"2014-01-10T23:31:07+00:00","article_modified_time":"2017-03-18T06:38:37+00:00","og_image":[{"width":448,"height":291,"url":"https:\/\/mariachappuis.com\/blog\/wp-content\/uploads\/2014\/01\/Caserones.jpg","type":"image\/jpeg"}],"author":"Marita Chappuis","twitter_card":"summary_large_image","twitter_misc":{"Escrito por":"Marita Chappuis","Tiempo de lectura":"4 minutos"},"schema":{"@context":"https:\/\/schema.org","@graph":[{"@type":"Article","@id":"https:\/\/mariachappuis.com\/blog\/archivos\/868#article","isPartOf":{"@id":"https:\/\/mariachappuis.com\/blog\/archivos\/868"},"author":{"name":"Marita Chappuis","@id":"https:\/\/mariachappuis.com\/blog\/#\/schema\/person\/8de0bece2913b35ac8b590fc9ac6dda5"},"headline":"Caserones: La mina lista para partir que no puede hacerlo por conflicto ambiental","datePublished":"2014-01-10T23:31:07+00:00","dateModified":"2017-03-18T06:38:37+00:00","mainEntityOfPage":{"@id":"https:\/\/mariachappuis.com\/blog\/archivos\/868"},"wordCount":763,"publisher":{"@id":"https:\/\/mariachappuis.com\/blog\/#\/schema\/person\/8de0bece2913b35ac8b590fc9ac6dda5"},"image":{"@id":"https:\/\/mariachappuis.com\/blog\/archivos\/868#primaryimage"},"thumbnailUrl":"http:\/\/www.mariachappuis.com\/blog\/wp-content\/uploads\/2014\/01\/Caserones.jpg","articleSection":["General"],"inLanguage":"es"},{"@type":"WebPage","@id":"https:\/\/mariachappuis.com\/blog\/archivos\/868","url":"https:\/\/mariachappuis.com\/blog\/archivos\/868","name":"Caserones: La mina lista para partir que no puede hacerlo por conflicto ambiental","isPartOf":{"@id":"https:\/\/mariachappuis.com\/blog\/#website"},"primaryImageOfPage":{"@id":"https:\/\/mariachappuis.com\/blog\/archivos\/868#primaryimage"},"image":{"@id":"https:\/\/mariachappuis.com\/blog\/archivos\/868#primaryimage"},"thumbnailUrl":"http:\/\/www.mariachappuis.com\/blog\/wp-content\/uploads\/2014\/01\/Caserones.jpg","datePublished":"2014-01-10T23:31:07+00:00","dateModified":"2017-03-18T06:38:37+00:00","description":"Proyecto de cobre Caserones, de la japonesa Lumina, enfrenta nuevas trabas ambientales que ponen en riesgo el permiso ambiental con el que cuenta y, peor","breadcrumb":{"@id":"https:\/\/mariachappuis.com\/blog\/archivos\/868#breadcrumb"},"inLanguage":"es","potentialAction":[{"@type":"ReadAction","target":["https:\/\/mariachappuis.com\/blog\/archivos\/868"]}]},{"@type":"ImageObject","inLanguage":"es","@id":"https:\/\/mariachappuis.com\/blog\/archivos\/868#primaryimage","url":"http:\/\/www.mariachappuis.com\/blog\/wp-content\/uploads\/2014\/01\/Caserones.jpg","contentUrl":"http:\/\/www.mariachappuis.com\/blog\/wp-content\/uploads\/2014\/01\/Caserones.jpg"},{"@type":"BreadcrumbList","@id":"https:\/\/mariachappuis.com\/blog\/archivos\/868#breadcrumb","itemListElement":[{"@type":"ListItem","position":1,"name":"Portada","item":"https:\/\/mariachappuis.com\/blog"},{"@type":"ListItem","position":2,"name":"Caserones: La mina lista para partir que no puede hacerlo por conflicto ambiental"}]},{"@type":"WebSite","@id":"https:\/\/mariachappuis.com\/blog\/#website","url":"https:\/\/mariachappuis.com\/blog\/","name":"Marita Chappuis","description":"An\u00e1lisis y Comentarios","publisher":{"@id":"https:\/\/mariachappuis.com\/blog\/#\/schema\/person\/8de0bece2913b35ac8b590fc9ac6dda5"},"alternateName":"Marita Chappuis","potentialAction":[{"@type":"SearchAction","target":{"@type":"EntryPoint","urlTemplate":"https:\/\/mariachappuis.com\/blog\/?s={search_term_string}"},"query-input":{"@type":"PropertyValueSpecification","valueRequired":true,"valueName":"search_term_string"}}],"inLanguage":"es"},{"@type":["Person","Organization"],"@id":"https:\/\/mariachappuis.com\/blog\/#\/schema\/person\/8de0bece2913b35ac8b590fc9ac6dda5","name":"Marita Chappuis","image":{"@type":"ImageObject","inLanguage":"es","@id":"https:\/\/mariachappuis.com\/blog\/wp-content\/uploads\/2024\/01\/cropped-3333.jpg","url":"https:\/\/mariachappuis.com\/blog\/wp-content\/uploads\/2024\/01\/cropped-3333.jpg","contentUrl":"https:\/\/mariachappuis.com\/blog\/wp-content\/uploads\/2024\/01\/cropped-3333.jpg","width":512,"height":512,"caption":"Marita Chappuis"},"logo":{"@id":"https:\/\/mariachappuis.com\/blog\/wp-content\/uploads\/2024\/01\/cropped-3333.jpg"}}]}},"_links":{"self":[{"href":"https:\/\/mariachappuis.com\/blog\/wp-json\/wp\/v2\/posts\/868","targetHints":{"allow":["GET"]}}],"collection":[{"href":"https:\/\/mariachappuis.com\/blog\/wp-json\/wp\/v2\/posts"}],"about":[{"href":"https:\/\/mariachappuis.com\/blog\/wp-json\/wp\/v2\/types\/post"}],"author":[{"embeddable":true,"href":"https:\/\/mariachappuis.com\/blog\/wp-json\/wp\/v2\/users\/1"}],"replies":[{"embeddable":true,"href":"https:\/\/mariachappuis.com\/blog\/wp-json\/wp\/v2\/comments?post=868"}],"version-history":[{"count":5,"href":"https:\/\/mariachappuis.com\/blog\/wp-json\/wp\/v2\/posts\/868\/revisions"}],"predecessor-version":[{"id":2009,"href":"https:\/\/mariachappuis.com\/blog\/wp-json\/wp\/v2\/posts\/868\/revisions\/2009"}],"wp:attachment":[{"href":"https:\/\/mariachappuis.com\/blog\/wp-json\/wp\/v2\/media?parent=868"}],"wp:term":[{"taxonomy":"category","embeddable":true,"href":"https:\/\/mariachappuis.com\/blog\/wp-json\/wp\/v2\/categories?post=868"},{"taxonomy":"post_tag","embeddable":true,"href":"https:\/\/mariachappuis.com\/blog\/wp-json\/wp\/v2\/tags?post=868"}],"curies":[{"name":"wp","href":"https:\/\/api.w.org\/{rel}","templated":true}]}}