{"id":848,"date":"2013-12-19T00:01:29","date_gmt":"2013-12-19T00:01:29","guid":{"rendered":"http:\/\/www.mariachappuis.com\/blog\/?p=848"},"modified":"2017-03-18T01:37:26","modified_gmt":"2017-03-18T06:37:26","slug":"codelco-sma-pide-clausurar-ventanas","status":"publish","type":"post","link":"https:\/\/mariachappuis.com\/blog\/archivos\/848","title":{"rendered":"Codelco: SMA pide clausurar Ventanas"},"content":{"rendered":"<p><a href=\"http:\/\/www.mariachappuis.com\/blog\/archivos\/848\/ventanas-540x350\" rel=\"attachment wp-att-850\"><img loading=\"lazy\" decoding=\"async\" class=\"alignnone size-full wp-image-850\" alt=\"Ventanas-540x350\" src=\"http:\/\/www.mariachappuis.com\/blog\/wp-content\/uploads\/2013\/12\/Ventanas-540x350.jpg\" width=\"428\" height=\"277\" srcset=\"https:\/\/mariachappuis.com\/blog\/wp-content\/uploads\/2013\/12\/Ventanas-540x350.jpg 540w, https:\/\/mariachappuis.com\/blog\/wp-content\/uploads\/2013\/12\/Ventanas-540x350-300x194.jpg 300w\" sizes=\"auto, (max-width: 428px) 100vw, 428px\" \/><\/a><\/p>\n<p>El organismo fiscalizador ingres\u00f3 una solicitud ante el Segundo Tribunal Ambiental para que se le permita clausurar temporalmente el plantel por generar un riesgo inminente al entorno y a la salud de las personas.<\/p>\n<p>[En un comunicado enviado horas m\u00e1s tarde, la SMA detall\u00f3 que su acci\u00f3n supuso pedir autorizaci\u00f3n al Tribunal Ambiental para clausurar de forma temporal las obras de Ventanas]<!--more--><\/p>\n<p>(La Segunda) Una de las movidas m\u00e1s relevantes desde que est\u00e1 en funcionamiento realiz\u00f3 hoy la Superintendencia de Medio Ambiente (SMA). A primera hora de esta ma\u00f1ana el organismo fiscalizador ingres\u00f3 una solicitud ante el Segundo Tribunal Ambiental para que se le permita clausurar la Divisi\u00f3n Ventanas de Codelco por generar un riesgo inminente al entorno y a la salud de las personas.<\/p>\n<p>En espec\u00edfico, la petici\u00f3n de la superintendencia es la clausura temporal de la divisi\u00f3n de la minera estatal por la existencia de dos obras no evaluadas ambientalmente.<\/p>\n<p>El organismo liderado por Juan Carlos Monckeberg sostiene que \u2014tras ejecutar una inspecci\u00f3n y examen de informaci\u00f3n\u2014 la operaci\u00f3n de ambas instalaciones son un riesgo inminente para la localidad de Puchuncav\u00ed, donde se emplaza la divisi\u00f3n de la minera estatal.<\/p>\n<p>\u201cSolicito autorizaci\u00f3n judicial para decretar la medida provisional de clausura temporal y parcial de las modificaciones, obras y actividades desarrolladas en los sitios \u2018Sector Botadero\u2019 y \u2018Sector Dep\u00f3sito de Seguridad\u2019, de la Fundici\u00f3n y Refiner\u00eda Ventanas, de Codelco Chile Divisi\u00f3n Ventanas\u201d, dice el escrito ingresado hoy al Tribunal Ambiental.<\/p>\n<p>El texto agrega que \u201cla medida se\u00f1alada se funda en el grave riesgo al medio ambiente y salud de las personas que esta Superintendencia ha constatado en el ejercicio de su potestad fiscalizadora, toda vez que la empresa Codelco Chile Divisi\u00f3n Ventanas est\u00e1 ejecutando obras y actividades en los sitios \u2018Sector Botadero\u2019 y \u2018Sector Dep\u00f3sito de Seguridad\u2019, las cuales no han sido sometidas al Sistema de Evaluaci\u00f3n de Impacto Ambiental\u201d.<\/p>\n<p>\u201cLo anterior, constituye una infracci\u00f3n de aquellas tipificadas en la letra b) del art\u00edculo 35 de la LOSMA (Ley Org\u00e1nica de la SMA), la que a su vez se clasifica como grav\u00edsima o grave\u201d, afirma la SMA.<\/p>\n<p>La misiva finaliza recalcando que \u201cexisten una serie de antecedentes de las actividades de fiscalizaci\u00f3n (inspecci\u00f3n y examen de informaci\u00f3n) que dan cuenta de que la operaci\u00f3n de ambos proyectos ha generado y genera un riesgo inminente de da\u00f1o al medio ambiente y a la salud de las personas\u201d.<\/p>\n<p>Las instalaciones que no ingresaron a tramitaci\u00f3n<\/p>\n<p>Entre las falencias detectadas por el fiscalizador est\u00e1, por ejemplo, que en el denominado Sector Botadero \u2014usado para depositar residuos de los procesos de fundici\u00f3n y refinamiento\u2014, no cuenta con una superficie impermeabilizada que impida el paso de lixiviados a la napa subterr\u00e1nea, y en especial, al humedal.<\/p>\n<p>Tambi\u00e9n se constata que los niveles de ars\u00e9nico superan la norma internacional utilizada en todos los sitios muestreados. Por otra parte, los niveles de cobre superan la norma en cuatro de los seis sitios muestreados.<\/p>\n<p>Cabe se\u00f1alar que el Sector Botadero, est\u00e1 emplazado en un \u00e1rea catalogada como humedal que posee una superficie aproximada de 2.777.000 metros cuadrados. La SMA dice que, en atenci\u00f3n a las falencias detectadas, el humedal podr\u00eda ser da\u00f1ado por la presencia de contaminantes, lo que afectar\u00eda las especies de flora y fauna, y a mayor abundamiento, la dispersi\u00f3n de los residuos podr\u00eda afectar la salud de las personas.<\/p>\n<p>Respecto al Dep\u00f3sito de Seguridad \u2014ubicado al interior de las instalaciones de la fundici\u00f3n\u2014 corresponde a un \u00e1rea utilizada para depositar residuos de los procesos de fundici\u00f3n, refinamiento, tratamiento de gases, entre otros.<\/p>\n<p>La SMA constat\u00f3 que en el suelo del sector exist\u00eda presencia de ars\u00e9nico, plomo, antimonio, n\u00edquel, cobre, entre otros elementos. Con respecto a las concentraciones identificadas, estas var\u00edan dependiendo del elemento y del punto de medici\u00f3n, siendo las m\u00e1s altas aquellas asociadas a ars\u00e9nico, las cuales presentan valores entre 3.039 partes por mill\u00f3n (ppm) en la zona 8.<\/p>\n<p>De acuerdo a los antecedentes remitidos por la Seremi de Salud, asociados al registro de gu\u00edas de despacho, se constata que existi\u00f3 transporte de residuos etiquetados como \u201c\u00e1ridos contaminados\u201d y \u201c\u00e1ridos contaminados con metales\u201d, desde el Sector Dep\u00f3sito de Seguridad a instalaciones externas, hasta el 11 de marzo de 2013. Asimismo, se adjuntaron las gu\u00edas que permiten acreditar que los residuos eran de car\u00e1cter peligroso y que la actividad de saneamiento fue realizada al menos entre el a\u00f1o 2012 y marzo del a\u00f1o 2013.<\/p>\n<p>Fuente: Miner\u00eda Chilena<\/p>\n","protected":false},"excerpt":{"rendered":"<p>El organismo fiscalizador ingres\u00f3 una solicitud ante el Segundo Tribunal Ambiental para que se le permita clausurar temporalmente el plantel por generar un riesgo inminente al entorno y a la salud de las personas. [En un comunicado enviado horas m\u00e1s &hellip; <a href=\"https:\/\/mariachappuis.com\/blog\/archivos\/848\">Sigue leyendo <span class=\"meta-nav\">&rarr;<\/span><\/a><\/p>\n","protected":false},"author":1,"featured_media":0,"comment_status":"closed","ping_status":"closed","sticky":false,"template":"","format":"standard","meta":{"footnotes":""},"categories":[1],"tags":[],"class_list":["post-848","post","type-post","status-publish","format-standard","hentry","category-general"],"yoast_head":"<!-- This site is optimized with the Yoast SEO plugin v27.2 - https:\/\/yoast.com\/product\/yoast-seo-wordpress\/ -->\n<title>Codelco: SMA pide clausurar Ventanas<\/title>\n<meta name=\"description\" content=\"El organismo fiscalizador ingres\u00f3 una solicitud ante el Segundo Tribunal Ambiental para que se le permita clausurar temporalmente el plantel por generar\" \/>\n<meta name=\"robots\" content=\"index, follow, max-snippet:-1, max-image-preview:large, max-video-preview:-1\" \/>\n<link rel=\"canonical\" href=\"https:\/\/mariachappuis.com\/blog\/archivos\/848\" \/>\n<meta property=\"og:locale\" content=\"es_ES\" \/>\n<meta property=\"og:type\" content=\"article\" \/>\n<meta property=\"og:title\" content=\"Codelco: SMA pide clausurar Ventanas\" \/>\n<meta property=\"og:description\" content=\"El organismo fiscalizador ingres\u00f3 una solicitud ante el Segundo Tribunal Ambiental para que se le permita clausurar temporalmente el plantel por generar\" \/>\n<meta property=\"og:url\" content=\"https:\/\/mariachappuis.com\/blog\/archivos\/848\" \/>\n<meta property=\"og:site_name\" content=\"Maria Chappuis\" \/>\n<meta property=\"article:published_time\" content=\"2013-12-19T00:01:29+00:00\" \/>\n<meta property=\"article:modified_time\" content=\"2017-03-18T06:37:26+00:00\" \/>\n<meta property=\"og:image\" content=\"https:\/\/mariachappuis.com\/blog\/wp-content\/uploads\/2013\/12\/Ventanas-540x350.jpg\" \/>\n\t<meta property=\"og:image:width\" content=\"540\" \/>\n\t<meta property=\"og:image:height\" content=\"350\" \/>\n\t<meta property=\"og:image:type\" content=\"image\/jpeg\" \/>\n<meta name=\"author\" content=\"Marita Chappuis\" \/>\n<meta name=\"twitter:card\" content=\"summary_large_image\" \/>\n<meta name=\"twitter:label1\" content=\"Escrito por\" \/>\n\t<meta name=\"twitter:data1\" content=\"Marita Chappuis\" \/>\n\t<meta name=\"twitter:label2\" content=\"Tiempo de lectura\" \/>\n\t<meta name=\"twitter:data2\" content=\"4 minutos\" \/>\n<script type=\"application\/ld+json\" class=\"yoast-schema-graph\">{\"@context\":\"https:\/\/schema.org\",\"@graph\":[{\"@type\":\"Article\",\"@id\":\"https:\/\/mariachappuis.com\/blog\/archivos\/848#article\",\"isPartOf\":{\"@id\":\"https:\/\/mariachappuis.com\/blog\/archivos\/848\"},\"author\":{\"name\":\"Marita Chappuis\",\"@id\":\"https:\/\/mariachappuis.com\/blog\/#\/schema\/person\/8de0bece2913b35ac8b590fc9ac6dda5\"},\"headline\":\"Codelco: SMA pide clausurar Ventanas\",\"datePublished\":\"2013-12-19T00:01:29+00:00\",\"dateModified\":\"2017-03-18T06:37:26+00:00\",\"mainEntityOfPage\":{\"@id\":\"https:\/\/mariachappuis.com\/blog\/archivos\/848\"},\"wordCount\":791,\"publisher\":{\"@id\":\"https:\/\/mariachappuis.com\/blog\/#\/schema\/person\/8de0bece2913b35ac8b590fc9ac6dda5\"},\"image\":{\"@id\":\"https:\/\/mariachappuis.com\/blog\/archivos\/848#primaryimage\"},\"thumbnailUrl\":\"http:\/\/www.mariachappuis.com\/blog\/wp-content\/uploads\/2013\/12\/Ventanas-540x350.jpg\",\"articleSection\":[\"General\"],\"inLanguage\":\"es\"},{\"@type\":\"WebPage\",\"@id\":\"https:\/\/mariachappuis.com\/blog\/archivos\/848\",\"url\":\"https:\/\/mariachappuis.com\/blog\/archivos\/848\",\"name\":\"Codelco: SMA pide clausurar Ventanas\",\"isPartOf\":{\"@id\":\"https:\/\/mariachappuis.com\/blog\/#website\"},\"primaryImageOfPage\":{\"@id\":\"https:\/\/mariachappuis.com\/blog\/archivos\/848#primaryimage\"},\"image\":{\"@id\":\"https:\/\/mariachappuis.com\/blog\/archivos\/848#primaryimage\"},\"thumbnailUrl\":\"http:\/\/www.mariachappuis.com\/blog\/wp-content\/uploads\/2013\/12\/Ventanas-540x350.jpg\",\"datePublished\":\"2013-12-19T00:01:29+00:00\",\"dateModified\":\"2017-03-18T06:37:26+00:00\",\"description\":\"El organismo fiscalizador ingres\u00f3 una solicitud ante el Segundo Tribunal Ambiental para que se le permita clausurar temporalmente el plantel por generar\",\"breadcrumb\":{\"@id\":\"https:\/\/mariachappuis.com\/blog\/archivos\/848#breadcrumb\"},\"inLanguage\":\"es\",\"potentialAction\":[{\"@type\":\"ReadAction\",\"target\":[\"https:\/\/mariachappuis.com\/blog\/archivos\/848\"]}]},{\"@type\":\"ImageObject\",\"inLanguage\":\"es\",\"@id\":\"https:\/\/mariachappuis.com\/blog\/archivos\/848#primaryimage\",\"url\":\"http:\/\/www.mariachappuis.com\/blog\/wp-content\/uploads\/2013\/12\/Ventanas-540x350.jpg\",\"contentUrl\":\"http:\/\/www.mariachappuis.com\/blog\/wp-content\/uploads\/2013\/12\/Ventanas-540x350.jpg\"},{\"@type\":\"BreadcrumbList\",\"@id\":\"https:\/\/mariachappuis.com\/blog\/archivos\/848#breadcrumb\",\"itemListElement\":[{\"@type\":\"ListItem\",\"position\":1,\"name\":\"Portada\",\"item\":\"https:\/\/mariachappuis.com\/blog\"},{\"@type\":\"ListItem\",\"position\":2,\"name\":\"Codelco: SMA pide clausurar Ventanas\"}]},{\"@type\":\"WebSite\",\"@id\":\"https:\/\/mariachappuis.com\/blog\/#website\",\"url\":\"https:\/\/mariachappuis.com\/blog\/\",\"name\":\"Marita Chappuis\",\"description\":\"An\u00e1lisis y Comentarios\",\"publisher\":{\"@id\":\"https:\/\/mariachappuis.com\/blog\/#\/schema\/person\/8de0bece2913b35ac8b590fc9ac6dda5\"},\"alternateName\":\"Marita Chappuis\",\"potentialAction\":[{\"@type\":\"SearchAction\",\"target\":{\"@type\":\"EntryPoint\",\"urlTemplate\":\"https:\/\/mariachappuis.com\/blog\/?s={search_term_string}\"},\"query-input\":{\"@type\":\"PropertyValueSpecification\",\"valueRequired\":true,\"valueName\":\"search_term_string\"}}],\"inLanguage\":\"es\"},{\"@type\":[\"Person\",\"Organization\"],\"@id\":\"https:\/\/mariachappuis.com\/blog\/#\/schema\/person\/8de0bece2913b35ac8b590fc9ac6dda5\",\"name\":\"Marita Chappuis\",\"image\":{\"@type\":\"ImageObject\",\"inLanguage\":\"es\",\"@id\":\"https:\/\/mariachappuis.com\/blog\/wp-content\/uploads\/2024\/01\/cropped-3333.jpg\",\"url\":\"https:\/\/mariachappuis.com\/blog\/wp-content\/uploads\/2024\/01\/cropped-3333.jpg\",\"contentUrl\":\"https:\/\/mariachappuis.com\/blog\/wp-content\/uploads\/2024\/01\/cropped-3333.jpg\",\"width\":512,\"height\":512,\"caption\":\"Marita Chappuis\"},\"logo\":{\"@id\":\"https:\/\/mariachappuis.com\/blog\/wp-content\/uploads\/2024\/01\/cropped-3333.jpg\"}}]}<\/script>\n<!-- \/ Yoast SEO plugin. -->","yoast_head_json":{"title":"Codelco: SMA pide clausurar Ventanas","description":"El organismo fiscalizador ingres\u00f3 una solicitud ante el Segundo Tribunal Ambiental para que se le permita clausurar temporalmente el plantel por generar","robots":{"index":"index","follow":"follow","max-snippet":"max-snippet:-1","max-image-preview":"max-image-preview:large","max-video-preview":"max-video-preview:-1"},"canonical":"https:\/\/mariachappuis.com\/blog\/archivos\/848","og_locale":"es_ES","og_type":"article","og_title":"Codelco: SMA pide clausurar Ventanas","og_description":"El organismo fiscalizador ingres\u00f3 una solicitud ante el Segundo Tribunal Ambiental para que se le permita clausurar temporalmente el plantel por generar","og_url":"https:\/\/mariachappuis.com\/blog\/archivos\/848","og_site_name":"Maria Chappuis","article_published_time":"2013-12-19T00:01:29+00:00","article_modified_time":"2017-03-18T06:37:26+00:00","og_image":[{"width":540,"height":350,"url":"https:\/\/mariachappuis.com\/blog\/wp-content\/uploads\/2013\/12\/Ventanas-540x350.jpg","type":"image\/jpeg"}],"author":"Marita Chappuis","twitter_card":"summary_large_image","twitter_misc":{"Escrito por":"Marita Chappuis","Tiempo de lectura":"4 minutos"},"schema":{"@context":"https:\/\/schema.org","@graph":[{"@type":"Article","@id":"https:\/\/mariachappuis.com\/blog\/archivos\/848#article","isPartOf":{"@id":"https:\/\/mariachappuis.com\/blog\/archivos\/848"},"author":{"name":"Marita Chappuis","@id":"https:\/\/mariachappuis.com\/blog\/#\/schema\/person\/8de0bece2913b35ac8b590fc9ac6dda5"},"headline":"Codelco: SMA pide clausurar Ventanas","datePublished":"2013-12-19T00:01:29+00:00","dateModified":"2017-03-18T06:37:26+00:00","mainEntityOfPage":{"@id":"https:\/\/mariachappuis.com\/blog\/archivos\/848"},"wordCount":791,"publisher":{"@id":"https:\/\/mariachappuis.com\/blog\/#\/schema\/person\/8de0bece2913b35ac8b590fc9ac6dda5"},"image":{"@id":"https:\/\/mariachappuis.com\/blog\/archivos\/848#primaryimage"},"thumbnailUrl":"http:\/\/www.mariachappuis.com\/blog\/wp-content\/uploads\/2013\/12\/Ventanas-540x350.jpg","articleSection":["General"],"inLanguage":"es"},{"@type":"WebPage","@id":"https:\/\/mariachappuis.com\/blog\/archivos\/848","url":"https:\/\/mariachappuis.com\/blog\/archivos\/848","name":"Codelco: SMA pide clausurar Ventanas","isPartOf":{"@id":"https:\/\/mariachappuis.com\/blog\/#website"},"primaryImageOfPage":{"@id":"https:\/\/mariachappuis.com\/blog\/archivos\/848#primaryimage"},"image":{"@id":"https:\/\/mariachappuis.com\/blog\/archivos\/848#primaryimage"},"thumbnailUrl":"http:\/\/www.mariachappuis.com\/blog\/wp-content\/uploads\/2013\/12\/Ventanas-540x350.jpg","datePublished":"2013-12-19T00:01:29+00:00","dateModified":"2017-03-18T06:37:26+00:00","description":"El organismo fiscalizador ingres\u00f3 una solicitud ante el Segundo Tribunal Ambiental para que se le permita clausurar temporalmente el plantel por generar","breadcrumb":{"@id":"https:\/\/mariachappuis.com\/blog\/archivos\/848#breadcrumb"},"inLanguage":"es","potentialAction":[{"@type":"ReadAction","target":["https:\/\/mariachappuis.com\/blog\/archivos\/848"]}]},{"@type":"ImageObject","inLanguage":"es","@id":"https:\/\/mariachappuis.com\/blog\/archivos\/848#primaryimage","url":"http:\/\/www.mariachappuis.com\/blog\/wp-content\/uploads\/2013\/12\/Ventanas-540x350.jpg","contentUrl":"http:\/\/www.mariachappuis.com\/blog\/wp-content\/uploads\/2013\/12\/Ventanas-540x350.jpg"},{"@type":"BreadcrumbList","@id":"https:\/\/mariachappuis.com\/blog\/archivos\/848#breadcrumb","itemListElement":[{"@type":"ListItem","position":1,"name":"Portada","item":"https:\/\/mariachappuis.com\/blog"},{"@type":"ListItem","position":2,"name":"Codelco: SMA pide clausurar Ventanas"}]},{"@type":"WebSite","@id":"https:\/\/mariachappuis.com\/blog\/#website","url":"https:\/\/mariachappuis.com\/blog\/","name":"Marita Chappuis","description":"An\u00e1lisis y Comentarios","publisher":{"@id":"https:\/\/mariachappuis.com\/blog\/#\/schema\/person\/8de0bece2913b35ac8b590fc9ac6dda5"},"alternateName":"Marita Chappuis","potentialAction":[{"@type":"SearchAction","target":{"@type":"EntryPoint","urlTemplate":"https:\/\/mariachappuis.com\/blog\/?s={search_term_string}"},"query-input":{"@type":"PropertyValueSpecification","valueRequired":true,"valueName":"search_term_string"}}],"inLanguage":"es"},{"@type":["Person","Organization"],"@id":"https:\/\/mariachappuis.com\/blog\/#\/schema\/person\/8de0bece2913b35ac8b590fc9ac6dda5","name":"Marita Chappuis","image":{"@type":"ImageObject","inLanguage":"es","@id":"https:\/\/mariachappuis.com\/blog\/wp-content\/uploads\/2024\/01\/cropped-3333.jpg","url":"https:\/\/mariachappuis.com\/blog\/wp-content\/uploads\/2024\/01\/cropped-3333.jpg","contentUrl":"https:\/\/mariachappuis.com\/blog\/wp-content\/uploads\/2024\/01\/cropped-3333.jpg","width":512,"height":512,"caption":"Marita Chappuis"},"logo":{"@id":"https:\/\/mariachappuis.com\/blog\/wp-content\/uploads\/2024\/01\/cropped-3333.jpg"}}]}},"_links":{"self":[{"href":"https:\/\/mariachappuis.com\/blog\/wp-json\/wp\/v2\/posts\/848","targetHints":{"allow":["GET"]}}],"collection":[{"href":"https:\/\/mariachappuis.com\/blog\/wp-json\/wp\/v2\/posts"}],"about":[{"href":"https:\/\/mariachappuis.com\/blog\/wp-json\/wp\/v2\/types\/post"}],"author":[{"embeddable":true,"href":"https:\/\/mariachappuis.com\/blog\/wp-json\/wp\/v2\/users\/1"}],"replies":[{"embeddable":true,"href":"https:\/\/mariachappuis.com\/blog\/wp-json\/wp\/v2\/comments?post=848"}],"version-history":[{"count":3,"href":"https:\/\/mariachappuis.com\/blog\/wp-json\/wp\/v2\/posts\/848\/revisions"}],"predecessor-version":[{"id":1953,"href":"https:\/\/mariachappuis.com\/blog\/wp-json\/wp\/v2\/posts\/848\/revisions\/1953"}],"wp:attachment":[{"href":"https:\/\/mariachappuis.com\/blog\/wp-json\/wp\/v2\/media?parent=848"}],"wp:term":[{"taxonomy":"category","embeddable":true,"href":"https:\/\/mariachappuis.com\/blog\/wp-json\/wp\/v2\/categories?post=848"},{"taxonomy":"post_tag","embeddable":true,"href":"https:\/\/mariachappuis.com\/blog\/wp-json\/wp\/v2\/tags?post=848"}],"curies":[{"name":"wp","href":"https:\/\/api.w.org\/{rel}","templated":true}]}}