{"id":833,"date":"2013-11-16T03:41:03","date_gmt":"2013-11-16T03:41:03","guid":{"rendered":"http:\/\/www.mariachappuis.com\/blog\/?p=833"},"modified":"2017-03-18T01:37:26","modified_gmt":"2017-03-18T06:37:26","slug":"calidad-del-aire-mas-alla-de-las-mediciones","status":"publish","type":"post","link":"https:\/\/mariachappuis.com\/blog\/archivos\/833","title":{"rendered":"Calidad del aire: m\u00e1s all\u00e1 de las mediciones"},"content":{"rendered":"<p><a href=\"http:\/\/www.mariachappuis.com\/blog\/archivos\/833\/foto-1-sust-central-540x350\" rel=\"attachment wp-att-834\"><img loading=\"lazy\" decoding=\"async\" class=\"alignnone size-full wp-image-834\" alt=\"FOTO-1-Sust-central-540x350\" src=\"http:\/\/www.mariachappuis.com\/blog\/wp-content\/uploads\/2013\/11\/FOTO-1-Sust-central-540x350.jpg\" width=\"490\" height=\"317\" srcset=\"https:\/\/mariachappuis.com\/blog\/wp-content\/uploads\/2013\/11\/FOTO-1-Sust-central-540x350.jpg 540w, https:\/\/mariachappuis.com\/blog\/wp-content\/uploads\/2013\/11\/FOTO-1-Sust-central-540x350-300x194.jpg 300w\" sizes=\"auto, (max-width: 490px) 100vw, 490px\" \/><\/a><\/p>\n<p>Abordamos la situaci\u00f3n de la localidad de Cuncum\u00e9n, donde si bien la generaci\u00f3n de material particulado no supera la normativa y existen medidas que est\u00e1n dirigidas a disminuir a\u00fan m\u00e1s su presencia, para las comunidades no es suficiente, ya que a sus ojos el problema a\u00fan perdura.<\/p>\n<p>Cuncum\u00e9n, que en mapudungun significa \u201cMurmullo del agua\u201d, es una localidad que se encuentra a 42 kil\u00f3metros de Salamanca en la Regi\u00f3n de Coquimbo. Una zona donde por largos a\u00f1os convivi\u00f3 la agricultura con la peque\u00f1a miner\u00eda y que desde 1999 ha tenido que incorporar a su espacio la actividad minera de gran escala, la cual es representada por Minera Los Pelambres (MLP).<!--more--><\/p>\n<p>En este mismo espacio se comenz\u00f3 a producir una seguidilla de episodios ambientales con impactos en los recursos h\u00eddricos, generaci\u00f3n de malos olores y emisi\u00f3n de material particulado. Entre 2006 y 2007 MLP fue multada por dichos incidentes, y fue en esta misma \u00e9poca en que la comunidad de Caimanes decidi\u00f3 organizarse para enfrentar los efectos que estaba produciendo la operaci\u00f3n minera en el Valle Alto de Salamanca.<\/p>\n<p>\u201cEn esa \u00e9poca la compa\u00f1\u00eda se negaba a recibir a la comunidad para que pudiera participar en las inspecciones que permit\u00edan verificar el cumplimiento normativo\u201d, cuenta Valeska Aguilera, ex asesora t\u00e9cnica de la Mesa de la Calidad del Aire durante enero de 2012-septiembre de 2013.<\/p>\n<p>Finalmente, el 22 de octubre de 2008 la comunidad se sent\u00f3 a conversar con los ejecutivos de la compa\u00f1\u00eda, instancia que permiti\u00f3 la firma de un acuerdo marco para comenzar el cierre del Tranque Los Quillayes a trav\u00e9s de un proyecto denominado Fitoestabilizaci\u00f3n. A su vez, ambas partes se comprometieron a desarrollar un plan com\u00fan que tiene como base los pilares ambiental, social y productivo, y para ello se crearon distintas mesas de trabajo.<\/p>\n<p>Fue as\u00ed como naci\u00f3 la Mesa de la Calidad del Aire, la cual funciona formalmente desde el 25 de enero de 2011 y est\u00e1 integrada por dirigentes de las comunidades de Batuco, Cuncum\u00e9n, Tranquilla y Chillep\u00edn, en conjunto con representantes de la minera. Su objetivo es coordinar, realizar y monitorear actividades que velen por el mejoramiento de la calidad del aire del Valle Alto del Choapa.<\/p>\n<p>MP10: el invitado de piedra<\/p>\n<p>La generaci\u00f3n de material particulado es un tema de preocupaci\u00f3n para la comunidad de Cuncum\u00e9n. As\u00ed lo manifiesta Carlos Sandoval, actual coordinador de la Mesa de la Calidad del Aire, quien indica que la problem\u00e1tica ambiental asociada al MP10 es una constante amenaza para la poblaci\u00f3n y sus alrededores, que se ha incrementado con el desarrollo y crecimiento de las faenas mineras. \u201cLa poblaci\u00f3n ha manifestado su malestar por esta situaci\u00f3n, que se ha arrastrado desde los comienzos de estos trabajos\u201d, dice.<\/p>\n<p>Sin embargo, y de acuerdo con los resultados que han entregado los tres sistemas de monitoreo (uno administrado por MLP, otro por el Ministerio del Medio Ambiente y un tercero por la Mesa de la Calidad del Aire), los niveles de generaci\u00f3n de MP10 se encuentran bajo los l\u00edmites establecidos por la normativa. As\u00ed lo confirma Valeska Aguilera, quien indica que una vez que comenzaron a implementarse las medidas de mitigaci\u00f3n no se han detectado niveles de saturaci\u00f3n de material particulado en la zona.<\/p>\n<p>Los registros de monitoreo de la estaci\u00f3n m\u00e1s pr\u00f3xima que posee la compa\u00f1\u00eda al rajo dan cuenta que en 2008 se emit\u00edan anualmente 64 \u03bcg\/m3 de MP10, y en lo que va de 2013 existe un promedio de 43 \u03bcg\/m3, en circunstancias que la normativa establece un l\u00edmite 50 \u03bcg\/m3 anual.<\/p>\n<p>La principal fuente emisora del particulado grueso corresponde al transporte (dentro de faena), con un 47%, seguido por la extracci\u00f3n con una participaci\u00f3n del 30% y luego la erosi\u00f3n e\u00f3lica con un 14%. El proceso de chancado, incluyendo selecci\u00f3n de material, transferencias y los procesos de las plantas de chancado m\u00f3vil, aporta un 7%.<\/p>\n<p>En relaci\u00f3n con el material particulado fino MP2.5, el transporte sigue siendo la principal fuente emisora con aproximadamente el 54%, seguido por la extracci\u00f3n con un 24%. Los procesos de chancado aportan el 8% de estas emisiones y la erosi\u00f3n e\u00f3lica un 12%.<\/p>\n<p>Aguilera cuenta que lo que le molesta a la comunidad son los l\u00edmites que establece la normativa, ya que estipula un promedio diario que no puede superar los 150 \u03bcg\/m3 y ellos esperan que sea por hora. Este planteamiento se debe a que en las ma\u00f1anas se puede percibir con mayor presencia el polvo, debido a que durante la noche se registran condiciones de vientos descendentes que van en direcci\u00f3n hacia la zona de Cuncum\u00e9n y que arrastran el material particulado.<\/p>\n<p>\u201cCuando existe mucho polvo las estaciones meteorol\u00f3gicas efectivamente registran un peak de MP10 durante el d\u00eda, sin embargo, dicho nivel m\u00e1ximo no supera la normativa\u201d, asegura la ex asesora t\u00e9cnica de la Mesa de la Calidad del Aire.<\/p>\n<p>Cabe destacar que cuando un sistema mide los niveles de MP10, se observa la presencia de dos tipos de contaminantes: material particulado fino (part\u00edculas inferiores a 2,5 microgramos) y material particulado grueso (cuyo tama\u00f1o va desde 2,5 microgramos hasta 10 microgramos). Ambos tienen or\u00edgenes muy distintos y el factor diferencial es su nivel de toxicidad.<\/p>\n<p>Marcelo Fern\u00e1ndez, jefe de Divisi\u00f3n de la Calidad del Aire del Ministerio del Medio Ambiente, explica que el material particulado grueso tiene un origen \u201cnatural\u201d, cuyos compuestos provienen principalmente del suelo, y la tierra o polvo es levantado por acci\u00f3n natural (viento) o humana (actividad productiva). Seg\u00fan indica, su nivel de toxicidad es muy bajo, porque no contiene elementos qu\u00edmicos especiales que lo hagan considerar nocivo.<\/p>\n<p>Por el contrario, la fracci\u00f3n fina es producto de la actividad antropog\u00e9nica y procesos de combusti\u00f3n como ocurre con las termoel\u00e9ctricas, las fundiciones, los tubos de escape, la quema de le\u00f1a o actividades agr\u00edcolas, con un nivel de nocividad mayor que las part\u00edculas gruesas.<\/p>\n<p>\u201cLo que se debe comprender es que el MP10 presenta dos contaminantes distintos, los cuales est\u00e1n incorporados en una sola norma. Por ende, cuando uno quiere saber si una zona presenta problemas de alta o baja complejidad se debe analizar el nivel de presencia de material particulado fino o grueso\u201d, sostiene Fern\u00e1ndez.<\/p>\n<p>Hace ver que un promedio anual de 40 \u03bcg\/m3 de PM10 en la zona norte puede significar que una cantidad importante de material particulado grueso pueda ser de origen natural (tierra), el cual es movido por el viento o por actividades industriales como la miner\u00eda.<\/p>\n<p>Cuesti\u00f3n de percepci\u00f3n<\/p>\n<p>Y si no hay saturaci\u00f3n de material particulado, \u00bfcu\u00e1l es el problema? Este se halla en la percepci\u00f3n de polvo que existe en las comunidades, que no reconoce los resultados que entregan los monitoreos y las medidas que ha implementado la Mesa de la Calidad del Aire, ya que a ojos de los habitantes el problema a\u00fan perdura.<\/p>\n<p>Para Valeska Aguilera la generaci\u00f3n de material particulado es un tema muy bullado en la localidad de Caimanes, incluso enfatiza que existe una especie de sicosis permanente en la poblaci\u00f3n. \u201cEn la zona no existen problemas respiratorios. De hecho, la mesa hizo un estudio a trav\u00e9s del Ministerio de Salud para ver si la gente se enfermaba por estos temas y la verdad es que no\u201d, comenta.<\/p>\n<p>A\u00f1ade que los representantes comunitarios de la Mesa de la Calidad del Aire deben tener claro que el polvo no se va a erradicar, porque en Cuncum\u00e9n existe un rajo abierto, hecho que se debe sumar a las condiciones meteorol\u00f3gicas. Sin embargo, se trabaja para que la gente vea que existe la menor generaci\u00f3n de polvo posible.<\/p>\n<p>Sobre este punto, Marcelo Fern\u00e1ndez dice que las emisiones de material particulado provenientes de actividades de extracci\u00f3n no solo se caracterizan por ser difusas, sino que adem\u00e1s no tienen clara su fuente de origen, ya que en determinadas circunstancias el viento puede traer mucho polvo del desierto o se complementa con la operaci\u00f3n minera.<\/p>\n<p>A su juicio, en este punto es dif\u00edcil manejar la percepci\u00f3n de la poblaci\u00f3n, porque como ocurre en muchas ciudades del norte, junto a una actividad de extracci\u00f3n tambi\u00e9n existe un desierto donde se generan condiciones de ventilaci\u00f3n, lo cual facilita e intensifica la generaci\u00f3n de emisiones de MP10.<\/p>\n<p>Actualmente diversos proyectos que han sido presentados al Sistema de Evaluaci\u00f3n de Impacto Ambiental (Seia) incorporan medidas o tecnolog\u00edas de control de generaci\u00f3n de MP10, pero Fern\u00e1ndez observa que a diferencia de lo que sucede con una emisi\u00f3n puntual, es dif\u00edcil medir la efectividad de estas iniciativas, lo cual termina por afectar la percepci\u00f3n de la comunidad. \u201cLo que se ha ido instalando es un manejo din\u00e1mico de las condiciones del entorno, y me consta que existen varias mineras de la zona norte que usan datos de meteorolog\u00eda para reducir el impacto sobre las zonas m\u00e1s complejas\u201d, sostiene.<\/p>\n<p>Las acciones de la mesa<\/p>\n<p>La labor que ha desarrollado la Mesa de la Calidad del Aire ha implicado la ejecuci\u00f3n de 27 medidas de mitigaci\u00f3n, que han permitido desde 2008 hasta la fecha reducir en un 57% las emisiones de material particulado.<\/p>\n<p>Pablo Geisse, gerente de Medio Ambiente de Minera Los Pelambres, detalla que las principales actividades que ha desarrollado la mesa son los estudios de diagn\u00f3stico del MP10 y MPS (material particulado en suspensi\u00f3n), implementaci\u00f3n de medidas de control de material particulado, capacitaciones para los vecinos y visitas para conocer experiencias en otras faenas mineras en el control de MP.<br \/>\n\u201cFinalmente, y producto de este trabajo, se ha concluido que Minera Los Pelambres cumple con la normativa de MP10 en todas las localidades y en sus instalaciones al interior de faena. Complementariamente se ha ido avanzando en la dimensi\u00f3n de percepci\u00f3n de polvo, lo que ha permitido identificar mejoras en algunas fuentes de emisi\u00f3n\u201d, enfatiza el ejecutivo.<\/p>\n<p>Tambi\u00e9n la mesa efectu\u00f3 un estudio de material particulado sedimentable. Ello, porque a los agricultores les preocupaba la presencia de polvo en los \u00e1rboles. \u201cSi bien se logr\u00f3 determinar la presencia de polvo, la cantidad no era la suficiente para causar problemas fitosanitarios\u201d, relata Valeska Aguilera.<\/p>\n<p>Sin embargo, para Carlos Sandoval, coordinador de la Mesa de la Calidad del Aire, las 27 medidas de mitigaci\u00f3n no son suficientes. A su juicio, de acuerdo con el \u201cingreso que genera esta minera, es totalmente una falta de respeto a la palabra sustentabilidad\u201d. Y agrega que \u201ccada acci\u00f3n inscrita en el marco del acuerdo debe ser abordada por medio del uso de la fuerza o amenazas para que se cumpla\u201d.<br \/>\nSeg\u00fan el representante, \u201cel desaf\u00edo que debe enfrentar la minera en materia de polvo es dejar los aires como eran antes\u201d.<\/p>\n<p>Otras medidas<\/p>\n<p>Pablo Geisse, de MLP, cuenta que junto al monitoreo de calidad del aire comprometido con la autoridad, la empresa realiza una segunda medici\u00f3n con equipos Beta, que permiten visualizar los resultados de MP10 instant\u00e1neamente y facilitan incluir esta variable en la toma de decisiones. \u201cAdicionalmente la compa\u00f1\u00eda posee un sistema de pron\u00f3stico de calidad del aire, el cual considera las condiciones clim\u00e1ticas de los pr\u00f3ximos d\u00edas y permite informar y preparar anticipadamente a las operaciones de estas condiciones, que influyen directamente en la calidad del aire\u201d, afirma.<\/p>\n<p>Para la ex asesora t\u00e9cnica de la Mesa de la Calidad del Aire, una de las medidas que ha funcionado de forma m\u00e1s efectiva es la aplicaci\u00f3n de una emulsi\u00f3n hidrof\u00f3bica, que ayuda a disminuir en alrededor de un 95% las part\u00edculas en suspensi\u00f3n de las rutas mineras, generadas por el paso de camiones de alto tonelaje y otros veh\u00edculos. Sin embargo, reclama que este producto no se aplica en todo el rajo, por lo cual quedan caminos que no son regados. Tampoco puede usarse cuando hay temperaturas menores a -5\u00b0C ni durante la noche, porque es precisamente cuando se producen vientos que van en direcci\u00f3n hacia la localidad.<\/p>\n<p>Puntualiza que todav\u00eda se genera mucho polvo en el \u00e1rea de chancado y para mitigarlo se implementar\u00e1, a modo de prueba, una nueva tecnolog\u00eda de ca\u00f1\u00f3n nebulizador (FogCannon), capaz de capturar las part\u00edculas de material particulado hasta 2,5 micrones, por medio de la impulsi\u00f3n de micropart\u00edculas de agua presurizada.<\/p>\n<p>Otra de las medidas efectivas, a su juicio, es la implementaci\u00f3n de un sistema de regad\u00edo en las correas transportadoras, pues existen varios puntos donde dichas cintas se encuentran expuestas al aire libre, por lo cual liberan material particulado.<\/p>\n","protected":false},"excerpt":{"rendered":"<p>Abordamos la situaci\u00f3n de la localidad de Cuncum\u00e9n, donde si bien la generaci\u00f3n de material particulado no supera la normativa y existen medidas que est\u00e1n dirigidas a disminuir a\u00fan m\u00e1s su presencia, para las comunidades no es suficiente, ya que &hellip; <a href=\"https:\/\/mariachappuis.com\/blog\/archivos\/833\">Sigue leyendo <span class=\"meta-nav\">&rarr;<\/span><\/a><\/p>\n","protected":false},"author":1,"featured_media":0,"comment_status":"closed","ping_status":"closed","sticky":false,"template":"","format":"standard","meta":{"footnotes":""},"categories":[1],"tags":[],"class_list":["post-833","post","type-post","status-publish","format-standard","hentry","category-general"],"yoast_head":"<!-- This site is optimized with the Yoast SEO plugin v27.2 - https:\/\/yoast.com\/product\/yoast-seo-wordpress\/ -->\n<title>Calidad del aire: m\u00e1s all\u00e1 de las mediciones<\/title>\n<meta name=\"description\" content=\"Abordamos la situaci\u00f3n de la localidad de Cuncum\u00e9n, donde si bien la generaci\u00f3n de material particulado no supera la normativa y existen medidas que est\u00e1n\" \/>\n<meta name=\"robots\" content=\"index, follow, max-snippet:-1, max-image-preview:large, max-video-preview:-1\" \/>\n<link rel=\"canonical\" href=\"https:\/\/mariachappuis.com\/blog\/archivos\/833\" \/>\n<meta property=\"og:locale\" content=\"es_ES\" \/>\n<meta property=\"og:type\" content=\"article\" \/>\n<meta property=\"og:title\" content=\"Calidad del aire: m\u00e1s all\u00e1 de las mediciones\" \/>\n<meta property=\"og:description\" content=\"Abordamos la situaci\u00f3n de la localidad de Cuncum\u00e9n, donde si bien la generaci\u00f3n de material particulado no supera la normativa y existen medidas que est\u00e1n\" \/>\n<meta property=\"og:url\" content=\"https:\/\/mariachappuis.com\/blog\/archivos\/833\" \/>\n<meta property=\"og:site_name\" content=\"Maria Chappuis\" \/>\n<meta property=\"article:published_time\" content=\"2013-11-16T03:41:03+00:00\" \/>\n<meta property=\"article:modified_time\" content=\"2017-03-18T06:37:26+00:00\" \/>\n<meta property=\"og:image\" content=\"https:\/\/mariachappuis.com\/blog\/wp-content\/uploads\/2013\/11\/FOTO-1-Sust-central-540x350.jpg\" \/>\n\t<meta property=\"og:image:width\" content=\"540\" \/>\n\t<meta property=\"og:image:height\" content=\"350\" \/>\n\t<meta property=\"og:image:type\" content=\"image\/jpeg\" \/>\n<meta name=\"author\" content=\"Marita Chappuis\" \/>\n<meta name=\"twitter:card\" content=\"summary_large_image\" \/>\n<meta name=\"twitter:label1\" content=\"Escrito por\" \/>\n\t<meta name=\"twitter:data1\" content=\"Marita Chappuis\" \/>\n\t<meta name=\"twitter:label2\" content=\"Tiempo de lectura\" \/>\n\t<meta name=\"twitter:data2\" content=\"11 minutos\" \/>\n<script type=\"application\/ld+json\" class=\"yoast-schema-graph\">{\"@context\":\"https:\/\/schema.org\",\"@graph\":[{\"@type\":\"Article\",\"@id\":\"https:\/\/mariachappuis.com\/blog\/archivos\/833#article\",\"isPartOf\":{\"@id\":\"https:\/\/mariachappuis.com\/blog\/archivos\/833\"},\"author\":{\"name\":\"Marita Chappuis\",\"@id\":\"https:\/\/mariachappuis.com\/blog\/#\/schema\/person\/8de0bece2913b35ac8b590fc9ac6dda5\"},\"headline\":\"Calidad del aire: m\u00e1s all\u00e1 de las mediciones\",\"datePublished\":\"2013-11-16T03:41:03+00:00\",\"dateModified\":\"2017-03-18T06:37:26+00:00\",\"mainEntityOfPage\":{\"@id\":\"https:\/\/mariachappuis.com\/blog\/archivos\/833\"},\"wordCount\":2164,\"publisher\":{\"@id\":\"https:\/\/mariachappuis.com\/blog\/#\/schema\/person\/8de0bece2913b35ac8b590fc9ac6dda5\"},\"image\":{\"@id\":\"https:\/\/mariachappuis.com\/blog\/archivos\/833#primaryimage\"},\"thumbnailUrl\":\"http:\/\/www.mariachappuis.com\/blog\/wp-content\/uploads\/2013\/11\/FOTO-1-Sust-central-540x350.jpg\",\"articleSection\":[\"General\"],\"inLanguage\":\"es\"},{\"@type\":\"WebPage\",\"@id\":\"https:\/\/mariachappuis.com\/blog\/archivos\/833\",\"url\":\"https:\/\/mariachappuis.com\/blog\/archivos\/833\",\"name\":\"Calidad del aire: m\u00e1s all\u00e1 de las mediciones\",\"isPartOf\":{\"@id\":\"https:\/\/mariachappuis.com\/blog\/#website\"},\"primaryImageOfPage\":{\"@id\":\"https:\/\/mariachappuis.com\/blog\/archivos\/833#primaryimage\"},\"image\":{\"@id\":\"https:\/\/mariachappuis.com\/blog\/archivos\/833#primaryimage\"},\"thumbnailUrl\":\"http:\/\/www.mariachappuis.com\/blog\/wp-content\/uploads\/2013\/11\/FOTO-1-Sust-central-540x350.jpg\",\"datePublished\":\"2013-11-16T03:41:03+00:00\",\"dateModified\":\"2017-03-18T06:37:26+00:00\",\"description\":\"Abordamos la situaci\u00f3n de la localidad de Cuncum\u00e9n, donde si bien la generaci\u00f3n de material particulado no supera la normativa y existen medidas que est\u00e1n\",\"breadcrumb\":{\"@id\":\"https:\/\/mariachappuis.com\/blog\/archivos\/833#breadcrumb\"},\"inLanguage\":\"es\",\"potentialAction\":[{\"@type\":\"ReadAction\",\"target\":[\"https:\/\/mariachappuis.com\/blog\/archivos\/833\"]}]},{\"@type\":\"ImageObject\",\"inLanguage\":\"es\",\"@id\":\"https:\/\/mariachappuis.com\/blog\/archivos\/833#primaryimage\",\"url\":\"http:\/\/www.mariachappuis.com\/blog\/wp-content\/uploads\/2013\/11\/FOTO-1-Sust-central-540x350.jpg\",\"contentUrl\":\"http:\/\/www.mariachappuis.com\/blog\/wp-content\/uploads\/2013\/11\/FOTO-1-Sust-central-540x350.jpg\"},{\"@type\":\"BreadcrumbList\",\"@id\":\"https:\/\/mariachappuis.com\/blog\/archivos\/833#breadcrumb\",\"itemListElement\":[{\"@type\":\"ListItem\",\"position\":1,\"name\":\"Portada\",\"item\":\"https:\/\/mariachappuis.com\/blog\"},{\"@type\":\"ListItem\",\"position\":2,\"name\":\"Calidad del aire: m\u00e1s all\u00e1 de las mediciones\"}]},{\"@type\":\"WebSite\",\"@id\":\"https:\/\/mariachappuis.com\/blog\/#website\",\"url\":\"https:\/\/mariachappuis.com\/blog\/\",\"name\":\"Marita Chappuis\",\"description\":\"An\u00e1lisis y Comentarios\",\"publisher\":{\"@id\":\"https:\/\/mariachappuis.com\/blog\/#\/schema\/person\/8de0bece2913b35ac8b590fc9ac6dda5\"},\"alternateName\":\"Marita Chappuis\",\"potentialAction\":[{\"@type\":\"SearchAction\",\"target\":{\"@type\":\"EntryPoint\",\"urlTemplate\":\"https:\/\/mariachappuis.com\/blog\/?s={search_term_string}\"},\"query-input\":{\"@type\":\"PropertyValueSpecification\",\"valueRequired\":true,\"valueName\":\"search_term_string\"}}],\"inLanguage\":\"es\"},{\"@type\":[\"Person\",\"Organization\"],\"@id\":\"https:\/\/mariachappuis.com\/blog\/#\/schema\/person\/8de0bece2913b35ac8b590fc9ac6dda5\",\"name\":\"Marita Chappuis\",\"image\":{\"@type\":\"ImageObject\",\"inLanguage\":\"es\",\"@id\":\"https:\/\/mariachappuis.com\/blog\/wp-content\/uploads\/2024\/01\/cropped-3333.jpg\",\"url\":\"https:\/\/mariachappuis.com\/blog\/wp-content\/uploads\/2024\/01\/cropped-3333.jpg\",\"contentUrl\":\"https:\/\/mariachappuis.com\/blog\/wp-content\/uploads\/2024\/01\/cropped-3333.jpg\",\"width\":512,\"height\":512,\"caption\":\"Marita Chappuis\"},\"logo\":{\"@id\":\"https:\/\/mariachappuis.com\/blog\/wp-content\/uploads\/2024\/01\/cropped-3333.jpg\"}}]}<\/script>\n<!-- \/ Yoast SEO plugin. -->","yoast_head_json":{"title":"Calidad del aire: m\u00e1s all\u00e1 de las mediciones","description":"Abordamos la situaci\u00f3n de la localidad de Cuncum\u00e9n, donde si bien la generaci\u00f3n de material particulado no supera la normativa y existen medidas que est\u00e1n","robots":{"index":"index","follow":"follow","max-snippet":"max-snippet:-1","max-image-preview":"max-image-preview:large","max-video-preview":"max-video-preview:-1"},"canonical":"https:\/\/mariachappuis.com\/blog\/archivos\/833","og_locale":"es_ES","og_type":"article","og_title":"Calidad del aire: m\u00e1s all\u00e1 de las mediciones","og_description":"Abordamos la situaci\u00f3n de la localidad de Cuncum\u00e9n, donde si bien la generaci\u00f3n de material particulado no supera la normativa y existen medidas que est\u00e1n","og_url":"https:\/\/mariachappuis.com\/blog\/archivos\/833","og_site_name":"Maria Chappuis","article_published_time":"2013-11-16T03:41:03+00:00","article_modified_time":"2017-03-18T06:37:26+00:00","og_image":[{"width":540,"height":350,"url":"https:\/\/mariachappuis.com\/blog\/wp-content\/uploads\/2013\/11\/FOTO-1-Sust-central-540x350.jpg","type":"image\/jpeg"}],"author":"Marita Chappuis","twitter_card":"summary_large_image","twitter_misc":{"Escrito por":"Marita Chappuis","Tiempo de lectura":"11 minutos"},"schema":{"@context":"https:\/\/schema.org","@graph":[{"@type":"Article","@id":"https:\/\/mariachappuis.com\/blog\/archivos\/833#article","isPartOf":{"@id":"https:\/\/mariachappuis.com\/blog\/archivos\/833"},"author":{"name":"Marita Chappuis","@id":"https:\/\/mariachappuis.com\/blog\/#\/schema\/person\/8de0bece2913b35ac8b590fc9ac6dda5"},"headline":"Calidad del aire: m\u00e1s all\u00e1 de las mediciones","datePublished":"2013-11-16T03:41:03+00:00","dateModified":"2017-03-18T06:37:26+00:00","mainEntityOfPage":{"@id":"https:\/\/mariachappuis.com\/blog\/archivos\/833"},"wordCount":2164,"publisher":{"@id":"https:\/\/mariachappuis.com\/blog\/#\/schema\/person\/8de0bece2913b35ac8b590fc9ac6dda5"},"image":{"@id":"https:\/\/mariachappuis.com\/blog\/archivos\/833#primaryimage"},"thumbnailUrl":"http:\/\/www.mariachappuis.com\/blog\/wp-content\/uploads\/2013\/11\/FOTO-1-Sust-central-540x350.jpg","articleSection":["General"],"inLanguage":"es"},{"@type":"WebPage","@id":"https:\/\/mariachappuis.com\/blog\/archivos\/833","url":"https:\/\/mariachappuis.com\/blog\/archivos\/833","name":"Calidad del aire: m\u00e1s all\u00e1 de las mediciones","isPartOf":{"@id":"https:\/\/mariachappuis.com\/blog\/#website"},"primaryImageOfPage":{"@id":"https:\/\/mariachappuis.com\/blog\/archivos\/833#primaryimage"},"image":{"@id":"https:\/\/mariachappuis.com\/blog\/archivos\/833#primaryimage"},"thumbnailUrl":"http:\/\/www.mariachappuis.com\/blog\/wp-content\/uploads\/2013\/11\/FOTO-1-Sust-central-540x350.jpg","datePublished":"2013-11-16T03:41:03+00:00","dateModified":"2017-03-18T06:37:26+00:00","description":"Abordamos la situaci\u00f3n de la localidad de Cuncum\u00e9n, donde si bien la generaci\u00f3n de material particulado no supera la normativa y existen medidas que est\u00e1n","breadcrumb":{"@id":"https:\/\/mariachappuis.com\/blog\/archivos\/833#breadcrumb"},"inLanguage":"es","potentialAction":[{"@type":"ReadAction","target":["https:\/\/mariachappuis.com\/blog\/archivos\/833"]}]},{"@type":"ImageObject","inLanguage":"es","@id":"https:\/\/mariachappuis.com\/blog\/archivos\/833#primaryimage","url":"http:\/\/www.mariachappuis.com\/blog\/wp-content\/uploads\/2013\/11\/FOTO-1-Sust-central-540x350.jpg","contentUrl":"http:\/\/www.mariachappuis.com\/blog\/wp-content\/uploads\/2013\/11\/FOTO-1-Sust-central-540x350.jpg"},{"@type":"BreadcrumbList","@id":"https:\/\/mariachappuis.com\/blog\/archivos\/833#breadcrumb","itemListElement":[{"@type":"ListItem","position":1,"name":"Portada","item":"https:\/\/mariachappuis.com\/blog"},{"@type":"ListItem","position":2,"name":"Calidad del aire: m\u00e1s all\u00e1 de las mediciones"}]},{"@type":"WebSite","@id":"https:\/\/mariachappuis.com\/blog\/#website","url":"https:\/\/mariachappuis.com\/blog\/","name":"Marita Chappuis","description":"An\u00e1lisis y Comentarios","publisher":{"@id":"https:\/\/mariachappuis.com\/blog\/#\/schema\/person\/8de0bece2913b35ac8b590fc9ac6dda5"},"alternateName":"Marita Chappuis","potentialAction":[{"@type":"SearchAction","target":{"@type":"EntryPoint","urlTemplate":"https:\/\/mariachappuis.com\/blog\/?s={search_term_string}"},"query-input":{"@type":"PropertyValueSpecification","valueRequired":true,"valueName":"search_term_string"}}],"inLanguage":"es"},{"@type":["Person","Organization"],"@id":"https:\/\/mariachappuis.com\/blog\/#\/schema\/person\/8de0bece2913b35ac8b590fc9ac6dda5","name":"Marita Chappuis","image":{"@type":"ImageObject","inLanguage":"es","@id":"https:\/\/mariachappuis.com\/blog\/wp-content\/uploads\/2024\/01\/cropped-3333.jpg","url":"https:\/\/mariachappuis.com\/blog\/wp-content\/uploads\/2024\/01\/cropped-3333.jpg","contentUrl":"https:\/\/mariachappuis.com\/blog\/wp-content\/uploads\/2024\/01\/cropped-3333.jpg","width":512,"height":512,"caption":"Marita Chappuis"},"logo":{"@id":"https:\/\/mariachappuis.com\/blog\/wp-content\/uploads\/2024\/01\/cropped-3333.jpg"}}]}},"_links":{"self":[{"href":"https:\/\/mariachappuis.com\/blog\/wp-json\/wp\/v2\/posts\/833","targetHints":{"allow":["GET"]}}],"collection":[{"href":"https:\/\/mariachappuis.com\/blog\/wp-json\/wp\/v2\/posts"}],"about":[{"href":"https:\/\/mariachappuis.com\/blog\/wp-json\/wp\/v2\/types\/post"}],"author":[{"embeddable":true,"href":"https:\/\/mariachappuis.com\/blog\/wp-json\/wp\/v2\/users\/1"}],"replies":[{"embeddable":true,"href":"https:\/\/mariachappuis.com\/blog\/wp-json\/wp\/v2\/comments?post=833"}],"version-history":[{"count":3,"href":"https:\/\/mariachappuis.com\/blog\/wp-json\/wp\/v2\/posts\/833\/revisions"}],"predecessor-version":[{"id":1957,"href":"https:\/\/mariachappuis.com\/blog\/wp-json\/wp\/v2\/posts\/833\/revisions\/1957"}],"wp:attachment":[{"href":"https:\/\/mariachappuis.com\/blog\/wp-json\/wp\/v2\/media?parent=833"}],"wp:term":[{"taxonomy":"category","embeddable":true,"href":"https:\/\/mariachappuis.com\/blog\/wp-json\/wp\/v2\/categories?post=833"},{"taxonomy":"post_tag","embeddable":true,"href":"https:\/\/mariachappuis.com\/blog\/wp-json\/wp\/v2\/tags?post=833"}],"curies":[{"name":"wp","href":"https:\/\/api.w.org\/{rel}","templated":true}]}}