{"id":827,"date":"2013-11-13T22:54:51","date_gmt":"2013-11-13T22:54:51","guid":{"rendered":"http:\/\/www.mariachappuis.com\/blog\/?p=827"},"modified":"2017-03-18T01:37:26","modified_gmt":"2017-03-18T06:37:26","slug":"codelco-ingresara-al-grupo-de-los-diez-mas-grandes-productores-de-plata-del-mundo","status":"publish","type":"post","link":"https:\/\/mariachappuis.com\/blog\/archivos\/827","title":{"rendered":"Codelco ingresar\u00e1 al grupo de los diez m\u00e1s grandes productores de plata del mundo"},"content":{"rendered":"<p><a href=\"http:\/\/www.mariachappuis.com\/blog\/archivos\/827\/08_lanzamiento_expomin_2012_en_codelco_mch_nov2011-540x350\" rel=\"attachment wp-att-828\"><img loading=\"lazy\" decoding=\"async\" class=\"alignnone size-full wp-image-828\" alt=\"08_Lanzamiento_Expomin_2012_en_Codelco_MCH_nov2011-540x350\" src=\"http:\/\/www.mariachappuis.com\/blog\/wp-content\/uploads\/2013\/11\/08_Lanzamiento_Expomin_2012_en_Codelco_MCH_nov2011-540x350.jpg\" width=\"446\" height=\"289\" srcset=\"https:\/\/mariachappuis.com\/blog\/wp-content\/uploads\/2013\/11\/08_Lanzamiento_Expomin_2012_en_Codelco_MCH_nov2011-540x350.jpg 540w, https:\/\/mariachappuis.com\/blog\/wp-content\/uploads\/2013\/11\/08_Lanzamiento_Expomin_2012_en_Codelco_MCH_nov2011-540x350-300x194.jpg 300w\" sizes=\"auto, (max-width: 446px) 100vw, 446px\" \/><\/a><\/p>\n<p>Esto debido a las 300 toneladas anuales del material que se esperan producir en la mina Ministro Hales y que se sumar\u00e1n a la producci\u00f3n de los dem\u00e1s yacimientos.<\/p>\n<p>(Estrategia) Durante el inicio de las pruebas con carga en la nueva divisi\u00f3n Ministro Hales de Codelco, el presidente ejecutivo de la minera estatal, Thomas Keller, anunci\u00f3 que la empresa con la producci\u00f3n que entregar\u00e1 este yacimiento a contar de 2014 se ubicar\u00e1 dentro de los diez mayores productores de plata del mundo.<!--more--><\/p>\n<p>\u201cUn hito important\u00edsimo de este proyecto es que promueve a Codelco no s\u00f3lo como el principal productor de cobre del mundo. Ac\u00e1 vamos a producir unas 300 toneladas de plata anuales que se suman a lo que ya produc\u00eda la Corporaci\u00f3n y por ese motivo, nos convertimos en uno de los 10 mayores productores de plata del mundo\u201d se\u00f1al\u00f3 Keller.<\/p>\n<p>El ejecutivo agreg\u00f3 que de esta forma Codelco se consolida \u201cno s\u00f3lo como principal productor de cobre del mundo, como segundo productor m\u00e1s importante de molibdeno, sino que entra adem\u00e1s en las grandes ligas de la producci\u00f3n de este commodity que es la plata\u201d.<\/p>\n<p>Respecto al inicio de las pruebas con carga en el yacimiento, Keller enfatiz\u00f3 que este se trata de un proyecto esencial para la empresa. \u201cEste es un hito muy importante porque con este proyecto marcamos el comienzo de la materializaci\u00f3n de los proyectos estructurales de Codelco, los que son muy importantes para que esta compa\u00f1\u00eda siga siendo la que m\u00e1s aporta al pa\u00eds\u201d, afirm\u00f3.<\/p>\n<p>Adem\u00e1s agreg\u00f3 que con la producci\u00f3n de Ministro Hales, que estar\u00e1 operativa a comienzos de 2014 se podr\u00e1 paliar el d\u00e9ficit cupr\u00edfero que se experimentar\u00e1 en otras divisiones. \u201cSi seguimos implementando con \u00e9xito este proyecto, esta unidad va a alcanzar su producci\u00f3n en r\u00e9gimen el primer trimestre de 2014, con cerca de 185 mil toneladas de cobre fino al a\u00f1o. Con ello podremos compensar, aunque sea parcialmente, las diminuciones de los yacimientos que se est\u00e1n agotando como Salvador y Chuquicamata\u201d, destac\u00f3.<\/p>\n<p>El yacimiento Ministro Hales cuenta con recursos del orden de 1.300 millones de toneladas de mineral, con una ley media de cobre de 0,96%.<\/p>\n<p>Fuente \/ Estrategia<\/p>\n","protected":false},"excerpt":{"rendered":"<p>Esto debido a las 300 toneladas anuales del material que se esperan producir en la mina Ministro Hales y que se sumar\u00e1n a la producci\u00f3n de los dem\u00e1s yacimientos. (Estrategia) Durante el inicio de las pruebas con carga en la &hellip; <a href=\"https:\/\/mariachappuis.com\/blog\/archivos\/827\">Sigue leyendo <span class=\"meta-nav\">&rarr;<\/span><\/a><\/p>\n","protected":false},"author":1,"featured_media":0,"comment_status":"closed","ping_status":"closed","sticky":false,"template":"","format":"standard","meta":{"footnotes":""},"categories":[1],"tags":[],"class_list":["post-827","post","type-post","status-publish","format-standard","hentry","category-general"],"yoast_head":"<!-- This site is optimized with the Yoast SEO plugin v27.2 - https:\/\/yoast.com\/product\/yoast-seo-wordpress\/ -->\n<title>Codelco ingresar\u00e1 al grupo de los diez m\u00e1s grandes productores de plata del mundo<\/title>\n<meta name=\"description\" content=\"Esto debido a las 300 toneladas anuales del material que se esperan producir en la mina Ministro Hales y que se sumar\u00e1n a la producci\u00f3n de los dem\u00e1s\" \/>\n<meta name=\"robots\" content=\"index, follow, max-snippet:-1, max-image-preview:large, max-video-preview:-1\" \/>\n<link rel=\"canonical\" href=\"https:\/\/mariachappuis.com\/blog\/archivos\/827\" \/>\n<meta property=\"og:locale\" content=\"es_ES\" \/>\n<meta property=\"og:type\" content=\"article\" \/>\n<meta property=\"og:title\" content=\"Codelco ingresar\u00e1 al grupo de los diez m\u00e1s grandes productores de plata del mundo\" \/>\n<meta property=\"og:description\" content=\"Esto debido a las 300 toneladas anuales del material que se esperan producir en la mina Ministro Hales y que se sumar\u00e1n a la producci\u00f3n de los dem\u00e1s\" \/>\n<meta property=\"og:url\" content=\"https:\/\/mariachappuis.com\/blog\/archivos\/827\" \/>\n<meta property=\"og:site_name\" content=\"Maria Chappuis\" \/>\n<meta property=\"article:published_time\" content=\"2013-11-13T22:54:51+00:00\" \/>\n<meta property=\"article:modified_time\" content=\"2017-03-18T06:37:26+00:00\" \/>\n<meta property=\"og:image\" content=\"https:\/\/mariachappuis.com\/blog\/wp-content\/uploads\/2013\/11\/08_Lanzamiento_Expomin_2012_en_Codelco_MCH_nov2011-540x350.jpg\" \/>\n\t<meta property=\"og:image:width\" content=\"540\" \/>\n\t<meta property=\"og:image:height\" content=\"350\" \/>\n\t<meta property=\"og:image:type\" content=\"image\/jpeg\" \/>\n<meta name=\"author\" content=\"Marita Chappuis\" \/>\n<meta name=\"twitter:card\" content=\"summary_large_image\" \/>\n<meta name=\"twitter:label1\" content=\"Escrito por\" \/>\n\t<meta name=\"twitter:data1\" content=\"Marita Chappuis\" \/>\n\t<meta name=\"twitter:label2\" content=\"Tiempo de lectura\" \/>\n\t<meta name=\"twitter:data2\" content=\"2 minutos\" \/>\n<script type=\"application\/ld+json\" class=\"yoast-schema-graph\">{\"@context\":\"https:\/\/schema.org\",\"@graph\":[{\"@type\":\"Article\",\"@id\":\"https:\/\/mariachappuis.com\/blog\/archivos\/827#article\",\"isPartOf\":{\"@id\":\"https:\/\/mariachappuis.com\/blog\/archivos\/827\"},\"author\":{\"name\":\"Marita Chappuis\",\"@id\":\"https:\/\/mariachappuis.com\/blog\/#\/schema\/person\/8de0bece2913b35ac8b590fc9ac6dda5\"},\"headline\":\"Codelco ingresar\u00e1 al grupo de los diez m\u00e1s grandes productores de plata del mundo\",\"datePublished\":\"2013-11-13T22:54:51+00:00\",\"dateModified\":\"2017-03-18T06:37:26+00:00\",\"mainEntityOfPage\":{\"@id\":\"https:\/\/mariachappuis.com\/blog\/archivos\/827\"},\"wordCount\":389,\"publisher\":{\"@id\":\"https:\/\/mariachappuis.com\/blog\/#\/schema\/person\/8de0bece2913b35ac8b590fc9ac6dda5\"},\"image\":{\"@id\":\"https:\/\/mariachappuis.com\/blog\/archivos\/827#primaryimage\"},\"thumbnailUrl\":\"http:\/\/www.mariachappuis.com\/blog\/wp-content\/uploads\/2013\/11\/08_Lanzamiento_Expomin_2012_en_Codelco_MCH_nov2011-540x350.jpg\",\"articleSection\":[\"General\"],\"inLanguage\":\"es\"},{\"@type\":\"WebPage\",\"@id\":\"https:\/\/mariachappuis.com\/blog\/archivos\/827\",\"url\":\"https:\/\/mariachappuis.com\/blog\/archivos\/827\",\"name\":\"Codelco ingresar\u00e1 al grupo de los diez m\u00e1s grandes productores de plata del mundo\",\"isPartOf\":{\"@id\":\"https:\/\/mariachappuis.com\/blog\/#website\"},\"primaryImageOfPage\":{\"@id\":\"https:\/\/mariachappuis.com\/blog\/archivos\/827#primaryimage\"},\"image\":{\"@id\":\"https:\/\/mariachappuis.com\/blog\/archivos\/827#primaryimage\"},\"thumbnailUrl\":\"http:\/\/www.mariachappuis.com\/blog\/wp-content\/uploads\/2013\/11\/08_Lanzamiento_Expomin_2012_en_Codelco_MCH_nov2011-540x350.jpg\",\"datePublished\":\"2013-11-13T22:54:51+00:00\",\"dateModified\":\"2017-03-18T06:37:26+00:00\",\"description\":\"Esto debido a las 300 toneladas anuales del material que se esperan producir en la mina Ministro Hales y que se sumar\u00e1n a la producci\u00f3n de los dem\u00e1s\",\"breadcrumb\":{\"@id\":\"https:\/\/mariachappuis.com\/blog\/archivos\/827#breadcrumb\"},\"inLanguage\":\"es\",\"potentialAction\":[{\"@type\":\"ReadAction\",\"target\":[\"https:\/\/mariachappuis.com\/blog\/archivos\/827\"]}]},{\"@type\":\"ImageObject\",\"inLanguage\":\"es\",\"@id\":\"https:\/\/mariachappuis.com\/blog\/archivos\/827#primaryimage\",\"url\":\"http:\/\/www.mariachappuis.com\/blog\/wp-content\/uploads\/2013\/11\/08_Lanzamiento_Expomin_2012_en_Codelco_MCH_nov2011-540x350.jpg\",\"contentUrl\":\"http:\/\/www.mariachappuis.com\/blog\/wp-content\/uploads\/2013\/11\/08_Lanzamiento_Expomin_2012_en_Codelco_MCH_nov2011-540x350.jpg\"},{\"@type\":\"BreadcrumbList\",\"@id\":\"https:\/\/mariachappuis.com\/blog\/archivos\/827#breadcrumb\",\"itemListElement\":[{\"@type\":\"ListItem\",\"position\":1,\"name\":\"Portada\",\"item\":\"https:\/\/mariachappuis.com\/blog\"},{\"@type\":\"ListItem\",\"position\":2,\"name\":\"Codelco ingresar\u00e1 al grupo de los diez m\u00e1s grandes productores de plata del mundo\"}]},{\"@type\":\"WebSite\",\"@id\":\"https:\/\/mariachappuis.com\/blog\/#website\",\"url\":\"https:\/\/mariachappuis.com\/blog\/\",\"name\":\"Marita Chappuis\",\"description\":\"An\u00e1lisis y Comentarios\",\"publisher\":{\"@id\":\"https:\/\/mariachappuis.com\/blog\/#\/schema\/person\/8de0bece2913b35ac8b590fc9ac6dda5\"},\"alternateName\":\"Marita Chappuis\",\"potentialAction\":[{\"@type\":\"SearchAction\",\"target\":{\"@type\":\"EntryPoint\",\"urlTemplate\":\"https:\/\/mariachappuis.com\/blog\/?s={search_term_string}\"},\"query-input\":{\"@type\":\"PropertyValueSpecification\",\"valueRequired\":true,\"valueName\":\"search_term_string\"}}],\"inLanguage\":\"es\"},{\"@type\":[\"Person\",\"Organization\"],\"@id\":\"https:\/\/mariachappuis.com\/blog\/#\/schema\/person\/8de0bece2913b35ac8b590fc9ac6dda5\",\"name\":\"Marita Chappuis\",\"image\":{\"@type\":\"ImageObject\",\"inLanguage\":\"es\",\"@id\":\"https:\/\/mariachappuis.com\/blog\/wp-content\/uploads\/2024\/01\/cropped-3333.jpg\",\"url\":\"https:\/\/mariachappuis.com\/blog\/wp-content\/uploads\/2024\/01\/cropped-3333.jpg\",\"contentUrl\":\"https:\/\/mariachappuis.com\/blog\/wp-content\/uploads\/2024\/01\/cropped-3333.jpg\",\"width\":512,\"height\":512,\"caption\":\"Marita Chappuis\"},\"logo\":{\"@id\":\"https:\/\/mariachappuis.com\/blog\/wp-content\/uploads\/2024\/01\/cropped-3333.jpg\"}}]}<\/script>\n<!-- \/ Yoast SEO plugin. -->","yoast_head_json":{"title":"Codelco ingresar\u00e1 al grupo de los diez m\u00e1s grandes productores de plata del mundo","description":"Esto debido a las 300 toneladas anuales del material que se esperan producir en la mina Ministro Hales y que se sumar\u00e1n a la producci\u00f3n de los dem\u00e1s","robots":{"index":"index","follow":"follow","max-snippet":"max-snippet:-1","max-image-preview":"max-image-preview:large","max-video-preview":"max-video-preview:-1"},"canonical":"https:\/\/mariachappuis.com\/blog\/archivos\/827","og_locale":"es_ES","og_type":"article","og_title":"Codelco ingresar\u00e1 al grupo de los diez m\u00e1s grandes productores de plata del mundo","og_description":"Esto debido a las 300 toneladas anuales del material que se esperan producir en la mina Ministro Hales y que se sumar\u00e1n a la producci\u00f3n de los dem\u00e1s","og_url":"https:\/\/mariachappuis.com\/blog\/archivos\/827","og_site_name":"Maria Chappuis","article_published_time":"2013-11-13T22:54:51+00:00","article_modified_time":"2017-03-18T06:37:26+00:00","og_image":[{"width":540,"height":350,"url":"https:\/\/mariachappuis.com\/blog\/wp-content\/uploads\/2013\/11\/08_Lanzamiento_Expomin_2012_en_Codelco_MCH_nov2011-540x350.jpg","type":"image\/jpeg"}],"author":"Marita Chappuis","twitter_card":"summary_large_image","twitter_misc":{"Escrito por":"Marita Chappuis","Tiempo de lectura":"2 minutos"},"schema":{"@context":"https:\/\/schema.org","@graph":[{"@type":"Article","@id":"https:\/\/mariachappuis.com\/blog\/archivos\/827#article","isPartOf":{"@id":"https:\/\/mariachappuis.com\/blog\/archivos\/827"},"author":{"name":"Marita Chappuis","@id":"https:\/\/mariachappuis.com\/blog\/#\/schema\/person\/8de0bece2913b35ac8b590fc9ac6dda5"},"headline":"Codelco ingresar\u00e1 al grupo de los diez m\u00e1s grandes productores de plata del mundo","datePublished":"2013-11-13T22:54:51+00:00","dateModified":"2017-03-18T06:37:26+00:00","mainEntityOfPage":{"@id":"https:\/\/mariachappuis.com\/blog\/archivos\/827"},"wordCount":389,"publisher":{"@id":"https:\/\/mariachappuis.com\/blog\/#\/schema\/person\/8de0bece2913b35ac8b590fc9ac6dda5"},"image":{"@id":"https:\/\/mariachappuis.com\/blog\/archivos\/827#primaryimage"},"thumbnailUrl":"http:\/\/www.mariachappuis.com\/blog\/wp-content\/uploads\/2013\/11\/08_Lanzamiento_Expomin_2012_en_Codelco_MCH_nov2011-540x350.jpg","articleSection":["General"],"inLanguage":"es"},{"@type":"WebPage","@id":"https:\/\/mariachappuis.com\/blog\/archivos\/827","url":"https:\/\/mariachappuis.com\/blog\/archivos\/827","name":"Codelco ingresar\u00e1 al grupo de los diez m\u00e1s grandes productores de plata del mundo","isPartOf":{"@id":"https:\/\/mariachappuis.com\/blog\/#website"},"primaryImageOfPage":{"@id":"https:\/\/mariachappuis.com\/blog\/archivos\/827#primaryimage"},"image":{"@id":"https:\/\/mariachappuis.com\/blog\/archivos\/827#primaryimage"},"thumbnailUrl":"http:\/\/www.mariachappuis.com\/blog\/wp-content\/uploads\/2013\/11\/08_Lanzamiento_Expomin_2012_en_Codelco_MCH_nov2011-540x350.jpg","datePublished":"2013-11-13T22:54:51+00:00","dateModified":"2017-03-18T06:37:26+00:00","description":"Esto debido a las 300 toneladas anuales del material que se esperan producir en la mina Ministro Hales y que se sumar\u00e1n a la producci\u00f3n de los dem\u00e1s","breadcrumb":{"@id":"https:\/\/mariachappuis.com\/blog\/archivos\/827#breadcrumb"},"inLanguage":"es","potentialAction":[{"@type":"ReadAction","target":["https:\/\/mariachappuis.com\/blog\/archivos\/827"]}]},{"@type":"ImageObject","inLanguage":"es","@id":"https:\/\/mariachappuis.com\/blog\/archivos\/827#primaryimage","url":"http:\/\/www.mariachappuis.com\/blog\/wp-content\/uploads\/2013\/11\/08_Lanzamiento_Expomin_2012_en_Codelco_MCH_nov2011-540x350.jpg","contentUrl":"http:\/\/www.mariachappuis.com\/blog\/wp-content\/uploads\/2013\/11\/08_Lanzamiento_Expomin_2012_en_Codelco_MCH_nov2011-540x350.jpg"},{"@type":"BreadcrumbList","@id":"https:\/\/mariachappuis.com\/blog\/archivos\/827#breadcrumb","itemListElement":[{"@type":"ListItem","position":1,"name":"Portada","item":"https:\/\/mariachappuis.com\/blog"},{"@type":"ListItem","position":2,"name":"Codelco ingresar\u00e1 al grupo de los diez m\u00e1s grandes productores de plata del mundo"}]},{"@type":"WebSite","@id":"https:\/\/mariachappuis.com\/blog\/#website","url":"https:\/\/mariachappuis.com\/blog\/","name":"Marita Chappuis","description":"An\u00e1lisis y Comentarios","publisher":{"@id":"https:\/\/mariachappuis.com\/blog\/#\/schema\/person\/8de0bece2913b35ac8b590fc9ac6dda5"},"alternateName":"Marita Chappuis","potentialAction":[{"@type":"SearchAction","target":{"@type":"EntryPoint","urlTemplate":"https:\/\/mariachappuis.com\/blog\/?s={search_term_string}"},"query-input":{"@type":"PropertyValueSpecification","valueRequired":true,"valueName":"search_term_string"}}],"inLanguage":"es"},{"@type":["Person","Organization"],"@id":"https:\/\/mariachappuis.com\/blog\/#\/schema\/person\/8de0bece2913b35ac8b590fc9ac6dda5","name":"Marita Chappuis","image":{"@type":"ImageObject","inLanguage":"es","@id":"https:\/\/mariachappuis.com\/blog\/wp-content\/uploads\/2024\/01\/cropped-3333.jpg","url":"https:\/\/mariachappuis.com\/blog\/wp-content\/uploads\/2024\/01\/cropped-3333.jpg","contentUrl":"https:\/\/mariachappuis.com\/blog\/wp-content\/uploads\/2024\/01\/cropped-3333.jpg","width":512,"height":512,"caption":"Marita Chappuis"},"logo":{"@id":"https:\/\/mariachappuis.com\/blog\/wp-content\/uploads\/2024\/01\/cropped-3333.jpg"}}]}},"_links":{"self":[{"href":"https:\/\/mariachappuis.com\/blog\/wp-json\/wp\/v2\/posts\/827","targetHints":{"allow":["GET"]}}],"collection":[{"href":"https:\/\/mariachappuis.com\/blog\/wp-json\/wp\/v2\/posts"}],"about":[{"href":"https:\/\/mariachappuis.com\/blog\/wp-json\/wp\/v2\/types\/post"}],"author":[{"embeddable":true,"href":"https:\/\/mariachappuis.com\/blog\/wp-json\/wp\/v2\/users\/1"}],"replies":[{"embeddable":true,"href":"https:\/\/mariachappuis.com\/blog\/wp-json\/wp\/v2\/comments?post=827"}],"version-history":[{"count":3,"href":"https:\/\/mariachappuis.com\/blog\/wp-json\/wp\/v2\/posts\/827\/revisions"}],"predecessor-version":[{"id":1959,"href":"https:\/\/mariachappuis.com\/blog\/wp-json\/wp\/v2\/posts\/827\/revisions\/1959"}],"wp:attachment":[{"href":"https:\/\/mariachappuis.com\/blog\/wp-json\/wp\/v2\/media?parent=827"}],"wp:term":[{"taxonomy":"category","embeddable":true,"href":"https:\/\/mariachappuis.com\/blog\/wp-json\/wp\/v2\/categories?post=827"},{"taxonomy":"post_tag","embeddable":true,"href":"https:\/\/mariachappuis.com\/blog\/wp-json\/wp\/v2\/tags?post=827"}],"curies":[{"name":"wp","href":"https:\/\/api.w.org\/{rel}","templated":true}]}}