{"id":824,"date":"2013-11-12T12:34:11","date_gmt":"2013-11-12T12:34:11","guid":{"rendered":"http:\/\/www.mariachappuis.com\/blog\/?p=824"},"modified":"2017-03-18T01:37:26","modified_gmt":"2017-03-18T06:37:26","slug":"cuando-se-j-el-peru","status":"publish","type":"post","link":"https:\/\/mariachappuis.com\/blog\/archivos\/824","title":{"rendered":"\u00bfCu\u00e1ndo se j\u2026.el Per\u00fa?"},"content":{"rendered":"<p>El primer gobierno de Bela\u00fande dict\u00f3 las primeras normas para una \u201creforma agraria\u201d cuyo esp\u00edritu era \u201cla tierra es para quien la trabaja\u201d. Los ide\u00f3logos que la concibieron se basaron en indicadores que se\u00f1alaban \u201cx personas son due\u00f1as de y hect\u00e1reas; y la relaci\u00f3n y\/x es demasiado alta\u201d. Esto trajo consigo que se desencadenaran una serie de invasiones, y que surgiera en nuestro pa\u00eds dos tipos de \u201cdue\u00f1os\u201d: los propietarios y los posesionarios. Los primeros se sienten \u201cdue\u00f1os\u201d porque tienen todos los contratos de compra-venta de la propiedad y pagan puntualmente sus impuestos. Mientras que los segundos simplemente armaron un peque\u00f1o cobertizo, plantaron una bandera, y est\u00e1n atentos para cuando llega el funcionario de titulaci\u00f3n. Porque hasta el d\u00eda de hoy, se asigna la propiedad (urbana o rural) al que demuestre que lo est\u00e1 \u201cposesionando\u201d, no importa si se prest\u00f3 unos carneros o arm\u00f3 algo que dice es un campo sembrado, o lo m\u00e1s com\u00fan: vive hace a\u00f1os en Lima.<!--more--><\/p>\n<p>Esta dem\u00e1s decir que este esp\u00edritu se fue transformando hacia \u201cla pista es de quien maneja\u201d, \u201clas veredas son de quienes venden\u201d, \u201clas lagunas son de los que la admiran\u201d, etc, etc.<\/p>\n<p>Comparando nuestra realidad con otros pa\u00edses que se desarrollaron como Alemania (tomar\u00e9 este caso porque es el que conozco) encontramos que a pesar de que sufri\u00f3 varias guerras, donde perdi\u00f3 extensos territorios y tuvo que soportar largas ocupaciones, el respeto a la propiedad prim\u00f3. Hubo tiempos donde el gobierno orden\u00f3 que las casas compartieran habitaciones con refugiados que hu\u00edan del Este. Pero a pesar del desorden y la necesidad coyuntural la propiedad privada siempre se respet\u00f3. Cualquiera que recorre Alemania hoy d\u00eda encuentra miles de propiedades en manos de familias que las mantienen por generaciones, y no necesariamente realizando alguna actividad econ\u00f3mica, pero si respetando todas las normas legales especialmente las tributarias.<\/p>\n<p>La zonificaci\u00f3n ecol\u00f3gica econ\u00f3mica (ZEE) en Alemania es interesante. Se han definido zonas agropecuarias, donde no se puede levantar una construcci\u00f3n que puede ser usada como vivienda. Estas zonas no reciben ning\u00fan servicio municipal (agua, desague, alumbrado p\u00fablico). Tampoco estas tierras pueden ser vendidas para ser dedicadas a otras actividades. Sin embargo, los ide\u00f3logos peruanos, auspiciados por la cooperaci\u00f3n alemana, han promovido una ZEE con un \u00fanico enfoque, el prohibir actividades mineras, pero sin recoger el esp\u00edritu alem\u00e1n: las propiedades se respetan y los tributos se pagan.<\/p>\n<p>Hace m\u00e1s de 50 a\u00f1os abrimos todas las puertas a la viveza criolla. Ahora no sabemos c\u00f3mo frenar a la econom\u00eda informal, al contrabando, a la extorsi\u00f3n.<\/p>\n","protected":false},"excerpt":{"rendered":"<p>El primer gobierno de Bela\u00fande dict\u00f3 las primeras normas para una \u201creforma agraria\u201d cuyo esp\u00edritu era \u201cla tierra es para quien la trabaja\u201d. Los ide\u00f3logos que la concibieron se basaron en indicadores que se\u00f1alaban \u201cx personas son due\u00f1as de y &hellip; <a href=\"https:\/\/mariachappuis.com\/blog\/archivos\/824\">Sigue leyendo <span class=\"meta-nav\">&rarr;<\/span><\/a><\/p>\n","protected":false},"author":1,"featured_media":0,"comment_status":"closed","ping_status":"closed","sticky":false,"template":"","format":"standard","meta":{"footnotes":""},"categories":[1],"tags":[],"class_list":["post-824","post","type-post","status-publish","format-standard","hentry","category-general"],"yoast_head":"<!-- This site is optimized with the Yoast SEO plugin v27.2 - https:\/\/yoast.com\/product\/yoast-seo-wordpress\/ -->\n<title>\u00bfCu\u00e1ndo se j\u2026.el Per\u00fa?<\/title>\n<meta name=\"description\" content=\"El primer gobierno de Bela\u00fande dict\u00f3 las primeras normas para una \u201creforma agraria\u201d cuyo esp\u00edritu era \u201cla tierra es para quien la trabaja\u201d. Los ide\u00f3logos\" \/>\n<meta name=\"robots\" content=\"index, follow, max-snippet:-1, max-image-preview:large, max-video-preview:-1\" \/>\n<link rel=\"canonical\" href=\"https:\/\/mariachappuis.com\/blog\/archivos\/824\" \/>\n<meta property=\"og:locale\" content=\"es_ES\" \/>\n<meta property=\"og:type\" content=\"article\" \/>\n<meta property=\"og:title\" content=\"\u00bfCu\u00e1ndo se j\u2026.el Per\u00fa?\" \/>\n<meta property=\"og:description\" content=\"El primer gobierno de Bela\u00fande dict\u00f3 las primeras normas para una \u201creforma agraria\u201d cuyo esp\u00edritu era \u201cla tierra es para quien la trabaja\u201d. Los ide\u00f3logos\" \/>\n<meta property=\"og:url\" content=\"https:\/\/mariachappuis.com\/blog\/archivos\/824\" \/>\n<meta property=\"og:site_name\" content=\"Maria Chappuis\" \/>\n<meta property=\"article:published_time\" content=\"2013-11-12T12:34:11+00:00\" \/>\n<meta property=\"article:modified_time\" content=\"2017-03-18T06:37:26+00:00\" \/>\n<meta property=\"og:image\" content=\"https:\/\/mariachappuis.com\/blog\/wp-content\/uploads\/2024\/01\/cropped-3333.jpg\" \/>\n\t<meta property=\"og:image:width\" content=\"512\" \/>\n\t<meta property=\"og:image:height\" content=\"512\" \/>\n\t<meta property=\"og:image:type\" content=\"image\/jpeg\" \/>\n<meta name=\"author\" content=\"Marita Chappuis\" \/>\n<meta name=\"twitter:card\" content=\"summary_large_image\" \/>\n<meta name=\"twitter:label1\" content=\"Escrito por\" \/>\n\t<meta name=\"twitter:data1\" content=\"Marita Chappuis\" \/>\n\t<meta name=\"twitter:label2\" content=\"Tiempo de lectura\" \/>\n\t<meta name=\"twitter:data2\" content=\"2 minutos\" \/>\n<script type=\"application\/ld+json\" class=\"yoast-schema-graph\">{\"@context\":\"https:\/\/schema.org\",\"@graph\":[{\"@type\":\"Article\",\"@id\":\"https:\/\/mariachappuis.com\/blog\/archivos\/824#article\",\"isPartOf\":{\"@id\":\"https:\/\/mariachappuis.com\/blog\/archivos\/824\"},\"author\":{\"name\":\"Marita Chappuis\",\"@id\":\"https:\/\/mariachappuis.com\/blog\/#\/schema\/person\/8de0bece2913b35ac8b590fc9ac6dda5\"},\"headline\":\"\u00bfCu\u00e1ndo se j\u2026.el Per\u00fa?\",\"datePublished\":\"2013-11-12T12:34:11+00:00\",\"dateModified\":\"2017-03-18T06:37:26+00:00\",\"mainEntityOfPage\":{\"@id\":\"https:\/\/mariachappuis.com\/blog\/archivos\/824\"},\"wordCount\":462,\"publisher\":{\"@id\":\"https:\/\/mariachappuis.com\/blog\/#\/schema\/person\/8de0bece2913b35ac8b590fc9ac6dda5\"},\"articleSection\":[\"General\"],\"inLanguage\":\"es\"},{\"@type\":\"WebPage\",\"@id\":\"https:\/\/mariachappuis.com\/blog\/archivos\/824\",\"url\":\"https:\/\/mariachappuis.com\/blog\/archivos\/824\",\"name\":\"\u00bfCu\u00e1ndo se j\u2026.el Per\u00fa?\",\"isPartOf\":{\"@id\":\"https:\/\/mariachappuis.com\/blog\/#website\"},\"datePublished\":\"2013-11-12T12:34:11+00:00\",\"dateModified\":\"2017-03-18T06:37:26+00:00\",\"description\":\"El primer gobierno de Bela\u00fande dict\u00f3 las primeras normas para una \u201creforma agraria\u201d cuyo esp\u00edritu era \u201cla tierra es para quien la trabaja\u201d. Los ide\u00f3logos\",\"breadcrumb\":{\"@id\":\"https:\/\/mariachappuis.com\/blog\/archivos\/824#breadcrumb\"},\"inLanguage\":\"es\",\"potentialAction\":[{\"@type\":\"ReadAction\",\"target\":[\"https:\/\/mariachappuis.com\/blog\/archivos\/824\"]}]},{\"@type\":\"BreadcrumbList\",\"@id\":\"https:\/\/mariachappuis.com\/blog\/archivos\/824#breadcrumb\",\"itemListElement\":[{\"@type\":\"ListItem\",\"position\":1,\"name\":\"Portada\",\"item\":\"https:\/\/mariachappuis.com\/blog\"},{\"@type\":\"ListItem\",\"position\":2,\"name\":\"\u00bfCu\u00e1ndo se j\u2026.el Per\u00fa?\"}]},{\"@type\":\"WebSite\",\"@id\":\"https:\/\/mariachappuis.com\/blog\/#website\",\"url\":\"https:\/\/mariachappuis.com\/blog\/\",\"name\":\"Marita Chappuis\",\"description\":\"An\u00e1lisis y Comentarios\",\"publisher\":{\"@id\":\"https:\/\/mariachappuis.com\/blog\/#\/schema\/person\/8de0bece2913b35ac8b590fc9ac6dda5\"},\"alternateName\":\"Marita Chappuis\",\"potentialAction\":[{\"@type\":\"SearchAction\",\"target\":{\"@type\":\"EntryPoint\",\"urlTemplate\":\"https:\/\/mariachappuis.com\/blog\/?s={search_term_string}\"},\"query-input\":{\"@type\":\"PropertyValueSpecification\",\"valueRequired\":true,\"valueName\":\"search_term_string\"}}],\"inLanguage\":\"es\"},{\"@type\":[\"Person\",\"Organization\"],\"@id\":\"https:\/\/mariachappuis.com\/blog\/#\/schema\/person\/8de0bece2913b35ac8b590fc9ac6dda5\",\"name\":\"Marita Chappuis\",\"image\":{\"@type\":\"ImageObject\",\"inLanguage\":\"es\",\"@id\":\"https:\/\/mariachappuis.com\/blog\/wp-content\/uploads\/2024\/01\/cropped-3333.jpg\",\"url\":\"https:\/\/mariachappuis.com\/blog\/wp-content\/uploads\/2024\/01\/cropped-3333.jpg\",\"contentUrl\":\"https:\/\/mariachappuis.com\/blog\/wp-content\/uploads\/2024\/01\/cropped-3333.jpg\",\"width\":512,\"height\":512,\"caption\":\"Marita Chappuis\"},\"logo\":{\"@id\":\"https:\/\/mariachappuis.com\/blog\/wp-content\/uploads\/2024\/01\/cropped-3333.jpg\"}}]}<\/script>\n<!-- \/ Yoast SEO plugin. -->","yoast_head_json":{"title":"\u00bfCu\u00e1ndo se j\u2026.el Per\u00fa?","description":"El primer gobierno de Bela\u00fande dict\u00f3 las primeras normas para una \u201creforma agraria\u201d cuyo esp\u00edritu era \u201cla tierra es para quien la trabaja\u201d. Los ide\u00f3logos","robots":{"index":"index","follow":"follow","max-snippet":"max-snippet:-1","max-image-preview":"max-image-preview:large","max-video-preview":"max-video-preview:-1"},"canonical":"https:\/\/mariachappuis.com\/blog\/archivos\/824","og_locale":"es_ES","og_type":"article","og_title":"\u00bfCu\u00e1ndo se j\u2026.el Per\u00fa?","og_description":"El primer gobierno de Bela\u00fande dict\u00f3 las primeras normas para una \u201creforma agraria\u201d cuyo esp\u00edritu era \u201cla tierra es para quien la trabaja\u201d. Los ide\u00f3logos","og_url":"https:\/\/mariachappuis.com\/blog\/archivos\/824","og_site_name":"Maria Chappuis","article_published_time":"2013-11-12T12:34:11+00:00","article_modified_time":"2017-03-18T06:37:26+00:00","og_image":[{"width":512,"height":512,"url":"https:\/\/mariachappuis.com\/blog\/wp-content\/uploads\/2024\/01\/cropped-3333.jpg","type":"image\/jpeg"}],"author":"Marita Chappuis","twitter_card":"summary_large_image","twitter_misc":{"Escrito por":"Marita Chappuis","Tiempo de lectura":"2 minutos"},"schema":{"@context":"https:\/\/schema.org","@graph":[{"@type":"Article","@id":"https:\/\/mariachappuis.com\/blog\/archivos\/824#article","isPartOf":{"@id":"https:\/\/mariachappuis.com\/blog\/archivos\/824"},"author":{"name":"Marita Chappuis","@id":"https:\/\/mariachappuis.com\/blog\/#\/schema\/person\/8de0bece2913b35ac8b590fc9ac6dda5"},"headline":"\u00bfCu\u00e1ndo se j\u2026.el Per\u00fa?","datePublished":"2013-11-12T12:34:11+00:00","dateModified":"2017-03-18T06:37:26+00:00","mainEntityOfPage":{"@id":"https:\/\/mariachappuis.com\/blog\/archivos\/824"},"wordCount":462,"publisher":{"@id":"https:\/\/mariachappuis.com\/blog\/#\/schema\/person\/8de0bece2913b35ac8b590fc9ac6dda5"},"articleSection":["General"],"inLanguage":"es"},{"@type":"WebPage","@id":"https:\/\/mariachappuis.com\/blog\/archivos\/824","url":"https:\/\/mariachappuis.com\/blog\/archivos\/824","name":"\u00bfCu\u00e1ndo se j\u2026.el Per\u00fa?","isPartOf":{"@id":"https:\/\/mariachappuis.com\/blog\/#website"},"datePublished":"2013-11-12T12:34:11+00:00","dateModified":"2017-03-18T06:37:26+00:00","description":"El primer gobierno de Bela\u00fande dict\u00f3 las primeras normas para una \u201creforma agraria\u201d cuyo esp\u00edritu era \u201cla tierra es para quien la trabaja\u201d. Los ide\u00f3logos","breadcrumb":{"@id":"https:\/\/mariachappuis.com\/blog\/archivos\/824#breadcrumb"},"inLanguage":"es","potentialAction":[{"@type":"ReadAction","target":["https:\/\/mariachappuis.com\/blog\/archivos\/824"]}]},{"@type":"BreadcrumbList","@id":"https:\/\/mariachappuis.com\/blog\/archivos\/824#breadcrumb","itemListElement":[{"@type":"ListItem","position":1,"name":"Portada","item":"https:\/\/mariachappuis.com\/blog"},{"@type":"ListItem","position":2,"name":"\u00bfCu\u00e1ndo se j\u2026.el Per\u00fa?"}]},{"@type":"WebSite","@id":"https:\/\/mariachappuis.com\/blog\/#website","url":"https:\/\/mariachappuis.com\/blog\/","name":"Marita Chappuis","description":"An\u00e1lisis y Comentarios","publisher":{"@id":"https:\/\/mariachappuis.com\/blog\/#\/schema\/person\/8de0bece2913b35ac8b590fc9ac6dda5"},"alternateName":"Marita Chappuis","potentialAction":[{"@type":"SearchAction","target":{"@type":"EntryPoint","urlTemplate":"https:\/\/mariachappuis.com\/blog\/?s={search_term_string}"},"query-input":{"@type":"PropertyValueSpecification","valueRequired":true,"valueName":"search_term_string"}}],"inLanguage":"es"},{"@type":["Person","Organization"],"@id":"https:\/\/mariachappuis.com\/blog\/#\/schema\/person\/8de0bece2913b35ac8b590fc9ac6dda5","name":"Marita Chappuis","image":{"@type":"ImageObject","inLanguage":"es","@id":"https:\/\/mariachappuis.com\/blog\/wp-content\/uploads\/2024\/01\/cropped-3333.jpg","url":"https:\/\/mariachappuis.com\/blog\/wp-content\/uploads\/2024\/01\/cropped-3333.jpg","contentUrl":"https:\/\/mariachappuis.com\/blog\/wp-content\/uploads\/2024\/01\/cropped-3333.jpg","width":512,"height":512,"caption":"Marita Chappuis"},"logo":{"@id":"https:\/\/mariachappuis.com\/blog\/wp-content\/uploads\/2024\/01\/cropped-3333.jpg"}}]}},"_links":{"self":[{"href":"https:\/\/mariachappuis.com\/blog\/wp-json\/wp\/v2\/posts\/824","targetHints":{"allow":["GET"]}}],"collection":[{"href":"https:\/\/mariachappuis.com\/blog\/wp-json\/wp\/v2\/posts"}],"about":[{"href":"https:\/\/mariachappuis.com\/blog\/wp-json\/wp\/v2\/types\/post"}],"author":[{"embeddable":true,"href":"https:\/\/mariachappuis.com\/blog\/wp-json\/wp\/v2\/users\/1"}],"replies":[{"embeddable":true,"href":"https:\/\/mariachappuis.com\/blog\/wp-json\/wp\/v2\/comments?post=824"}],"version-history":[{"count":2,"href":"https:\/\/mariachappuis.com\/blog\/wp-json\/wp\/v2\/posts\/824\/revisions"}],"predecessor-version":[{"id":1960,"href":"https:\/\/mariachappuis.com\/blog\/wp-json\/wp\/v2\/posts\/824\/revisions\/1960"}],"wp:attachment":[{"href":"https:\/\/mariachappuis.com\/blog\/wp-json\/wp\/v2\/media?parent=824"}],"wp:term":[{"taxonomy":"category","embeddable":true,"href":"https:\/\/mariachappuis.com\/blog\/wp-json\/wp\/v2\/categories?post=824"},{"taxonomy":"post_tag","embeddable":true,"href":"https:\/\/mariachappuis.com\/blog\/wp-json\/wp\/v2\/tags?post=824"}],"curies":[{"name":"wp","href":"https:\/\/api.w.org\/{rel}","templated":true}]}}