{"id":813,"date":"2013-11-06T02:40:17","date_gmt":"2013-11-06T02:40:17","guid":{"rendered":"http:\/\/www.mariachappuis.com\/blog\/?p=813"},"modified":"2017-03-18T01:37:26","modified_gmt":"2017-03-18T06:37:26","slug":"barrick-dice-que-freno-a-pascua-lama-responde-a-temas-economicos","status":"publish","type":"post","link":"https:\/\/mariachappuis.com\/blog\/archivos\/813","title":{"rendered":"Barrick dice que freno a Pascua Lama responde a temas econ\u00f3micos"},"content":{"rendered":"<p><a href=\"http:\/\/www.mariachappuis.com\/blog\/archivos\/813\/020_pascua_lama1-540x350\" rel=\"attachment wp-att-814\"><img loading=\"lazy\" decoding=\"async\" class=\"alignnone size-full wp-image-814\" alt=\"020_Pascua_Lama1-540x350\" src=\"http:\/\/www.mariachappuis.com\/blog\/wp-content\/uploads\/2013\/11\/020_Pascua_Lama1-540x350.jpg\" width=\"483\" height=\"313\" srcset=\"https:\/\/mariachappuis.com\/blog\/wp-content\/uploads\/2013\/11\/020_Pascua_Lama1-540x350.jpg 540w, https:\/\/mariachappuis.com\/blog\/wp-content\/uploads\/2013\/11\/020_Pascua_Lama1-540x350-300x194.jpg 300w\" sizes=\"auto, (max-width: 483px) 100vw, 483px\" \/><\/a><\/p>\n<p>Menor precio del oro y altos costos afectaron la rentabilidad del proyecto. El m\u00e1ximo ejecutivo de Barrick Gold aclar\u00f3 que la paralizaci\u00f3n del proyecto por US$ 8.500 millones es temporal y que la empresa no tiene las intenciones de abandonar el yacimiento que se desarrolla en Chile y Argentina y en el que ya tiene un 50% de avance con US$ 5 mil millones invertidos.<\/p>\n<p>(El Mercurio) El m\u00e1ximo ejecutivo de Barrick Gold en Chile, Eduardo Flores, se reuni\u00f3 ayer con los ministros del Interior, Andr\u00e9s Chadwick, y de Miner\u00eda, Hern\u00e1n de Solminihac, para entregar detalles de la determinaci\u00f3n de la compa\u00f1\u00eda de suspender de forma temporal el desarrollo del proyecto minero de oro y plata Pascua Lama.<!--more--><\/p>\n<p>\u201cEs una decisi\u00f3n econ\u00f3mica, principalmente. El precio de los metales ha ca\u00eddo fuertemente, m\u00e1s de un 30% en comparaci\u00f3n con los a\u00f1os anteriores. Eso afecta fuertemente los resultados econ\u00f3micos de un proyecto de esta naturaleza\u201d, explic\u00f3 Flores, quien se desempe\u00f1a como presidente de Barrick Sudam\u00e9rica.<\/p>\n<p>El ejecutivo aclar\u00f3 que la paralizaci\u00f3n del proyecto por US$ 8.500 millones es temporal y que la empresa no tiene las intenciones de abandonar el yacimiento que se desarrolla en Chile y Argentina y en el que ya tiene un 50% de avance con US$ 5 mil millones invertidos.<\/p>\n<p>\u201cLa miner\u00eda consiste en proyectos de 20 o 30 a\u00f1os, y Pascua Lama tiene 25 a\u00f1os de vida, as\u00ed que vamos a tener que trabajar con muchos gobiernos\u201d, agreg\u00f3 Flores.<\/p>\n<p>Por su parte, el ministro De Solminihac explic\u00f3 que el plan de la minera es implementar durante los pr\u00f3ximos dos a\u00f1os la serie de medidas de mitigaci\u00f3n que le solicit\u00f3 la Superintendencia del Medio Ambiente para seguir adelante con el proyecto.<\/p>\n<p>\u201cPosterior a eso, la empresa va a evaluar las condiciones del mercado tanto en tema de costos como de precios del oro, para ver cu\u00e1ndo materializan la reapertura del proyecto\u201d, dijo el ministro.<\/p>\n<p>De Solminihac agreg\u00f3 que para Barrick no le es atractivo seguir adelante con una iniciativa que cuesta US$ 8.500 millon.<\/p>\n<p>Fuente \/ El Mercurio<\/p>\n","protected":false},"excerpt":{"rendered":"<p>Menor precio del oro y altos costos afectaron la rentabilidad del proyecto. El m\u00e1ximo ejecutivo de Barrick Gold aclar\u00f3 que la paralizaci\u00f3n del proyecto por US$ 8.500 millones es temporal y que la empresa no tiene las intenciones de abandonar &hellip; <a href=\"https:\/\/mariachappuis.com\/blog\/archivos\/813\">Sigue leyendo <span class=\"meta-nav\">&rarr;<\/span><\/a><\/p>\n","protected":false},"author":1,"featured_media":0,"comment_status":"closed","ping_status":"closed","sticky":false,"template":"","format":"standard","meta":{"footnotes":""},"categories":[1],"tags":[],"class_list":["post-813","post","type-post","status-publish","format-standard","hentry","category-general"],"yoast_head":"<!-- This site is optimized with the Yoast SEO plugin v27.2 - https:\/\/yoast.com\/product\/yoast-seo-wordpress\/ -->\n<title>Barrick dice que freno a Pascua Lama responde a temas econ\u00f3micos<\/title>\n<meta name=\"description\" content=\"Menor precio del oro y altos costos afectaron la rentabilidad del proyecto. El m\u00e1ximo ejecutivo de Barrick Gold aclar\u00f3 que la paralizaci\u00f3n del proyecto\" \/>\n<meta name=\"robots\" content=\"index, follow, max-snippet:-1, max-image-preview:large, max-video-preview:-1\" \/>\n<link rel=\"canonical\" href=\"https:\/\/mariachappuis.com\/blog\/archivos\/813\" \/>\n<meta property=\"og:locale\" content=\"es_ES\" \/>\n<meta property=\"og:type\" content=\"article\" \/>\n<meta property=\"og:title\" content=\"Barrick dice que freno a Pascua Lama responde a temas econ\u00f3micos\" \/>\n<meta property=\"og:description\" content=\"Menor precio del oro y altos costos afectaron la rentabilidad del proyecto. El m\u00e1ximo ejecutivo de Barrick Gold aclar\u00f3 que la paralizaci\u00f3n del proyecto\" \/>\n<meta property=\"og:url\" content=\"https:\/\/mariachappuis.com\/blog\/archivos\/813\" \/>\n<meta property=\"og:site_name\" content=\"Maria Chappuis\" \/>\n<meta property=\"article:published_time\" content=\"2013-11-06T02:40:17+00:00\" \/>\n<meta property=\"article:modified_time\" content=\"2017-03-18T06:37:26+00:00\" \/>\n<meta property=\"og:image\" content=\"https:\/\/mariachappuis.com\/blog\/wp-content\/uploads\/2013\/11\/020_Pascua_Lama1-540x350.jpg\" \/>\n\t<meta property=\"og:image:width\" content=\"540\" \/>\n\t<meta property=\"og:image:height\" content=\"350\" \/>\n\t<meta property=\"og:image:type\" content=\"image\/jpeg\" \/>\n<meta name=\"author\" content=\"Marita Chappuis\" \/>\n<meta name=\"twitter:card\" content=\"summary_large_image\" \/>\n<meta name=\"twitter:label1\" content=\"Escrito por\" \/>\n\t<meta name=\"twitter:data1\" content=\"Marita Chappuis\" \/>\n\t<meta name=\"twitter:label2\" content=\"Tiempo de lectura\" \/>\n\t<meta name=\"twitter:data2\" content=\"2 minutos\" \/>\n<script type=\"application\/ld+json\" class=\"yoast-schema-graph\">{\"@context\":\"https:\/\/schema.org\",\"@graph\":[{\"@type\":\"Article\",\"@id\":\"https:\/\/mariachappuis.com\/blog\/archivos\/813#article\",\"isPartOf\":{\"@id\":\"https:\/\/mariachappuis.com\/blog\/archivos\/813\"},\"author\":{\"name\":\"Marita Chappuis\",\"@id\":\"https:\/\/mariachappuis.com\/blog\/#\/schema\/person\/8de0bece2913b35ac8b590fc9ac6dda5\"},\"headline\":\"Barrick dice que freno a Pascua Lama responde a temas econ\u00f3micos\",\"datePublished\":\"2013-11-06T02:40:17+00:00\",\"dateModified\":\"2017-03-18T06:37:26+00:00\",\"mainEntityOfPage\":{\"@id\":\"https:\/\/mariachappuis.com\/blog\/archivos\/813\"},\"wordCount\":365,\"publisher\":{\"@id\":\"https:\/\/mariachappuis.com\/blog\/#\/schema\/person\/8de0bece2913b35ac8b590fc9ac6dda5\"},\"image\":{\"@id\":\"https:\/\/mariachappuis.com\/blog\/archivos\/813#primaryimage\"},\"thumbnailUrl\":\"http:\/\/www.mariachappuis.com\/blog\/wp-content\/uploads\/2013\/11\/020_Pascua_Lama1-540x350.jpg\",\"articleSection\":[\"General\"],\"inLanguage\":\"es\"},{\"@type\":\"WebPage\",\"@id\":\"https:\/\/mariachappuis.com\/blog\/archivos\/813\",\"url\":\"https:\/\/mariachappuis.com\/blog\/archivos\/813\",\"name\":\"Barrick dice que freno a Pascua Lama responde a temas econ\u00f3micos\",\"isPartOf\":{\"@id\":\"https:\/\/mariachappuis.com\/blog\/#website\"},\"primaryImageOfPage\":{\"@id\":\"https:\/\/mariachappuis.com\/blog\/archivos\/813#primaryimage\"},\"image\":{\"@id\":\"https:\/\/mariachappuis.com\/blog\/archivos\/813#primaryimage\"},\"thumbnailUrl\":\"http:\/\/www.mariachappuis.com\/blog\/wp-content\/uploads\/2013\/11\/020_Pascua_Lama1-540x350.jpg\",\"datePublished\":\"2013-11-06T02:40:17+00:00\",\"dateModified\":\"2017-03-18T06:37:26+00:00\",\"description\":\"Menor precio del oro y altos costos afectaron la rentabilidad del proyecto. El m\u00e1ximo ejecutivo de Barrick Gold aclar\u00f3 que la paralizaci\u00f3n del proyecto\",\"breadcrumb\":{\"@id\":\"https:\/\/mariachappuis.com\/blog\/archivos\/813#breadcrumb\"},\"inLanguage\":\"es\",\"potentialAction\":[{\"@type\":\"ReadAction\",\"target\":[\"https:\/\/mariachappuis.com\/blog\/archivos\/813\"]}]},{\"@type\":\"ImageObject\",\"inLanguage\":\"es\",\"@id\":\"https:\/\/mariachappuis.com\/blog\/archivos\/813#primaryimage\",\"url\":\"http:\/\/www.mariachappuis.com\/blog\/wp-content\/uploads\/2013\/11\/020_Pascua_Lama1-540x350.jpg\",\"contentUrl\":\"http:\/\/www.mariachappuis.com\/blog\/wp-content\/uploads\/2013\/11\/020_Pascua_Lama1-540x350.jpg\"},{\"@type\":\"BreadcrumbList\",\"@id\":\"https:\/\/mariachappuis.com\/blog\/archivos\/813#breadcrumb\",\"itemListElement\":[{\"@type\":\"ListItem\",\"position\":1,\"name\":\"Portada\",\"item\":\"https:\/\/mariachappuis.com\/blog\"},{\"@type\":\"ListItem\",\"position\":2,\"name\":\"Barrick dice que freno a Pascua Lama responde a temas econ\u00f3micos\"}]},{\"@type\":\"WebSite\",\"@id\":\"https:\/\/mariachappuis.com\/blog\/#website\",\"url\":\"https:\/\/mariachappuis.com\/blog\/\",\"name\":\"Marita Chappuis\",\"description\":\"An\u00e1lisis y Comentarios\",\"publisher\":{\"@id\":\"https:\/\/mariachappuis.com\/blog\/#\/schema\/person\/8de0bece2913b35ac8b590fc9ac6dda5\"},\"alternateName\":\"Marita Chappuis\",\"potentialAction\":[{\"@type\":\"SearchAction\",\"target\":{\"@type\":\"EntryPoint\",\"urlTemplate\":\"https:\/\/mariachappuis.com\/blog\/?s={search_term_string}\"},\"query-input\":{\"@type\":\"PropertyValueSpecification\",\"valueRequired\":true,\"valueName\":\"search_term_string\"}}],\"inLanguage\":\"es\"},{\"@type\":[\"Person\",\"Organization\"],\"@id\":\"https:\/\/mariachappuis.com\/blog\/#\/schema\/person\/8de0bece2913b35ac8b590fc9ac6dda5\",\"name\":\"Marita Chappuis\",\"image\":{\"@type\":\"ImageObject\",\"inLanguage\":\"es\",\"@id\":\"https:\/\/mariachappuis.com\/blog\/wp-content\/uploads\/2024\/01\/cropped-3333.jpg\",\"url\":\"https:\/\/mariachappuis.com\/blog\/wp-content\/uploads\/2024\/01\/cropped-3333.jpg\",\"contentUrl\":\"https:\/\/mariachappuis.com\/blog\/wp-content\/uploads\/2024\/01\/cropped-3333.jpg\",\"width\":512,\"height\":512,\"caption\":\"Marita Chappuis\"},\"logo\":{\"@id\":\"https:\/\/mariachappuis.com\/blog\/wp-content\/uploads\/2024\/01\/cropped-3333.jpg\"}}]}<\/script>\n<!-- \/ Yoast SEO plugin. -->","yoast_head_json":{"title":"Barrick dice que freno a Pascua Lama responde a temas econ\u00f3micos","description":"Menor precio del oro y altos costos afectaron la rentabilidad del proyecto. El m\u00e1ximo ejecutivo de Barrick Gold aclar\u00f3 que la paralizaci\u00f3n del proyecto","robots":{"index":"index","follow":"follow","max-snippet":"max-snippet:-1","max-image-preview":"max-image-preview:large","max-video-preview":"max-video-preview:-1"},"canonical":"https:\/\/mariachappuis.com\/blog\/archivos\/813","og_locale":"es_ES","og_type":"article","og_title":"Barrick dice que freno a Pascua Lama responde a temas econ\u00f3micos","og_description":"Menor precio del oro y altos costos afectaron la rentabilidad del proyecto. El m\u00e1ximo ejecutivo de Barrick Gold aclar\u00f3 que la paralizaci\u00f3n del proyecto","og_url":"https:\/\/mariachappuis.com\/blog\/archivos\/813","og_site_name":"Maria Chappuis","article_published_time":"2013-11-06T02:40:17+00:00","article_modified_time":"2017-03-18T06:37:26+00:00","og_image":[{"width":540,"height":350,"url":"https:\/\/mariachappuis.com\/blog\/wp-content\/uploads\/2013\/11\/020_Pascua_Lama1-540x350.jpg","type":"image\/jpeg"}],"author":"Marita Chappuis","twitter_card":"summary_large_image","twitter_misc":{"Escrito por":"Marita Chappuis","Tiempo de lectura":"2 minutos"},"schema":{"@context":"https:\/\/schema.org","@graph":[{"@type":"Article","@id":"https:\/\/mariachappuis.com\/blog\/archivos\/813#article","isPartOf":{"@id":"https:\/\/mariachappuis.com\/blog\/archivos\/813"},"author":{"name":"Marita Chappuis","@id":"https:\/\/mariachappuis.com\/blog\/#\/schema\/person\/8de0bece2913b35ac8b590fc9ac6dda5"},"headline":"Barrick dice que freno a Pascua Lama responde a temas econ\u00f3micos","datePublished":"2013-11-06T02:40:17+00:00","dateModified":"2017-03-18T06:37:26+00:00","mainEntityOfPage":{"@id":"https:\/\/mariachappuis.com\/blog\/archivos\/813"},"wordCount":365,"publisher":{"@id":"https:\/\/mariachappuis.com\/blog\/#\/schema\/person\/8de0bece2913b35ac8b590fc9ac6dda5"},"image":{"@id":"https:\/\/mariachappuis.com\/blog\/archivos\/813#primaryimage"},"thumbnailUrl":"http:\/\/www.mariachappuis.com\/blog\/wp-content\/uploads\/2013\/11\/020_Pascua_Lama1-540x350.jpg","articleSection":["General"],"inLanguage":"es"},{"@type":"WebPage","@id":"https:\/\/mariachappuis.com\/blog\/archivos\/813","url":"https:\/\/mariachappuis.com\/blog\/archivos\/813","name":"Barrick dice que freno a Pascua Lama responde a temas econ\u00f3micos","isPartOf":{"@id":"https:\/\/mariachappuis.com\/blog\/#website"},"primaryImageOfPage":{"@id":"https:\/\/mariachappuis.com\/blog\/archivos\/813#primaryimage"},"image":{"@id":"https:\/\/mariachappuis.com\/blog\/archivos\/813#primaryimage"},"thumbnailUrl":"http:\/\/www.mariachappuis.com\/blog\/wp-content\/uploads\/2013\/11\/020_Pascua_Lama1-540x350.jpg","datePublished":"2013-11-06T02:40:17+00:00","dateModified":"2017-03-18T06:37:26+00:00","description":"Menor precio del oro y altos costos afectaron la rentabilidad del proyecto. El m\u00e1ximo ejecutivo de Barrick Gold aclar\u00f3 que la paralizaci\u00f3n del proyecto","breadcrumb":{"@id":"https:\/\/mariachappuis.com\/blog\/archivos\/813#breadcrumb"},"inLanguage":"es","potentialAction":[{"@type":"ReadAction","target":["https:\/\/mariachappuis.com\/blog\/archivos\/813"]}]},{"@type":"ImageObject","inLanguage":"es","@id":"https:\/\/mariachappuis.com\/blog\/archivos\/813#primaryimage","url":"http:\/\/www.mariachappuis.com\/blog\/wp-content\/uploads\/2013\/11\/020_Pascua_Lama1-540x350.jpg","contentUrl":"http:\/\/www.mariachappuis.com\/blog\/wp-content\/uploads\/2013\/11\/020_Pascua_Lama1-540x350.jpg"},{"@type":"BreadcrumbList","@id":"https:\/\/mariachappuis.com\/blog\/archivos\/813#breadcrumb","itemListElement":[{"@type":"ListItem","position":1,"name":"Portada","item":"https:\/\/mariachappuis.com\/blog"},{"@type":"ListItem","position":2,"name":"Barrick dice que freno a Pascua Lama responde a temas econ\u00f3micos"}]},{"@type":"WebSite","@id":"https:\/\/mariachappuis.com\/blog\/#website","url":"https:\/\/mariachappuis.com\/blog\/","name":"Marita Chappuis","description":"An\u00e1lisis y Comentarios","publisher":{"@id":"https:\/\/mariachappuis.com\/blog\/#\/schema\/person\/8de0bece2913b35ac8b590fc9ac6dda5"},"alternateName":"Marita Chappuis","potentialAction":[{"@type":"SearchAction","target":{"@type":"EntryPoint","urlTemplate":"https:\/\/mariachappuis.com\/blog\/?s={search_term_string}"},"query-input":{"@type":"PropertyValueSpecification","valueRequired":true,"valueName":"search_term_string"}}],"inLanguage":"es"},{"@type":["Person","Organization"],"@id":"https:\/\/mariachappuis.com\/blog\/#\/schema\/person\/8de0bece2913b35ac8b590fc9ac6dda5","name":"Marita Chappuis","image":{"@type":"ImageObject","inLanguage":"es","@id":"https:\/\/mariachappuis.com\/blog\/wp-content\/uploads\/2024\/01\/cropped-3333.jpg","url":"https:\/\/mariachappuis.com\/blog\/wp-content\/uploads\/2024\/01\/cropped-3333.jpg","contentUrl":"https:\/\/mariachappuis.com\/blog\/wp-content\/uploads\/2024\/01\/cropped-3333.jpg","width":512,"height":512,"caption":"Marita Chappuis"},"logo":{"@id":"https:\/\/mariachappuis.com\/blog\/wp-content\/uploads\/2024\/01\/cropped-3333.jpg"}}]}},"_links":{"self":[{"href":"https:\/\/mariachappuis.com\/blog\/wp-json\/wp\/v2\/posts\/813","targetHints":{"allow":["GET"]}}],"collection":[{"href":"https:\/\/mariachappuis.com\/blog\/wp-json\/wp\/v2\/posts"}],"about":[{"href":"https:\/\/mariachappuis.com\/blog\/wp-json\/wp\/v2\/types\/post"}],"author":[{"embeddable":true,"href":"https:\/\/mariachappuis.com\/blog\/wp-json\/wp\/v2\/users\/1"}],"replies":[{"embeddable":true,"href":"https:\/\/mariachappuis.com\/blog\/wp-json\/wp\/v2\/comments?post=813"}],"version-history":[{"count":4,"href":"https:\/\/mariachappuis.com\/blog\/wp-json\/wp\/v2\/posts\/813\/revisions"}],"predecessor-version":[{"id":817,"href":"https:\/\/mariachappuis.com\/blog\/wp-json\/wp\/v2\/posts\/813\/revisions\/817"}],"wp:attachment":[{"href":"https:\/\/mariachappuis.com\/blog\/wp-json\/wp\/v2\/media?parent=813"}],"wp:term":[{"taxonomy":"category","embeddable":true,"href":"https:\/\/mariachappuis.com\/blog\/wp-json\/wp\/v2\/categories?post=813"},{"taxonomy":"post_tag","embeddable":true,"href":"https:\/\/mariachappuis.com\/blog\/wp-json\/wp\/v2\/tags?post=813"}],"curies":[{"name":"wp","href":"https:\/\/api.w.org\/{rel}","templated":true}]}}