{"id":810,"date":"2013-11-02T15:09:52","date_gmt":"2013-11-02T15:09:52","guid":{"rendered":"http:\/\/www.mariachappuis.com\/blog\/?p=810"},"modified":"2017-03-18T01:37:26","modified_gmt":"2017-03-18T06:37:26","slug":"preocupaciones-regionales","status":"publish","type":"post","link":"https:\/\/mariachappuis.com\/blog\/archivos\/810","title":{"rendered":"Preocupaciones Regionales"},"content":{"rendered":"<p>A medida que se acercan las elecciones regionales de Octubre 2014, los actuales presidentes comienzan a preocuparse por la rendici\u00f3n de cuentas que pueden presentar al fin de su mandato.<\/p>\n<p>El presidente regional de Moquegua, seg\u00fan nota period\u00edstica aparecida en el diario La Rep\u00fablica, ha decidido enviar una misiva a los directivos de Anglo American para preguntar cu\u00e1ndo inician la construcci\u00f3n de Quellaveco. Este proyecto considera una producci\u00f3n de 225,000 TMF de cobre al a\u00f1o (equivalente al 17% de la producci\u00f3n peruana del 2012). Seg\u00fan Goldman Sachs, tiene costos que lo ubican en el segundo cuartil, por debajo inclusive de Constancia y Toromocho, proyectos que est\u00e1n en plena construcci\u00f3n actualmente. Se hab\u00eda estimado que iba a demandar no menos de 3,300 millones de d\u00f3lares de inversi\u00f3n.<!--more--><\/p>\n<p>Seg\u00fan el IPE, Moquegua tiene un crecimiento acumulado entre el 2001-2011 de s\u00f3lo 50%, por encima de Cajamarca que s\u00f3lo creci\u00f3 42%; pero muy por debajo del promedio nacional (85%).<\/p>\n<p>Lamentablemente no se han publicado cifras de cu\u00e1l habr\u00eda sido el crecimiento de Cajamarca de haberse construido los megaproyectos La Granja, Galeno, Michiquillay, y Conga. S\u00f3lo sabemos que la producci\u00f3n nacional de cobre hubiera crecido en 84% y \u00e9sta regi\u00f3n hubiera recibido m\u00e1s de 10,000 millones de d\u00f3lares de nueva inversi\u00f3n cre\u00e1ndose m\u00e1s de 20,000 puestos de trabajo.<\/p>\n","protected":false},"excerpt":{"rendered":"<p>A medida que se acercan las elecciones regionales de Octubre 2014, los actuales presidentes comienzan a preocuparse por la rendici\u00f3n de cuentas que pueden presentar al fin de su mandato. El presidente regional de Moquegua, seg\u00fan nota period\u00edstica aparecida en &hellip; <a href=\"https:\/\/mariachappuis.com\/blog\/archivos\/810\">Sigue leyendo <span class=\"meta-nav\">&rarr;<\/span><\/a><\/p>\n","protected":false},"author":1,"featured_media":0,"comment_status":"closed","ping_status":"closed","sticky":false,"template":"","format":"standard","meta":{"footnotes":""},"categories":[1],"tags":[],"class_list":["post-810","post","type-post","status-publish","format-standard","hentry","category-general"],"yoast_head":"<!-- This site is optimized with the Yoast SEO plugin v27.2 - https:\/\/yoast.com\/product\/yoast-seo-wordpress\/ -->\n<title>Preocupaciones Regionales<\/title>\n<meta name=\"description\" content=\"A medida que se acercan las elecciones regionales de Octubre 2014, los actuales presidentes comienzan a preocuparse por la rendici\u00f3n de cuentas que pueden\" \/>\n<meta name=\"robots\" content=\"index, follow, max-snippet:-1, max-image-preview:large, max-video-preview:-1\" \/>\n<link rel=\"canonical\" href=\"https:\/\/mariachappuis.com\/blog\/archivos\/810\" \/>\n<meta property=\"og:locale\" content=\"es_ES\" \/>\n<meta property=\"og:type\" content=\"article\" \/>\n<meta property=\"og:title\" content=\"Preocupaciones Regionales\" \/>\n<meta property=\"og:description\" content=\"A medida que se acercan las elecciones regionales de Octubre 2014, los actuales presidentes comienzan a preocuparse por la rendici\u00f3n de cuentas que pueden\" \/>\n<meta property=\"og:url\" content=\"https:\/\/mariachappuis.com\/blog\/archivos\/810\" \/>\n<meta property=\"og:site_name\" content=\"Maria Chappuis\" \/>\n<meta property=\"article:published_time\" content=\"2013-11-02T15:09:52+00:00\" \/>\n<meta property=\"article:modified_time\" content=\"2017-03-18T06:37:26+00:00\" \/>\n<meta property=\"og:image\" content=\"https:\/\/mariachappuis.com\/blog\/wp-content\/uploads\/2024\/01\/cropped-3333.jpg\" \/>\n\t<meta property=\"og:image:width\" content=\"512\" \/>\n\t<meta property=\"og:image:height\" content=\"512\" \/>\n\t<meta property=\"og:image:type\" content=\"image\/jpeg\" \/>\n<meta name=\"author\" content=\"Marita Chappuis\" \/>\n<meta name=\"twitter:card\" content=\"summary_large_image\" \/>\n<meta name=\"twitter:label1\" content=\"Escrito por\" \/>\n\t<meta name=\"twitter:data1\" content=\"Marita Chappuis\" \/>\n\t<meta name=\"twitter:label2\" content=\"Tiempo de lectura\" \/>\n\t<meta name=\"twitter:data2\" content=\"1 minuto\" \/>\n<script type=\"application\/ld+json\" class=\"yoast-schema-graph\">{\"@context\":\"https:\/\/schema.org\",\"@graph\":[{\"@type\":\"Article\",\"@id\":\"https:\/\/mariachappuis.com\/blog\/archivos\/810#article\",\"isPartOf\":{\"@id\":\"https:\/\/mariachappuis.com\/blog\/archivos\/810\"},\"author\":{\"name\":\"Marita Chappuis\",\"@id\":\"https:\/\/mariachappuis.com\/blog\/#\/schema\/person\/8de0bece2913b35ac8b590fc9ac6dda5\"},\"headline\":\"Preocupaciones Regionales\",\"datePublished\":\"2013-11-02T15:09:52+00:00\",\"dateModified\":\"2017-03-18T06:37:26+00:00\",\"mainEntityOfPage\":{\"@id\":\"https:\/\/mariachappuis.com\/blog\/archivos\/810\"},\"wordCount\":233,\"publisher\":{\"@id\":\"https:\/\/mariachappuis.com\/blog\/#\/schema\/person\/8de0bece2913b35ac8b590fc9ac6dda5\"},\"articleSection\":[\"General\"],\"inLanguage\":\"es\"},{\"@type\":\"WebPage\",\"@id\":\"https:\/\/mariachappuis.com\/blog\/archivos\/810\",\"url\":\"https:\/\/mariachappuis.com\/blog\/archivos\/810\",\"name\":\"Preocupaciones Regionales\",\"isPartOf\":{\"@id\":\"https:\/\/mariachappuis.com\/blog\/#website\"},\"datePublished\":\"2013-11-02T15:09:52+00:00\",\"dateModified\":\"2017-03-18T06:37:26+00:00\",\"description\":\"A medida que se acercan las elecciones regionales de Octubre 2014, los actuales presidentes comienzan a preocuparse por la rendici\u00f3n de cuentas que pueden\",\"breadcrumb\":{\"@id\":\"https:\/\/mariachappuis.com\/blog\/archivos\/810#breadcrumb\"},\"inLanguage\":\"es\",\"potentialAction\":[{\"@type\":\"ReadAction\",\"target\":[\"https:\/\/mariachappuis.com\/blog\/archivos\/810\"]}]},{\"@type\":\"BreadcrumbList\",\"@id\":\"https:\/\/mariachappuis.com\/blog\/archivos\/810#breadcrumb\",\"itemListElement\":[{\"@type\":\"ListItem\",\"position\":1,\"name\":\"Portada\",\"item\":\"https:\/\/mariachappuis.com\/blog\"},{\"@type\":\"ListItem\",\"position\":2,\"name\":\"Preocupaciones Regionales\"}]},{\"@type\":\"WebSite\",\"@id\":\"https:\/\/mariachappuis.com\/blog\/#website\",\"url\":\"https:\/\/mariachappuis.com\/blog\/\",\"name\":\"Marita Chappuis\",\"description\":\"An\u00e1lisis y Comentarios\",\"publisher\":{\"@id\":\"https:\/\/mariachappuis.com\/blog\/#\/schema\/person\/8de0bece2913b35ac8b590fc9ac6dda5\"},\"alternateName\":\"Marita Chappuis\",\"potentialAction\":[{\"@type\":\"SearchAction\",\"target\":{\"@type\":\"EntryPoint\",\"urlTemplate\":\"https:\/\/mariachappuis.com\/blog\/?s={search_term_string}\"},\"query-input\":{\"@type\":\"PropertyValueSpecification\",\"valueRequired\":true,\"valueName\":\"search_term_string\"}}],\"inLanguage\":\"es\"},{\"@type\":[\"Person\",\"Organization\"],\"@id\":\"https:\/\/mariachappuis.com\/blog\/#\/schema\/person\/8de0bece2913b35ac8b590fc9ac6dda5\",\"name\":\"Marita Chappuis\",\"image\":{\"@type\":\"ImageObject\",\"inLanguage\":\"es\",\"@id\":\"https:\/\/mariachappuis.com\/blog\/wp-content\/uploads\/2024\/01\/cropped-3333.jpg\",\"url\":\"https:\/\/mariachappuis.com\/blog\/wp-content\/uploads\/2024\/01\/cropped-3333.jpg\",\"contentUrl\":\"https:\/\/mariachappuis.com\/blog\/wp-content\/uploads\/2024\/01\/cropped-3333.jpg\",\"width\":512,\"height\":512,\"caption\":\"Marita Chappuis\"},\"logo\":{\"@id\":\"https:\/\/mariachappuis.com\/blog\/wp-content\/uploads\/2024\/01\/cropped-3333.jpg\"}}]}<\/script>\n<!-- \/ Yoast SEO plugin. -->","yoast_head_json":{"title":"Preocupaciones Regionales","description":"A medida que se acercan las elecciones regionales de Octubre 2014, los actuales presidentes comienzan a preocuparse por la rendici\u00f3n de cuentas que pueden","robots":{"index":"index","follow":"follow","max-snippet":"max-snippet:-1","max-image-preview":"max-image-preview:large","max-video-preview":"max-video-preview:-1"},"canonical":"https:\/\/mariachappuis.com\/blog\/archivos\/810","og_locale":"es_ES","og_type":"article","og_title":"Preocupaciones Regionales","og_description":"A medida que se acercan las elecciones regionales de Octubre 2014, los actuales presidentes comienzan a preocuparse por la rendici\u00f3n de cuentas que pueden","og_url":"https:\/\/mariachappuis.com\/blog\/archivos\/810","og_site_name":"Maria Chappuis","article_published_time":"2013-11-02T15:09:52+00:00","article_modified_time":"2017-03-18T06:37:26+00:00","og_image":[{"width":512,"height":512,"url":"https:\/\/mariachappuis.com\/blog\/wp-content\/uploads\/2024\/01\/cropped-3333.jpg","type":"image\/jpeg"}],"author":"Marita Chappuis","twitter_card":"summary_large_image","twitter_misc":{"Escrito por":"Marita Chappuis","Tiempo de lectura":"1 minuto"},"schema":{"@context":"https:\/\/schema.org","@graph":[{"@type":"Article","@id":"https:\/\/mariachappuis.com\/blog\/archivos\/810#article","isPartOf":{"@id":"https:\/\/mariachappuis.com\/blog\/archivos\/810"},"author":{"name":"Marita Chappuis","@id":"https:\/\/mariachappuis.com\/blog\/#\/schema\/person\/8de0bece2913b35ac8b590fc9ac6dda5"},"headline":"Preocupaciones Regionales","datePublished":"2013-11-02T15:09:52+00:00","dateModified":"2017-03-18T06:37:26+00:00","mainEntityOfPage":{"@id":"https:\/\/mariachappuis.com\/blog\/archivos\/810"},"wordCount":233,"publisher":{"@id":"https:\/\/mariachappuis.com\/blog\/#\/schema\/person\/8de0bece2913b35ac8b590fc9ac6dda5"},"articleSection":["General"],"inLanguage":"es"},{"@type":"WebPage","@id":"https:\/\/mariachappuis.com\/blog\/archivos\/810","url":"https:\/\/mariachappuis.com\/blog\/archivos\/810","name":"Preocupaciones Regionales","isPartOf":{"@id":"https:\/\/mariachappuis.com\/blog\/#website"},"datePublished":"2013-11-02T15:09:52+00:00","dateModified":"2017-03-18T06:37:26+00:00","description":"A medida que se acercan las elecciones regionales de Octubre 2014, los actuales presidentes comienzan a preocuparse por la rendici\u00f3n de cuentas que pueden","breadcrumb":{"@id":"https:\/\/mariachappuis.com\/blog\/archivos\/810#breadcrumb"},"inLanguage":"es","potentialAction":[{"@type":"ReadAction","target":["https:\/\/mariachappuis.com\/blog\/archivos\/810"]}]},{"@type":"BreadcrumbList","@id":"https:\/\/mariachappuis.com\/blog\/archivos\/810#breadcrumb","itemListElement":[{"@type":"ListItem","position":1,"name":"Portada","item":"https:\/\/mariachappuis.com\/blog"},{"@type":"ListItem","position":2,"name":"Preocupaciones Regionales"}]},{"@type":"WebSite","@id":"https:\/\/mariachappuis.com\/blog\/#website","url":"https:\/\/mariachappuis.com\/blog\/","name":"Marita Chappuis","description":"An\u00e1lisis y Comentarios","publisher":{"@id":"https:\/\/mariachappuis.com\/blog\/#\/schema\/person\/8de0bece2913b35ac8b590fc9ac6dda5"},"alternateName":"Marita Chappuis","potentialAction":[{"@type":"SearchAction","target":{"@type":"EntryPoint","urlTemplate":"https:\/\/mariachappuis.com\/blog\/?s={search_term_string}"},"query-input":{"@type":"PropertyValueSpecification","valueRequired":true,"valueName":"search_term_string"}}],"inLanguage":"es"},{"@type":["Person","Organization"],"@id":"https:\/\/mariachappuis.com\/blog\/#\/schema\/person\/8de0bece2913b35ac8b590fc9ac6dda5","name":"Marita Chappuis","image":{"@type":"ImageObject","inLanguage":"es","@id":"https:\/\/mariachappuis.com\/blog\/wp-content\/uploads\/2024\/01\/cropped-3333.jpg","url":"https:\/\/mariachappuis.com\/blog\/wp-content\/uploads\/2024\/01\/cropped-3333.jpg","contentUrl":"https:\/\/mariachappuis.com\/blog\/wp-content\/uploads\/2024\/01\/cropped-3333.jpg","width":512,"height":512,"caption":"Marita Chappuis"},"logo":{"@id":"https:\/\/mariachappuis.com\/blog\/wp-content\/uploads\/2024\/01\/cropped-3333.jpg"}}]}},"_links":{"self":[{"href":"https:\/\/mariachappuis.com\/blog\/wp-json\/wp\/v2\/posts\/810","targetHints":{"allow":["GET"]}}],"collection":[{"href":"https:\/\/mariachappuis.com\/blog\/wp-json\/wp\/v2\/posts"}],"about":[{"href":"https:\/\/mariachappuis.com\/blog\/wp-json\/wp\/v2\/types\/post"}],"author":[{"embeddable":true,"href":"https:\/\/mariachappuis.com\/blog\/wp-json\/wp\/v2\/users\/1"}],"replies":[{"embeddable":true,"href":"https:\/\/mariachappuis.com\/blog\/wp-json\/wp\/v2\/comments?post=810"}],"version-history":[{"count":2,"href":"https:\/\/mariachappuis.com\/blog\/wp-json\/wp\/v2\/posts\/810\/revisions"}],"predecessor-version":[{"id":1963,"href":"https:\/\/mariachappuis.com\/blog\/wp-json\/wp\/v2\/posts\/810\/revisions\/1963"}],"wp:attachment":[{"href":"https:\/\/mariachappuis.com\/blog\/wp-json\/wp\/v2\/media?parent=810"}],"wp:term":[{"taxonomy":"category","embeddable":true,"href":"https:\/\/mariachappuis.com\/blog\/wp-json\/wp\/v2\/categories?post=810"},{"taxonomy":"post_tag","embeddable":true,"href":"https:\/\/mariachappuis.com\/blog\/wp-json\/wp\/v2\/tags?post=810"}],"curies":[{"name":"wp","href":"https:\/\/api.w.org\/{rel}","templated":true}]}}