{"id":791,"date":"2013-10-22T16:23:56","date_gmt":"2013-10-22T16:23:56","guid":{"rendered":"http:\/\/www.mariachappuis.com\/blog\/?p=791"},"modified":"2017-03-18T01:37:27","modified_gmt":"2017-03-18T06:37:27","slug":"yacimiento-en-magallanes-de-angelini-y-von-appen","status":"publish","type":"post","link":"https:\/\/mariachappuis.com\/blog\/archivos\/791","title":{"rendered":"Yacimiento en Magallanes de Angelini y Von Appen"},"content":{"rendered":"<p>Superintendencia de Medio Ambiente formula cargos contra minera en Isla Riesco<br \/>\nAutoridad detect\u00f3 que Mina Invierno no estaba cumpliendo con varios compromisos. Se descubri\u00f3 un centro de acopio de carb\u00f3n no informado.<\/p>\n<p>(El Mercurio) La Superintendencia de Medio Ambiente (SMA) nuevamente formul\u00f3 cargos contra una firma minera.<\/p>\n<p>Esta vez fue en contra de Mina Invierno (Isla Riesco) -ligada a los grupos Angelini y Von Appen- por el incumplimiento de las condiciones, normas y medidas establecidas en su Resoluci\u00f3n de Calificaci\u00f3n Ambiental (RCA).<\/p>\n<p>Seg\u00fan la autoridad ambiental, el 26 de marzo el Servicio Nacional de Geolog\u00eda y Miner\u00eda (Sernageomin) y la Direcci\u00f3n General de Aguas (DGA) visitaron las instalaciones del yacimiento carbon\u00edfero ubicado en Magallanes. Ah\u00ed se detectaron una serie de irregularidades, las cuales, tras siete meses de investigaci\u00f3n, dieron forma a los cargos presentados por la superintendencia.<!--more--><\/p>\n<p>Entre los incumplimientos figura: \u00abQue las piscinas de decantaci\u00f3n que tratan las aguas que se generan en el rajo, no est\u00e1n cumpliendo con su objetivo de abatir los s\u00f3lidos suspendidos de las aguas, que luego son vertidas hacia el estero Chorrillo Invierno 2\u00bb.<\/p>\n<p>A esto se suma la existencia de un \u00e1rea de acopio temporal de carb\u00f3n extra\u00eddo no contemplada en la RCA del proyecto y la no actualizaci\u00f3n de la fase en la que se hallaba Mina Invierno.<\/p>\n<p>\u00abLa compa\u00f1\u00eda hab\u00eda informado que el proyecto asociado se encontraba en fase de construcci\u00f3n, en circunstancias de que ya estaba en su etapa de operaci\u00f3n\u00bb, dice la SMA.<br \/>\nFinalmente, la autoridad se\u00f1ala que la empresa omiti\u00f3 la presentaci\u00f3n de los informes trimestrales con los resultados de los monitoreos semanales de s\u00f3lidos suspendidos del agua que ingresa y que sale de las piscinas de decantaci\u00f3n, establecidos en su RCA. Tampoco entreg\u00f3 los reportes semestrales relativos al \u00abplan de vigilancia ambiental para alerta temprana de calidad de agua\u00bb y \u00abplan de vigilancia ambiental para control de arrastre de s\u00f3lidos\u00bb.<\/p>\n<p>Los cargos presentados por la autoridad fueron declarados como leves y graves. En el caso de estos \u00faltimos, la sanci\u00f3n puede ir desde la revocaci\u00f3n de una RCA, clausura, o multa de hasta cinco mil unidades tributarias anuales (UTA).<\/p>\n<p>Fuente: El Mercurio<\/p>\n","protected":false},"excerpt":{"rendered":"<p>Superintendencia de Medio Ambiente formula cargos contra minera en Isla Riesco Autoridad detect\u00f3 que Mina Invierno no estaba cumpliendo con varios compromisos. Se descubri\u00f3 un centro de acopio de carb\u00f3n no informado. (El Mercurio) La Superintendencia de Medio Ambiente (SMA) &hellip; <a href=\"https:\/\/mariachappuis.com\/blog\/archivos\/791\">Sigue leyendo <span class=\"meta-nav\">&rarr;<\/span><\/a><\/p>\n","protected":false},"author":1,"featured_media":0,"comment_status":"closed","ping_status":"closed","sticky":false,"template":"","format":"standard","meta":{"footnotes":""},"categories":[1],"tags":[],"class_list":["post-791","post","type-post","status-publish","format-standard","hentry","category-general"],"yoast_head":"<!-- This site is optimized with the Yoast SEO plugin v27.2 - https:\/\/yoast.com\/product\/yoast-seo-wordpress\/ -->\n<title>Yacimiento en Magallanes de Angelini y Von Appen<\/title>\n<meta name=\"description\" content=\"Superintendencia de Medio Ambiente formula cargos contra minera en Isla Riesco Autoridad detect\u00f3 que Mina Invierno no estaba cumpliendo con varios\" \/>\n<meta name=\"robots\" content=\"index, follow, max-snippet:-1, max-image-preview:large, max-video-preview:-1\" \/>\n<link rel=\"canonical\" href=\"https:\/\/mariachappuis.com\/blog\/archivos\/791\" \/>\n<meta property=\"og:locale\" content=\"es_ES\" \/>\n<meta property=\"og:type\" content=\"article\" \/>\n<meta property=\"og:title\" content=\"Yacimiento en Magallanes de Angelini y Von Appen\" \/>\n<meta property=\"og:description\" content=\"Superintendencia de Medio Ambiente formula cargos contra minera en Isla Riesco Autoridad detect\u00f3 que Mina Invierno no estaba cumpliendo con varios\" \/>\n<meta property=\"og:url\" content=\"https:\/\/mariachappuis.com\/blog\/archivos\/791\" \/>\n<meta property=\"og:site_name\" content=\"Maria Chappuis\" \/>\n<meta property=\"article:published_time\" content=\"2013-10-22T16:23:56+00:00\" \/>\n<meta property=\"article:modified_time\" content=\"2017-03-18T06:37:27+00:00\" \/>\n<meta property=\"og:image\" content=\"https:\/\/mariachappuis.com\/blog\/wp-content\/uploads\/2024\/01\/cropped-3333.jpg\" \/>\n\t<meta property=\"og:image:width\" content=\"512\" \/>\n\t<meta property=\"og:image:height\" content=\"512\" \/>\n\t<meta property=\"og:image:type\" content=\"image\/jpeg\" \/>\n<meta name=\"author\" content=\"Marita Chappuis\" \/>\n<meta name=\"twitter:card\" content=\"summary_large_image\" \/>\n<meta name=\"twitter:label1\" content=\"Escrito por\" \/>\n\t<meta name=\"twitter:data1\" content=\"Marita Chappuis\" \/>\n\t<meta name=\"twitter:label2\" content=\"Tiempo de lectura\" \/>\n\t<meta name=\"twitter:data2\" content=\"2 minutos\" \/>\n<script type=\"application\/ld+json\" class=\"yoast-schema-graph\">{\"@context\":\"https:\/\/schema.org\",\"@graph\":[{\"@type\":\"Article\",\"@id\":\"https:\/\/mariachappuis.com\/blog\/archivos\/791#article\",\"isPartOf\":{\"@id\":\"https:\/\/mariachappuis.com\/blog\/archivos\/791\"},\"author\":{\"name\":\"Marita Chappuis\",\"@id\":\"https:\/\/mariachappuis.com\/blog\/#\/schema\/person\/8de0bece2913b35ac8b590fc9ac6dda5\"},\"headline\":\"Yacimiento en Magallanes de Angelini y Von Appen\",\"datePublished\":\"2013-10-22T16:23:56+00:00\",\"dateModified\":\"2017-03-18T06:37:27+00:00\",\"mainEntityOfPage\":{\"@id\":\"https:\/\/mariachappuis.com\/blog\/archivos\/791\"},\"wordCount\":387,\"publisher\":{\"@id\":\"https:\/\/mariachappuis.com\/blog\/#\/schema\/person\/8de0bece2913b35ac8b590fc9ac6dda5\"},\"articleSection\":[\"General\"],\"inLanguage\":\"es\"},{\"@type\":\"WebPage\",\"@id\":\"https:\/\/mariachappuis.com\/blog\/archivos\/791\",\"url\":\"https:\/\/mariachappuis.com\/blog\/archivos\/791\",\"name\":\"Yacimiento en Magallanes de Angelini y Von Appen\",\"isPartOf\":{\"@id\":\"https:\/\/mariachappuis.com\/blog\/#website\"},\"datePublished\":\"2013-10-22T16:23:56+00:00\",\"dateModified\":\"2017-03-18T06:37:27+00:00\",\"description\":\"Superintendencia de Medio Ambiente formula cargos contra minera en Isla Riesco Autoridad detect\u00f3 que Mina Invierno no estaba cumpliendo con varios\",\"breadcrumb\":{\"@id\":\"https:\/\/mariachappuis.com\/blog\/archivos\/791#breadcrumb\"},\"inLanguage\":\"es\",\"potentialAction\":[{\"@type\":\"ReadAction\",\"target\":[\"https:\/\/mariachappuis.com\/blog\/archivos\/791\"]}]},{\"@type\":\"BreadcrumbList\",\"@id\":\"https:\/\/mariachappuis.com\/blog\/archivos\/791#breadcrumb\",\"itemListElement\":[{\"@type\":\"ListItem\",\"position\":1,\"name\":\"Portada\",\"item\":\"https:\/\/mariachappuis.com\/blog\"},{\"@type\":\"ListItem\",\"position\":2,\"name\":\"Yacimiento en Magallanes de Angelini y Von Appen\"}]},{\"@type\":\"WebSite\",\"@id\":\"https:\/\/mariachappuis.com\/blog\/#website\",\"url\":\"https:\/\/mariachappuis.com\/blog\/\",\"name\":\"Marita Chappuis\",\"description\":\"An\u00e1lisis y Comentarios\",\"publisher\":{\"@id\":\"https:\/\/mariachappuis.com\/blog\/#\/schema\/person\/8de0bece2913b35ac8b590fc9ac6dda5\"},\"alternateName\":\"Marita Chappuis\",\"potentialAction\":[{\"@type\":\"SearchAction\",\"target\":{\"@type\":\"EntryPoint\",\"urlTemplate\":\"https:\/\/mariachappuis.com\/blog\/?s={search_term_string}\"},\"query-input\":{\"@type\":\"PropertyValueSpecification\",\"valueRequired\":true,\"valueName\":\"search_term_string\"}}],\"inLanguage\":\"es\"},{\"@type\":[\"Person\",\"Organization\"],\"@id\":\"https:\/\/mariachappuis.com\/blog\/#\/schema\/person\/8de0bece2913b35ac8b590fc9ac6dda5\",\"name\":\"Marita Chappuis\",\"image\":{\"@type\":\"ImageObject\",\"inLanguage\":\"es\",\"@id\":\"https:\/\/mariachappuis.com\/blog\/wp-content\/uploads\/2024\/01\/cropped-3333.jpg\",\"url\":\"https:\/\/mariachappuis.com\/blog\/wp-content\/uploads\/2024\/01\/cropped-3333.jpg\",\"contentUrl\":\"https:\/\/mariachappuis.com\/blog\/wp-content\/uploads\/2024\/01\/cropped-3333.jpg\",\"width\":512,\"height\":512,\"caption\":\"Marita Chappuis\"},\"logo\":{\"@id\":\"https:\/\/mariachappuis.com\/blog\/wp-content\/uploads\/2024\/01\/cropped-3333.jpg\"}}]}<\/script>\n<!-- \/ Yoast SEO plugin. -->","yoast_head_json":{"title":"Yacimiento en Magallanes de Angelini y Von Appen","description":"Superintendencia de Medio Ambiente formula cargos contra minera en Isla Riesco Autoridad detect\u00f3 que Mina Invierno no estaba cumpliendo con varios","robots":{"index":"index","follow":"follow","max-snippet":"max-snippet:-1","max-image-preview":"max-image-preview:large","max-video-preview":"max-video-preview:-1"},"canonical":"https:\/\/mariachappuis.com\/blog\/archivos\/791","og_locale":"es_ES","og_type":"article","og_title":"Yacimiento en Magallanes de Angelini y Von Appen","og_description":"Superintendencia de Medio Ambiente formula cargos contra minera en Isla Riesco Autoridad detect\u00f3 que Mina Invierno no estaba cumpliendo con varios","og_url":"https:\/\/mariachappuis.com\/blog\/archivos\/791","og_site_name":"Maria Chappuis","article_published_time":"2013-10-22T16:23:56+00:00","article_modified_time":"2017-03-18T06:37:27+00:00","og_image":[{"width":512,"height":512,"url":"https:\/\/mariachappuis.com\/blog\/wp-content\/uploads\/2024\/01\/cropped-3333.jpg","type":"image\/jpeg"}],"author":"Marita Chappuis","twitter_card":"summary_large_image","twitter_misc":{"Escrito por":"Marita Chappuis","Tiempo de lectura":"2 minutos"},"schema":{"@context":"https:\/\/schema.org","@graph":[{"@type":"Article","@id":"https:\/\/mariachappuis.com\/blog\/archivos\/791#article","isPartOf":{"@id":"https:\/\/mariachappuis.com\/blog\/archivos\/791"},"author":{"name":"Marita Chappuis","@id":"https:\/\/mariachappuis.com\/blog\/#\/schema\/person\/8de0bece2913b35ac8b590fc9ac6dda5"},"headline":"Yacimiento en Magallanes de Angelini y Von Appen","datePublished":"2013-10-22T16:23:56+00:00","dateModified":"2017-03-18T06:37:27+00:00","mainEntityOfPage":{"@id":"https:\/\/mariachappuis.com\/blog\/archivos\/791"},"wordCount":387,"publisher":{"@id":"https:\/\/mariachappuis.com\/blog\/#\/schema\/person\/8de0bece2913b35ac8b590fc9ac6dda5"},"articleSection":["General"],"inLanguage":"es"},{"@type":"WebPage","@id":"https:\/\/mariachappuis.com\/blog\/archivos\/791","url":"https:\/\/mariachappuis.com\/blog\/archivos\/791","name":"Yacimiento en Magallanes de Angelini y Von Appen","isPartOf":{"@id":"https:\/\/mariachappuis.com\/blog\/#website"},"datePublished":"2013-10-22T16:23:56+00:00","dateModified":"2017-03-18T06:37:27+00:00","description":"Superintendencia de Medio Ambiente formula cargos contra minera en Isla Riesco Autoridad detect\u00f3 que Mina Invierno no estaba cumpliendo con varios","breadcrumb":{"@id":"https:\/\/mariachappuis.com\/blog\/archivos\/791#breadcrumb"},"inLanguage":"es","potentialAction":[{"@type":"ReadAction","target":["https:\/\/mariachappuis.com\/blog\/archivos\/791"]}]},{"@type":"BreadcrumbList","@id":"https:\/\/mariachappuis.com\/blog\/archivos\/791#breadcrumb","itemListElement":[{"@type":"ListItem","position":1,"name":"Portada","item":"https:\/\/mariachappuis.com\/blog"},{"@type":"ListItem","position":2,"name":"Yacimiento en Magallanes de Angelini y Von Appen"}]},{"@type":"WebSite","@id":"https:\/\/mariachappuis.com\/blog\/#website","url":"https:\/\/mariachappuis.com\/blog\/","name":"Marita Chappuis","description":"An\u00e1lisis y Comentarios","publisher":{"@id":"https:\/\/mariachappuis.com\/blog\/#\/schema\/person\/8de0bece2913b35ac8b590fc9ac6dda5"},"alternateName":"Marita Chappuis","potentialAction":[{"@type":"SearchAction","target":{"@type":"EntryPoint","urlTemplate":"https:\/\/mariachappuis.com\/blog\/?s={search_term_string}"},"query-input":{"@type":"PropertyValueSpecification","valueRequired":true,"valueName":"search_term_string"}}],"inLanguage":"es"},{"@type":["Person","Organization"],"@id":"https:\/\/mariachappuis.com\/blog\/#\/schema\/person\/8de0bece2913b35ac8b590fc9ac6dda5","name":"Marita Chappuis","image":{"@type":"ImageObject","inLanguage":"es","@id":"https:\/\/mariachappuis.com\/blog\/wp-content\/uploads\/2024\/01\/cropped-3333.jpg","url":"https:\/\/mariachappuis.com\/blog\/wp-content\/uploads\/2024\/01\/cropped-3333.jpg","contentUrl":"https:\/\/mariachappuis.com\/blog\/wp-content\/uploads\/2024\/01\/cropped-3333.jpg","width":512,"height":512,"caption":"Marita Chappuis"},"logo":{"@id":"https:\/\/mariachappuis.com\/blog\/wp-content\/uploads\/2024\/01\/cropped-3333.jpg"}}]}},"_links":{"self":[{"href":"https:\/\/mariachappuis.com\/blog\/wp-json\/wp\/v2\/posts\/791","targetHints":{"allow":["GET"]}}],"collection":[{"href":"https:\/\/mariachappuis.com\/blog\/wp-json\/wp\/v2\/posts"}],"about":[{"href":"https:\/\/mariachappuis.com\/blog\/wp-json\/wp\/v2\/types\/post"}],"author":[{"embeddable":true,"href":"https:\/\/mariachappuis.com\/blog\/wp-json\/wp\/v2\/users\/1"}],"replies":[{"embeddable":true,"href":"https:\/\/mariachappuis.com\/blog\/wp-json\/wp\/v2\/comments?post=791"}],"version-history":[{"count":2,"href":"https:\/\/mariachappuis.com\/blog\/wp-json\/wp\/v2\/posts\/791\/revisions"}],"predecessor-version":[{"id":1968,"href":"https:\/\/mariachappuis.com\/blog\/wp-json\/wp\/v2\/posts\/791\/revisions\/1968"}],"wp:attachment":[{"href":"https:\/\/mariachappuis.com\/blog\/wp-json\/wp\/v2\/media?parent=791"}],"wp:term":[{"taxonomy":"category","embeddable":true,"href":"https:\/\/mariachappuis.com\/blog\/wp-json\/wp\/v2\/categories?post=791"},{"taxonomy":"post_tag","embeddable":true,"href":"https:\/\/mariachappuis.com\/blog\/wp-json\/wp\/v2\/tags?post=791"}],"curies":[{"name":"wp","href":"https:\/\/api.w.org\/{rel}","templated":true}]}}