{"id":784,"date":"2013-10-22T16:21:38","date_gmt":"2013-10-22T16:21:38","guid":{"rendered":"http:\/\/www.mariachappuis.com\/blog\/?p=784"},"modified":"2017-03-18T01:37:27","modified_gmt":"2017-03-18T06:37:27","slug":"sma-cita-a-declarar-al-maximo-ejecutivo-del-proyecto-caserones","status":"publish","type":"post","link":"https:\/\/mariachappuis.com\/blog\/archivos\/784","title":{"rendered":"SMA cita a declarar al m\u00e1ximo ejecutivo del proyecto Caserones"},"content":{"rendered":"<div id=\"attachment_785\" style=\"width: 428px\" class=\"wp-caption alignnone\"><a href=\"http:\/\/www.mariachappuis.com\/blog\/archivos\/784\/caserones\" rel=\"attachment wp-att-785\"><img loading=\"lazy\" decoding=\"async\" aria-describedby=\"caption-attachment-785\" class=\" wp-image-785 \" alt=\"En el marco de proceso de fiscalizaci\u00f3n\" src=\"http:\/\/www.mariachappuis.com\/blog\/wp-content\/uploads\/2013\/10\/CASERONES.jpg\" width=\"418\" height=\"277\" srcset=\"https:\/\/mariachappuis.com\/blog\/wp-content\/uploads\/2013\/10\/CASERONES.jpg 697w, https:\/\/mariachappuis.com\/blog\/wp-content\/uploads\/2013\/10\/CASERONES-300x198.jpg 300w\" sizes=\"auto, (max-width: 418px) 100vw, 418px\" \/><\/a><p id=\"caption-attachment-785\" class=\"wp-caption-text\">En el marco de proceso de fiscalizaci\u00f3n<\/p><\/div>\n<p>La comparecencia de altos personeros es se\u00f1al de que el tema ser\u00eda complicado y podr\u00eda derivar en formulaci\u00f3n de cargos.<\/p>\n<p>(Diario Financiero) Hace algunos d\u00edas el presidente ejecutivo de Lumina Copper Chile, Nelson Pizarro, visit\u00f3 las dependencias de la Superintendencia de Medio Ambiente (SMA) en el marco del proceso de fiscalizaci\u00f3n que el organismo realiza al proyecto minero Caserones, ligado al consorcio japon\u00e9s Pan Pacific Copper (75%) -en el que participan JX Nippon Mining &amp; Metals (66%) y Mitsui Mining &amp; Smelting (34%)- y Mitsui &amp; Co. (25%).<!--more--><\/p>\n<p>Conocedores de la din\u00e1mica de estos procedimientos adelantaron que esta citaci\u00f3n podr\u00eda ser la antesala de una eventual formulaci\u00f3n de cargos en contra de la iniciativa cupr\u00edfera ubicada en la Regi\u00f3n de Atacama, pues no es habitual que la SMA solicite la comparecencia de altos ejecutivos de las empresas, a menos que el resultado de sus pericias revista complejidad o sea de car\u00e1cter grave. As\u00ed sucedi\u00f3 anteriormente, por ejemplo, con fiscalizaciones como la de Pascua-Lama, cuando Guillermo Cal\u00f3, ex ejecutivo del proyecto tambi\u00e9n fue citado a la superintendencia.<\/p>\n<p>Fuentes del organismo p\u00fablico encabezado por Juan Carlos Monckeberg comentaron que dentro de un par de semanas se conocer\u00eda el resultado del procedimiento de revisi\u00f3n del cumplimiento de la Resoluci\u00f3n de Calificaci\u00f3n Ambiental (RCA) de Caserones, permiso que la firma recibi\u00f3 en enero de 2010.<\/p>\n<p>Consultada la empresa por estos hechos declinaron efectuar comentarios, pues en esta etapa el proceso que lleva adelante la SMA es confidencial, lo mismo explicaron en el organismo p\u00fablico.<\/p>\n<p>Sin embargo, fuentes de esta \u00faltima entidad dijeron que aunque la situaci\u00f3n de Caserones ser\u00eda grave, no tendr\u00eda que ver con impactos efectivos en el medio ambiente, sino que con incumplimientos de corte administrativo, debido a adecuaciones que se le habr\u00edan hecho al proyecto y que no fueron informadas, lo que provocar\u00eda una diferencia respecto de lo que est\u00e1 contenido en la RCA.<\/p>\n<p>Nuevo ejecutivo<\/p>\n<p>La hoja de ruta del proyecto Caserones considera finalizar durante diciembre la fase de construcci\u00f3n e iniciar la puesta en marcha o \u201cramp up\u201d, proceso de escalamiento productivo que deber\u00eda concluir en julio de 2014, cuando el yacimiento deber\u00eda estar funcionando al 100% de su capacidad de dise\u00f1o.<\/p>\n<p>Para llevar adelante este proceso, la empresa fich\u00f3 como gerente de Operaciones a Ren\u00e9 Oliva, quien hasta hace unos d\u00edas se desempe\u00f1aba como gerente de Mina en Chuquicamata, divisi\u00f3n de la estatal Codelco. El profesional present\u00f3 su renuncia a mediados de septiembre, pero \u00e9sta se hizo efectiva la semana pasada, mientras que su incorporaci\u00f3n a Caserones se producir\u00eda a partir del 1 de noviembre, fecha que no fue confirmada por la empresa.<\/p>\n<p>Hace unos d\u00edas JX Hldings, matriz de JX Nippon Mining, actualiz\u00f3 la inversi\u00f3n de Caserones elev\u00e1ndola de US$ 3.000 millones a US$ 4.200 millones, debido a una serie de ajustes que han encarecido la iniciativa.<\/p>\n<p>Fuente: Diario Financiero<\/p>\n","protected":false},"excerpt":{"rendered":"<p>La comparecencia de altos personeros es se\u00f1al de que el tema ser\u00eda complicado y podr\u00eda derivar en formulaci\u00f3n de cargos. (Diario Financiero) Hace algunos d\u00edas el presidente ejecutivo de Lumina Copper Chile, Nelson Pizarro, visit\u00f3 las dependencias de la Superintendencia &hellip; <a href=\"https:\/\/mariachappuis.com\/blog\/archivos\/784\">Sigue leyendo <span class=\"meta-nav\">&rarr;<\/span><\/a><\/p>\n","protected":false},"author":1,"featured_media":0,"comment_status":"closed","ping_status":"closed","sticky":false,"template":"","format":"standard","meta":{"footnotes":""},"categories":[1],"tags":[],"class_list":["post-784","post","type-post","status-publish","format-standard","hentry","category-general"],"yoast_head":"<!-- This site is optimized with the Yoast SEO plugin v27.2 - https:\/\/yoast.com\/product\/yoast-seo-wordpress\/ -->\n<title>SMA cita a declarar al m\u00e1ximo ejecutivo del proyecto Caserones<\/title>\n<meta name=\"description\" content=\"La comparecencia de altos personeros es se\u00f1al de que el tema ser\u00eda complicado y podr\u00eda derivar en formulaci\u00f3n de cargos. (Diario Financiero) Hace algunos\" \/>\n<meta name=\"robots\" content=\"index, follow, max-snippet:-1, max-image-preview:large, max-video-preview:-1\" \/>\n<link rel=\"canonical\" href=\"https:\/\/mariachappuis.com\/blog\/archivos\/784\" \/>\n<meta property=\"og:locale\" content=\"es_ES\" \/>\n<meta property=\"og:type\" content=\"article\" \/>\n<meta property=\"og:title\" content=\"SMA cita a declarar al m\u00e1ximo ejecutivo del proyecto Caserones\" \/>\n<meta property=\"og:description\" content=\"La comparecencia de altos personeros es se\u00f1al de que el tema ser\u00eda complicado y podr\u00eda derivar en formulaci\u00f3n de cargos. (Diario Financiero) Hace algunos\" \/>\n<meta property=\"og:url\" content=\"https:\/\/mariachappuis.com\/blog\/archivos\/784\" \/>\n<meta property=\"og:site_name\" content=\"Maria Chappuis\" \/>\n<meta property=\"article:published_time\" content=\"2013-10-22T16:21:38+00:00\" \/>\n<meta property=\"article:modified_time\" content=\"2017-03-18T06:37:27+00:00\" \/>\n<meta property=\"og:image\" content=\"https:\/\/mariachappuis.com\/blog\/wp-content\/uploads\/2013\/10\/CASERONES.jpg\" \/>\n\t<meta property=\"og:image:width\" content=\"697\" \/>\n\t<meta property=\"og:image:height\" content=\"462\" \/>\n\t<meta property=\"og:image:type\" content=\"image\/jpeg\" \/>\n<meta name=\"author\" content=\"Marita Chappuis\" \/>\n<meta name=\"twitter:card\" content=\"summary_large_image\" \/>\n<meta name=\"twitter:label1\" content=\"Escrito por\" \/>\n\t<meta name=\"twitter:data1\" content=\"Marita Chappuis\" \/>\n\t<meta name=\"twitter:label2\" content=\"Tiempo de lectura\" \/>\n\t<meta name=\"twitter:data2\" content=\"3 minutos\" \/>\n<script type=\"application\/ld+json\" class=\"yoast-schema-graph\">{\"@context\":\"https:\/\/schema.org\",\"@graph\":[{\"@type\":\"Article\",\"@id\":\"https:\/\/mariachappuis.com\/blog\/archivos\/784#article\",\"isPartOf\":{\"@id\":\"https:\/\/mariachappuis.com\/blog\/archivos\/784\"},\"author\":{\"name\":\"Marita Chappuis\",\"@id\":\"https:\/\/mariachappuis.com\/blog\/#\/schema\/person\/8de0bece2913b35ac8b590fc9ac6dda5\"},\"headline\":\"SMA cita a declarar al m\u00e1ximo ejecutivo del proyecto Caserones\",\"datePublished\":\"2013-10-22T16:21:38+00:00\",\"dateModified\":\"2017-03-18T06:37:27+00:00\",\"mainEntityOfPage\":{\"@id\":\"https:\/\/mariachappuis.com\/blog\/archivos\/784\"},\"wordCount\":528,\"publisher\":{\"@id\":\"https:\/\/mariachappuis.com\/blog\/#\/schema\/person\/8de0bece2913b35ac8b590fc9ac6dda5\"},\"image\":{\"@id\":\"https:\/\/mariachappuis.com\/blog\/archivos\/784#primaryimage\"},\"thumbnailUrl\":\"http:\/\/www.mariachappuis.com\/blog\/wp-content\/uploads\/2013\/10\/CASERONES.jpg\",\"articleSection\":[\"General\"],\"inLanguage\":\"es\"},{\"@type\":\"WebPage\",\"@id\":\"https:\/\/mariachappuis.com\/blog\/archivos\/784\",\"url\":\"https:\/\/mariachappuis.com\/blog\/archivos\/784\",\"name\":\"SMA cita a declarar al m\u00e1ximo ejecutivo del proyecto Caserones\",\"isPartOf\":{\"@id\":\"https:\/\/mariachappuis.com\/blog\/#website\"},\"primaryImageOfPage\":{\"@id\":\"https:\/\/mariachappuis.com\/blog\/archivos\/784#primaryimage\"},\"image\":{\"@id\":\"https:\/\/mariachappuis.com\/blog\/archivos\/784#primaryimage\"},\"thumbnailUrl\":\"http:\/\/www.mariachappuis.com\/blog\/wp-content\/uploads\/2013\/10\/CASERONES.jpg\",\"datePublished\":\"2013-10-22T16:21:38+00:00\",\"dateModified\":\"2017-03-18T06:37:27+00:00\",\"description\":\"La comparecencia de altos personeros es se\u00f1al de que el tema ser\u00eda complicado y podr\u00eda derivar en formulaci\u00f3n de cargos. (Diario Financiero) Hace algunos\",\"breadcrumb\":{\"@id\":\"https:\/\/mariachappuis.com\/blog\/archivos\/784#breadcrumb\"},\"inLanguage\":\"es\",\"potentialAction\":[{\"@type\":\"ReadAction\",\"target\":[\"https:\/\/mariachappuis.com\/blog\/archivos\/784\"]}]},{\"@type\":\"ImageObject\",\"inLanguage\":\"es\",\"@id\":\"https:\/\/mariachappuis.com\/blog\/archivos\/784#primaryimage\",\"url\":\"http:\/\/www.mariachappuis.com\/blog\/wp-content\/uploads\/2013\/10\/CASERONES.jpg\",\"contentUrl\":\"http:\/\/www.mariachappuis.com\/blog\/wp-content\/uploads\/2013\/10\/CASERONES.jpg\"},{\"@type\":\"BreadcrumbList\",\"@id\":\"https:\/\/mariachappuis.com\/blog\/archivos\/784#breadcrumb\",\"itemListElement\":[{\"@type\":\"ListItem\",\"position\":1,\"name\":\"Portada\",\"item\":\"https:\/\/mariachappuis.com\/blog\"},{\"@type\":\"ListItem\",\"position\":2,\"name\":\"SMA cita a declarar al m\u00e1ximo ejecutivo del proyecto Caserones\"}]},{\"@type\":\"WebSite\",\"@id\":\"https:\/\/mariachappuis.com\/blog\/#website\",\"url\":\"https:\/\/mariachappuis.com\/blog\/\",\"name\":\"Marita Chappuis\",\"description\":\"An\u00e1lisis y Comentarios\",\"publisher\":{\"@id\":\"https:\/\/mariachappuis.com\/blog\/#\/schema\/person\/8de0bece2913b35ac8b590fc9ac6dda5\"},\"alternateName\":\"Marita Chappuis\",\"potentialAction\":[{\"@type\":\"SearchAction\",\"target\":{\"@type\":\"EntryPoint\",\"urlTemplate\":\"https:\/\/mariachappuis.com\/blog\/?s={search_term_string}\"},\"query-input\":{\"@type\":\"PropertyValueSpecification\",\"valueRequired\":true,\"valueName\":\"search_term_string\"}}],\"inLanguage\":\"es\"},{\"@type\":[\"Person\",\"Organization\"],\"@id\":\"https:\/\/mariachappuis.com\/blog\/#\/schema\/person\/8de0bece2913b35ac8b590fc9ac6dda5\",\"name\":\"Marita Chappuis\",\"image\":{\"@type\":\"ImageObject\",\"inLanguage\":\"es\",\"@id\":\"https:\/\/mariachappuis.com\/blog\/wp-content\/uploads\/2024\/01\/cropped-3333.jpg\",\"url\":\"https:\/\/mariachappuis.com\/blog\/wp-content\/uploads\/2024\/01\/cropped-3333.jpg\",\"contentUrl\":\"https:\/\/mariachappuis.com\/blog\/wp-content\/uploads\/2024\/01\/cropped-3333.jpg\",\"width\":512,\"height\":512,\"caption\":\"Marita Chappuis\"},\"logo\":{\"@id\":\"https:\/\/mariachappuis.com\/blog\/wp-content\/uploads\/2024\/01\/cropped-3333.jpg\"}}]}<\/script>\n<!-- \/ Yoast SEO plugin. -->","yoast_head_json":{"title":"SMA cita a declarar al m\u00e1ximo ejecutivo del proyecto Caserones","description":"La comparecencia de altos personeros es se\u00f1al de que el tema ser\u00eda complicado y podr\u00eda derivar en formulaci\u00f3n de cargos. (Diario Financiero) Hace algunos","robots":{"index":"index","follow":"follow","max-snippet":"max-snippet:-1","max-image-preview":"max-image-preview:large","max-video-preview":"max-video-preview:-1"},"canonical":"https:\/\/mariachappuis.com\/blog\/archivos\/784","og_locale":"es_ES","og_type":"article","og_title":"SMA cita a declarar al m\u00e1ximo ejecutivo del proyecto Caserones","og_description":"La comparecencia de altos personeros es se\u00f1al de que el tema ser\u00eda complicado y podr\u00eda derivar en formulaci\u00f3n de cargos. (Diario Financiero) Hace algunos","og_url":"https:\/\/mariachappuis.com\/blog\/archivos\/784","og_site_name":"Maria Chappuis","article_published_time":"2013-10-22T16:21:38+00:00","article_modified_time":"2017-03-18T06:37:27+00:00","og_image":[{"width":697,"height":462,"url":"https:\/\/mariachappuis.com\/blog\/wp-content\/uploads\/2013\/10\/CASERONES.jpg","type":"image\/jpeg"}],"author":"Marita Chappuis","twitter_card":"summary_large_image","twitter_misc":{"Escrito por":"Marita Chappuis","Tiempo de lectura":"3 minutos"},"schema":{"@context":"https:\/\/schema.org","@graph":[{"@type":"Article","@id":"https:\/\/mariachappuis.com\/blog\/archivos\/784#article","isPartOf":{"@id":"https:\/\/mariachappuis.com\/blog\/archivos\/784"},"author":{"name":"Marita Chappuis","@id":"https:\/\/mariachappuis.com\/blog\/#\/schema\/person\/8de0bece2913b35ac8b590fc9ac6dda5"},"headline":"SMA cita a declarar al m\u00e1ximo ejecutivo del proyecto Caserones","datePublished":"2013-10-22T16:21:38+00:00","dateModified":"2017-03-18T06:37:27+00:00","mainEntityOfPage":{"@id":"https:\/\/mariachappuis.com\/blog\/archivos\/784"},"wordCount":528,"publisher":{"@id":"https:\/\/mariachappuis.com\/blog\/#\/schema\/person\/8de0bece2913b35ac8b590fc9ac6dda5"},"image":{"@id":"https:\/\/mariachappuis.com\/blog\/archivos\/784#primaryimage"},"thumbnailUrl":"http:\/\/www.mariachappuis.com\/blog\/wp-content\/uploads\/2013\/10\/CASERONES.jpg","articleSection":["General"],"inLanguage":"es"},{"@type":"WebPage","@id":"https:\/\/mariachappuis.com\/blog\/archivos\/784","url":"https:\/\/mariachappuis.com\/blog\/archivos\/784","name":"SMA cita a declarar al m\u00e1ximo ejecutivo del proyecto Caserones","isPartOf":{"@id":"https:\/\/mariachappuis.com\/blog\/#website"},"primaryImageOfPage":{"@id":"https:\/\/mariachappuis.com\/blog\/archivos\/784#primaryimage"},"image":{"@id":"https:\/\/mariachappuis.com\/blog\/archivos\/784#primaryimage"},"thumbnailUrl":"http:\/\/www.mariachappuis.com\/blog\/wp-content\/uploads\/2013\/10\/CASERONES.jpg","datePublished":"2013-10-22T16:21:38+00:00","dateModified":"2017-03-18T06:37:27+00:00","description":"La comparecencia de altos personeros es se\u00f1al de que el tema ser\u00eda complicado y podr\u00eda derivar en formulaci\u00f3n de cargos. (Diario Financiero) Hace algunos","breadcrumb":{"@id":"https:\/\/mariachappuis.com\/blog\/archivos\/784#breadcrumb"},"inLanguage":"es","potentialAction":[{"@type":"ReadAction","target":["https:\/\/mariachappuis.com\/blog\/archivos\/784"]}]},{"@type":"ImageObject","inLanguage":"es","@id":"https:\/\/mariachappuis.com\/blog\/archivos\/784#primaryimage","url":"http:\/\/www.mariachappuis.com\/blog\/wp-content\/uploads\/2013\/10\/CASERONES.jpg","contentUrl":"http:\/\/www.mariachappuis.com\/blog\/wp-content\/uploads\/2013\/10\/CASERONES.jpg"},{"@type":"BreadcrumbList","@id":"https:\/\/mariachappuis.com\/blog\/archivos\/784#breadcrumb","itemListElement":[{"@type":"ListItem","position":1,"name":"Portada","item":"https:\/\/mariachappuis.com\/blog"},{"@type":"ListItem","position":2,"name":"SMA cita a declarar al m\u00e1ximo ejecutivo del proyecto Caserones"}]},{"@type":"WebSite","@id":"https:\/\/mariachappuis.com\/blog\/#website","url":"https:\/\/mariachappuis.com\/blog\/","name":"Marita Chappuis","description":"An\u00e1lisis y Comentarios","publisher":{"@id":"https:\/\/mariachappuis.com\/blog\/#\/schema\/person\/8de0bece2913b35ac8b590fc9ac6dda5"},"alternateName":"Marita Chappuis","potentialAction":[{"@type":"SearchAction","target":{"@type":"EntryPoint","urlTemplate":"https:\/\/mariachappuis.com\/blog\/?s={search_term_string}"},"query-input":{"@type":"PropertyValueSpecification","valueRequired":true,"valueName":"search_term_string"}}],"inLanguage":"es"},{"@type":["Person","Organization"],"@id":"https:\/\/mariachappuis.com\/blog\/#\/schema\/person\/8de0bece2913b35ac8b590fc9ac6dda5","name":"Marita Chappuis","image":{"@type":"ImageObject","inLanguage":"es","@id":"https:\/\/mariachappuis.com\/blog\/wp-content\/uploads\/2024\/01\/cropped-3333.jpg","url":"https:\/\/mariachappuis.com\/blog\/wp-content\/uploads\/2024\/01\/cropped-3333.jpg","contentUrl":"https:\/\/mariachappuis.com\/blog\/wp-content\/uploads\/2024\/01\/cropped-3333.jpg","width":512,"height":512,"caption":"Marita Chappuis"},"logo":{"@id":"https:\/\/mariachappuis.com\/blog\/wp-content\/uploads\/2024\/01\/cropped-3333.jpg"}}]}},"_links":{"self":[{"href":"https:\/\/mariachappuis.com\/blog\/wp-json\/wp\/v2\/posts\/784","targetHints":{"allow":["GET"]}}],"collection":[{"href":"https:\/\/mariachappuis.com\/blog\/wp-json\/wp\/v2\/posts"}],"about":[{"href":"https:\/\/mariachappuis.com\/blog\/wp-json\/wp\/v2\/types\/post"}],"author":[{"embeddable":true,"href":"https:\/\/mariachappuis.com\/blog\/wp-json\/wp\/v2\/users\/1"}],"replies":[{"embeddable":true,"href":"https:\/\/mariachappuis.com\/blog\/wp-json\/wp\/v2\/comments?post=784"}],"version-history":[{"count":3,"href":"https:\/\/mariachappuis.com\/blog\/wp-json\/wp\/v2\/posts\/784\/revisions"}],"predecessor-version":[{"id":1970,"href":"https:\/\/mariachappuis.com\/blog\/wp-json\/wp\/v2\/posts\/784\/revisions\/1970"}],"wp:attachment":[{"href":"https:\/\/mariachappuis.com\/blog\/wp-json\/wp\/v2\/media?parent=784"}],"wp:term":[{"taxonomy":"category","embeddable":true,"href":"https:\/\/mariachappuis.com\/blog\/wp-json\/wp\/v2\/categories?post=784"},{"taxonomy":"post_tag","embeddable":true,"href":"https:\/\/mariachappuis.com\/blog\/wp-json\/wp\/v2\/tags?post=784"}],"curies":[{"name":"wp","href":"https:\/\/api.w.org\/{rel}","templated":true}]}}