{"id":769,"date":"2013-10-19T03:07:24","date_gmt":"2013-10-19T03:07:24","guid":{"rendered":"http:\/\/www.mariachappuis.com\/blog\/?p=769"},"modified":"2017-03-18T01:36:55","modified_gmt":"2017-03-18T06:36:55","slug":"anuncio-en-ginebra-advierte-que-este-aire-es-de-una-categoria-cancerigena-segura","status":"publish","type":"post","link":"https:\/\/mariachappuis.com\/blog\/archivos\/769","title":{"rendered":"Anuncio en Ginebra advierte que este aire es de una \u00abcategor\u00eda cancer\u00edgena segura\u00bb."},"content":{"rendered":"<p><a href=\"http:\/\/www.mariachappuis.com\/blog\/archivos\/769\/santiago_02\" rel=\"attachment wp-att-770\"><img loading=\"lazy\" decoding=\"async\" class=\"alignnone size-full wp-image-770\" alt=\"Santiago_02\" src=\"http:\/\/www.mariachappuis.com\/blog\/wp-content\/uploads\/2013\/10\/Santiago_02.jpg\" width=\"448\" height=\"294\" srcset=\"https:\/\/mariachappuis.com\/blog\/wp-content\/uploads\/2013\/10\/Santiago_02.jpg 566w, https:\/\/mariachappuis.com\/blog\/wp-content\/uploads\/2013\/10\/Santiago_02-300x197.jpg 300w\" sizes=\"auto, (max-width: 448px) 100vw, 448px\" \/><\/a><\/p>\n<p>Respirar aire contaminado produce c\u00e1ncer, seg\u00fan la OMS<\/p>\n<p>(El Mercurio) En junio del a\u00f1o pasado, la Organizaci\u00f3n Mundial de la Salud (OMS) ya hab\u00eda clasificado al di\u00e9sel y a las part\u00edculas finas que est\u00e1n en el aire como cancer\u00edgenas. Este a\u00f1o, su comit\u00e9 de expertos del Centro Internacional de Investigaciones sobre el C\u00e1ncer (CIIC) advirti\u00f3 que el aire contaminado en general pertenece a una \u00abcategor\u00eda cancer\u00edgena segura\u00bb. Esto, despu\u00e9s de revisar los resultados de miles de estudios, los que permiten concluir que respirar este aire causa c\u00e1ncer de pulm\u00f3n y un mayor riesgo de c\u00e1ncer de vejiga.<!--more--><\/p>\n<p>El anuncio lo hizo en Ginebra el director del CIIC, Christopher Wild, a trav\u00e9s de un comunicado. All\u00ed se subraya que el transporte, la industria y la agricultura son algunos de los causantes de esta contaminaci\u00f3n.<\/p>\n<p>Seg\u00fan cifras de esta agencia, en 2010 murieron en el mundo 223 mil personas de c\u00e1ncer de pulm\u00f3n por aire contaminado.<\/p>\n<p>\u00abEl aire que respiramos ha sido contaminado por una mezcla de sustancias que provoca c\u00e1ncer\u00bb, lament\u00f3 el doctor Kurt Straif, quien es parte del grupo de expertos. Seg\u00fan explica, los datos no permiten establecer si alg\u00fan sector de la poblaci\u00f3n -como hombres, mujeres, ancianos o j\u00f3venes- es m\u00e1s vulnerable que otros.<\/p>\n<p>Este comit\u00e9 publicar\u00e1 conclusiones m\u00e1s detalladas el 24 de octubre en la p\u00e1gina web de The Lancet Oncology.<\/p>\n<p>Fuente: sustentare.c<\/p>\n","protected":false},"excerpt":{"rendered":"<p>Respirar aire contaminado produce c\u00e1ncer, seg\u00fan la OMS (El Mercurio) En junio del a\u00f1o pasado, la Organizaci\u00f3n Mundial de la Salud (OMS) ya hab\u00eda clasificado al di\u00e9sel y a las part\u00edculas finas que est\u00e1n en el aire como cancer\u00edgenas. Este &hellip; <a href=\"https:\/\/mariachappuis.com\/blog\/archivos\/769\">Sigue leyendo <span class=\"meta-nav\">&rarr;<\/span><\/a><\/p>\n","protected":false},"author":1,"featured_media":0,"comment_status":"closed","ping_status":"closed","sticky":false,"template":"","format":"standard","meta":{"footnotes":""},"categories":[1],"tags":[],"class_list":["post-769","post","type-post","status-publish","format-standard","hentry","category-general"],"yoast_head":"<!-- This site is optimized with the Yoast SEO plugin v27.2 - https:\/\/yoast.com\/product\/yoast-seo-wordpress\/ -->\n<title>Anuncio en Ginebra advierte que este aire es de una &quot;categor\u00eda cancer\u00edgena segura&quot;.<\/title>\n<meta name=\"description\" content=\"Respirar aire contaminado produce c\u00e1ncer, seg\u00fan la OMS (El Mercurio) En junio del a\u00f1o pasado, la Organizaci\u00f3n Mundial de la Salud (OMS) ya hab\u00eda\" \/>\n<meta name=\"robots\" content=\"index, follow, max-snippet:-1, max-image-preview:large, max-video-preview:-1\" \/>\n<link rel=\"canonical\" href=\"https:\/\/mariachappuis.com\/blog\/archivos\/769\" \/>\n<meta property=\"og:locale\" content=\"es_ES\" \/>\n<meta property=\"og:type\" content=\"article\" \/>\n<meta property=\"og:title\" content=\"Anuncio en Ginebra advierte que este aire es de una &quot;categor\u00eda cancer\u00edgena segura&quot;.\" \/>\n<meta property=\"og:description\" content=\"Respirar aire contaminado produce c\u00e1ncer, seg\u00fan la OMS (El Mercurio) En junio del a\u00f1o pasado, la Organizaci\u00f3n Mundial de la Salud (OMS) ya hab\u00eda\" \/>\n<meta property=\"og:url\" content=\"https:\/\/mariachappuis.com\/blog\/archivos\/769\" \/>\n<meta property=\"og:site_name\" content=\"Maria Chappuis\" \/>\n<meta property=\"article:published_time\" content=\"2013-10-19T03:07:24+00:00\" \/>\n<meta property=\"article:modified_time\" content=\"2017-03-18T06:36:55+00:00\" \/>\n<meta property=\"og:image\" content=\"https:\/\/mariachappuis.com\/blog\/wp-content\/uploads\/2013\/10\/Santiago_02.jpg\" \/>\n\t<meta property=\"og:image:width\" content=\"566\" \/>\n\t<meta property=\"og:image:height\" content=\"372\" \/>\n\t<meta property=\"og:image:type\" content=\"image\/jpeg\" \/>\n<meta name=\"author\" content=\"Marita Chappuis\" \/>\n<meta name=\"twitter:card\" content=\"summary_large_image\" \/>\n<meta name=\"twitter:label1\" content=\"Escrito por\" \/>\n\t<meta name=\"twitter:data1\" content=\"Marita Chappuis\" \/>\n\t<meta name=\"twitter:label2\" content=\"Tiempo de lectura\" \/>\n\t<meta name=\"twitter:data2\" content=\"1 minuto\" \/>\n<script type=\"application\/ld+json\" class=\"yoast-schema-graph\">{\"@context\":\"https:\/\/schema.org\",\"@graph\":[{\"@type\":\"Article\",\"@id\":\"https:\/\/mariachappuis.com\/blog\/archivos\/769#article\",\"isPartOf\":{\"@id\":\"https:\/\/mariachappuis.com\/blog\/archivos\/769\"},\"author\":{\"name\":\"Marita Chappuis\",\"@id\":\"https:\/\/mariachappuis.com\/blog\/#\/schema\/person\/8de0bece2913b35ac8b590fc9ac6dda5\"},\"headline\":\"Anuncio en Ginebra advierte que este aire es de una \u00abcategor\u00eda cancer\u00edgena segura\u00bb.\",\"datePublished\":\"2013-10-19T03:07:24+00:00\",\"dateModified\":\"2017-03-18T06:36:55+00:00\",\"mainEntityOfPage\":{\"@id\":\"https:\/\/mariachappuis.com\/blog\/archivos\/769\"},\"wordCount\":268,\"publisher\":{\"@id\":\"https:\/\/mariachappuis.com\/blog\/#\/schema\/person\/8de0bece2913b35ac8b590fc9ac6dda5\"},\"image\":{\"@id\":\"https:\/\/mariachappuis.com\/blog\/archivos\/769#primaryimage\"},\"thumbnailUrl\":\"http:\/\/www.mariachappuis.com\/blog\/wp-content\/uploads\/2013\/10\/Santiago_02.jpg\",\"articleSection\":[\"General\"],\"inLanguage\":\"es\"},{\"@type\":\"WebPage\",\"@id\":\"https:\/\/mariachappuis.com\/blog\/archivos\/769\",\"url\":\"https:\/\/mariachappuis.com\/blog\/archivos\/769\",\"name\":\"Anuncio en Ginebra advierte que este aire es de una \\\"categor\u00eda cancer\u00edgena segura\\\".\",\"isPartOf\":{\"@id\":\"https:\/\/mariachappuis.com\/blog\/#website\"},\"primaryImageOfPage\":{\"@id\":\"https:\/\/mariachappuis.com\/blog\/archivos\/769#primaryimage\"},\"image\":{\"@id\":\"https:\/\/mariachappuis.com\/blog\/archivos\/769#primaryimage\"},\"thumbnailUrl\":\"http:\/\/www.mariachappuis.com\/blog\/wp-content\/uploads\/2013\/10\/Santiago_02.jpg\",\"datePublished\":\"2013-10-19T03:07:24+00:00\",\"dateModified\":\"2017-03-18T06:36:55+00:00\",\"description\":\"Respirar aire contaminado produce c\u00e1ncer, seg\u00fan la OMS (El Mercurio) En junio del a\u00f1o pasado, la Organizaci\u00f3n Mundial de la Salud (OMS) ya hab\u00eda\",\"breadcrumb\":{\"@id\":\"https:\/\/mariachappuis.com\/blog\/archivos\/769#breadcrumb\"},\"inLanguage\":\"es\",\"potentialAction\":[{\"@type\":\"ReadAction\",\"target\":[\"https:\/\/mariachappuis.com\/blog\/archivos\/769\"]}]},{\"@type\":\"ImageObject\",\"inLanguage\":\"es\",\"@id\":\"https:\/\/mariachappuis.com\/blog\/archivos\/769#primaryimage\",\"url\":\"http:\/\/www.mariachappuis.com\/blog\/wp-content\/uploads\/2013\/10\/Santiago_02.jpg\",\"contentUrl\":\"http:\/\/www.mariachappuis.com\/blog\/wp-content\/uploads\/2013\/10\/Santiago_02.jpg\"},{\"@type\":\"BreadcrumbList\",\"@id\":\"https:\/\/mariachappuis.com\/blog\/archivos\/769#breadcrumb\",\"itemListElement\":[{\"@type\":\"ListItem\",\"position\":1,\"name\":\"Portada\",\"item\":\"https:\/\/mariachappuis.com\/blog\"},{\"@type\":\"ListItem\",\"position\":2,\"name\":\"Anuncio en Ginebra advierte que este aire es de una \u00abcategor\u00eda cancer\u00edgena segura\u00bb.\"}]},{\"@type\":\"WebSite\",\"@id\":\"https:\/\/mariachappuis.com\/blog\/#website\",\"url\":\"https:\/\/mariachappuis.com\/blog\/\",\"name\":\"Marita Chappuis\",\"description\":\"An\u00e1lisis y Comentarios\",\"publisher\":{\"@id\":\"https:\/\/mariachappuis.com\/blog\/#\/schema\/person\/8de0bece2913b35ac8b590fc9ac6dda5\"},\"alternateName\":\"Marita Chappuis\",\"potentialAction\":[{\"@type\":\"SearchAction\",\"target\":{\"@type\":\"EntryPoint\",\"urlTemplate\":\"https:\/\/mariachappuis.com\/blog\/?s={search_term_string}\"},\"query-input\":{\"@type\":\"PropertyValueSpecification\",\"valueRequired\":true,\"valueName\":\"search_term_string\"}}],\"inLanguage\":\"es\"},{\"@type\":[\"Person\",\"Organization\"],\"@id\":\"https:\/\/mariachappuis.com\/blog\/#\/schema\/person\/8de0bece2913b35ac8b590fc9ac6dda5\",\"name\":\"Marita Chappuis\",\"image\":{\"@type\":\"ImageObject\",\"inLanguage\":\"es\",\"@id\":\"https:\/\/mariachappuis.com\/blog\/wp-content\/uploads\/2024\/01\/cropped-3333.jpg\",\"url\":\"https:\/\/mariachappuis.com\/blog\/wp-content\/uploads\/2024\/01\/cropped-3333.jpg\",\"contentUrl\":\"https:\/\/mariachappuis.com\/blog\/wp-content\/uploads\/2024\/01\/cropped-3333.jpg\",\"width\":512,\"height\":512,\"caption\":\"Marita Chappuis\"},\"logo\":{\"@id\":\"https:\/\/mariachappuis.com\/blog\/wp-content\/uploads\/2024\/01\/cropped-3333.jpg\"}}]}<\/script>\n<!-- \/ Yoast SEO plugin. -->","yoast_head_json":{"title":"Anuncio en Ginebra advierte que este aire es de una \"categor\u00eda cancer\u00edgena segura\".","description":"Respirar aire contaminado produce c\u00e1ncer, seg\u00fan la OMS (El Mercurio) En junio del a\u00f1o pasado, la Organizaci\u00f3n Mundial de la Salud (OMS) ya hab\u00eda","robots":{"index":"index","follow":"follow","max-snippet":"max-snippet:-1","max-image-preview":"max-image-preview:large","max-video-preview":"max-video-preview:-1"},"canonical":"https:\/\/mariachappuis.com\/blog\/archivos\/769","og_locale":"es_ES","og_type":"article","og_title":"Anuncio en Ginebra advierte que este aire es de una \"categor\u00eda cancer\u00edgena segura\".","og_description":"Respirar aire contaminado produce c\u00e1ncer, seg\u00fan la OMS (El Mercurio) En junio del a\u00f1o pasado, la Organizaci\u00f3n Mundial de la Salud (OMS) ya hab\u00eda","og_url":"https:\/\/mariachappuis.com\/blog\/archivos\/769","og_site_name":"Maria Chappuis","article_published_time":"2013-10-19T03:07:24+00:00","article_modified_time":"2017-03-18T06:36:55+00:00","og_image":[{"width":566,"height":372,"url":"https:\/\/mariachappuis.com\/blog\/wp-content\/uploads\/2013\/10\/Santiago_02.jpg","type":"image\/jpeg"}],"author":"Marita Chappuis","twitter_card":"summary_large_image","twitter_misc":{"Escrito por":"Marita Chappuis","Tiempo de lectura":"1 minuto"},"schema":{"@context":"https:\/\/schema.org","@graph":[{"@type":"Article","@id":"https:\/\/mariachappuis.com\/blog\/archivos\/769#article","isPartOf":{"@id":"https:\/\/mariachappuis.com\/blog\/archivos\/769"},"author":{"name":"Marita Chappuis","@id":"https:\/\/mariachappuis.com\/blog\/#\/schema\/person\/8de0bece2913b35ac8b590fc9ac6dda5"},"headline":"Anuncio en Ginebra advierte que este aire es de una \u00abcategor\u00eda cancer\u00edgena segura\u00bb.","datePublished":"2013-10-19T03:07:24+00:00","dateModified":"2017-03-18T06:36:55+00:00","mainEntityOfPage":{"@id":"https:\/\/mariachappuis.com\/blog\/archivos\/769"},"wordCount":268,"publisher":{"@id":"https:\/\/mariachappuis.com\/blog\/#\/schema\/person\/8de0bece2913b35ac8b590fc9ac6dda5"},"image":{"@id":"https:\/\/mariachappuis.com\/blog\/archivos\/769#primaryimage"},"thumbnailUrl":"http:\/\/www.mariachappuis.com\/blog\/wp-content\/uploads\/2013\/10\/Santiago_02.jpg","articleSection":["General"],"inLanguage":"es"},{"@type":"WebPage","@id":"https:\/\/mariachappuis.com\/blog\/archivos\/769","url":"https:\/\/mariachappuis.com\/blog\/archivos\/769","name":"Anuncio en Ginebra advierte que este aire es de una \"categor\u00eda cancer\u00edgena segura\".","isPartOf":{"@id":"https:\/\/mariachappuis.com\/blog\/#website"},"primaryImageOfPage":{"@id":"https:\/\/mariachappuis.com\/blog\/archivos\/769#primaryimage"},"image":{"@id":"https:\/\/mariachappuis.com\/blog\/archivos\/769#primaryimage"},"thumbnailUrl":"http:\/\/www.mariachappuis.com\/blog\/wp-content\/uploads\/2013\/10\/Santiago_02.jpg","datePublished":"2013-10-19T03:07:24+00:00","dateModified":"2017-03-18T06:36:55+00:00","description":"Respirar aire contaminado produce c\u00e1ncer, seg\u00fan la OMS (El Mercurio) En junio del a\u00f1o pasado, la Organizaci\u00f3n Mundial de la Salud (OMS) ya hab\u00eda","breadcrumb":{"@id":"https:\/\/mariachappuis.com\/blog\/archivos\/769#breadcrumb"},"inLanguage":"es","potentialAction":[{"@type":"ReadAction","target":["https:\/\/mariachappuis.com\/blog\/archivos\/769"]}]},{"@type":"ImageObject","inLanguage":"es","@id":"https:\/\/mariachappuis.com\/blog\/archivos\/769#primaryimage","url":"http:\/\/www.mariachappuis.com\/blog\/wp-content\/uploads\/2013\/10\/Santiago_02.jpg","contentUrl":"http:\/\/www.mariachappuis.com\/blog\/wp-content\/uploads\/2013\/10\/Santiago_02.jpg"},{"@type":"BreadcrumbList","@id":"https:\/\/mariachappuis.com\/blog\/archivos\/769#breadcrumb","itemListElement":[{"@type":"ListItem","position":1,"name":"Portada","item":"https:\/\/mariachappuis.com\/blog"},{"@type":"ListItem","position":2,"name":"Anuncio en Ginebra advierte que este aire es de una \u00abcategor\u00eda cancer\u00edgena segura\u00bb."}]},{"@type":"WebSite","@id":"https:\/\/mariachappuis.com\/blog\/#website","url":"https:\/\/mariachappuis.com\/blog\/","name":"Marita Chappuis","description":"An\u00e1lisis y Comentarios","publisher":{"@id":"https:\/\/mariachappuis.com\/blog\/#\/schema\/person\/8de0bece2913b35ac8b590fc9ac6dda5"},"alternateName":"Marita Chappuis","potentialAction":[{"@type":"SearchAction","target":{"@type":"EntryPoint","urlTemplate":"https:\/\/mariachappuis.com\/blog\/?s={search_term_string}"},"query-input":{"@type":"PropertyValueSpecification","valueRequired":true,"valueName":"search_term_string"}}],"inLanguage":"es"},{"@type":["Person","Organization"],"@id":"https:\/\/mariachappuis.com\/blog\/#\/schema\/person\/8de0bece2913b35ac8b590fc9ac6dda5","name":"Marita Chappuis","image":{"@type":"ImageObject","inLanguage":"es","@id":"https:\/\/mariachappuis.com\/blog\/wp-content\/uploads\/2024\/01\/cropped-3333.jpg","url":"https:\/\/mariachappuis.com\/blog\/wp-content\/uploads\/2024\/01\/cropped-3333.jpg","contentUrl":"https:\/\/mariachappuis.com\/blog\/wp-content\/uploads\/2024\/01\/cropped-3333.jpg","width":512,"height":512,"caption":"Marita Chappuis"},"logo":{"@id":"https:\/\/mariachappuis.com\/blog\/wp-content\/uploads\/2024\/01\/cropped-3333.jpg"}}]}},"_links":{"self":[{"href":"https:\/\/mariachappuis.com\/blog\/wp-json\/wp\/v2\/posts\/769","targetHints":{"allow":["GET"]}}],"collection":[{"href":"https:\/\/mariachappuis.com\/blog\/wp-json\/wp\/v2\/posts"}],"about":[{"href":"https:\/\/mariachappuis.com\/blog\/wp-json\/wp\/v2\/types\/post"}],"author":[{"embeddable":true,"href":"https:\/\/mariachappuis.com\/blog\/wp-json\/wp\/v2\/users\/1"}],"replies":[{"embeddable":true,"href":"https:\/\/mariachappuis.com\/blog\/wp-json\/wp\/v2\/comments?post=769"}],"version-history":[{"count":4,"href":"https:\/\/mariachappuis.com\/blog\/wp-json\/wp\/v2\/posts\/769\/revisions"}],"predecessor-version":[{"id":773,"href":"https:\/\/mariachappuis.com\/blog\/wp-json\/wp\/v2\/posts\/769\/revisions\/773"}],"wp:attachment":[{"href":"https:\/\/mariachappuis.com\/blog\/wp-json\/wp\/v2\/media?parent=769"}],"wp:term":[{"taxonomy":"category","embeddable":true,"href":"https:\/\/mariachappuis.com\/blog\/wp-json\/wp\/v2\/categories?post=769"},{"taxonomy":"post_tag","embeddable":true,"href":"https:\/\/mariachappuis.com\/blog\/wp-json\/wp\/v2\/tags?post=769"}],"curies":[{"name":"wp","href":"https:\/\/api.w.org\/{rel}","templated":true}]}}