{"id":765,"date":"2013-10-17T17:15:33","date_gmt":"2013-10-17T17:15:33","guid":{"rendered":"http:\/\/www.mariachappuis.com\/blog\/?p=765"},"modified":"2017-03-18T01:36:55","modified_gmt":"2017-03-18T06:36:55","slug":"sofofa-afirma-que-existe-una-industria-de-la-obstruccion-de-proyectos-de-inversion-en-chile","status":"publish","type":"post","link":"https:\/\/mariachappuis.com\/blog\/archivos\/765","title":{"rendered":"Sofofa afirma que existe una \u00abindustria de la obstrucci\u00f3n\u00bb de proyectos de inversi\u00f3n en Chile"},"content":{"rendered":"<p>Hermann von M\u00fchlenbrock, presidente del gremio, endureci\u00f3 sus cr\u00edticas contra los opositores a las iniciativas<\/p>\n<p>El l\u00edder gremial hizo un llamado al empresariado a profundizar la relaci\u00f3n con las comunidades afectadas y a realizar estudios de impacto ambiental m\u00e1s rigurosos.<\/p>\n<p>(El Mercurio) Varios dardos en contra de quienes obstaculizan los proyectos de inversi\u00f3n en el pa\u00eds efectu\u00f3 el presidente de la Sociedad de Fomento Fabril (Sofofa), Hermann von M\u00fchlenbrock, en el discurso que realiz\u00f3 anoche en el marco de la cena anual de la industria.<\/p>\n<p>\u00abNo seamos ingenuos (&#8230;) en nuestro pa\u00eds se ha instalado una verdadera industria de la obstrucci\u00f3n, cuyos instigadores buscan paralizar cualquier proyecto de inversi\u00f3n bajo diversos pretextos, utilizando todos los medios disponibles\u00bb, manifest\u00f3 el representante gremial.<!--more--><\/p>\n<p>El timonel de la industria se\u00f1al\u00f3 que hay \u00abinstigadores\u00bb que se arrogan la voz y la representaci\u00f3n de las comunidades y que en su nombre \u00abobstaculizan el progreso, la inversi\u00f3n y el empleo\u00bb.<\/p>\n<p>En este sentido, hizo un llamado a estructurar de manera sist\u00e9mica toda la regulaci\u00f3n que afecta a las iniciativas de inversi\u00f3n en el pa\u00eds; y a entregar una mayor certeza jur\u00eddica a los proyectos. Tambi\u00e9n inst\u00f3 a las empresas a profundizar la relaci\u00f3n con las comunidades, llevando a cabo estudios de impacto ambiental rigurosos y comunicando de manera clara los beneficios que las localidades percibir\u00e1n con un proyecto cercano a estas.<\/p>\n<p>Von M\u00fchlenbrock defendi\u00f3 la inversi\u00f3n como el principal motor de crecimiento del pa\u00eds y destac\u00f3 que Chile enfrenta un \u00abescenario complejo\u00bb, principalmente en el sector el\u00e9ctrico. Esto, agreg\u00f3, se deriva justamente de la paralizaci\u00f3n de diversas iniciativas de generaci\u00f3n y transmisi\u00f3n el\u00e9ctrica.<\/p>\n<p>\u00abEsta dif\u00edcil situaci\u00f3n no se explica por las deficiencias del mercado el\u00e9ctrico, ya que este entrega los incentivos necesarios para la entrada de nuevos proyectos\u00bb, a la vez que resalt\u00f3 el aumento que han experimentado los precios de la energ\u00eda en el mercado spot en los \u00faltimos seis a\u00f1os por efecto de la escasez de energ\u00eda por los retrasos en los proyectos. Grafic\u00f3 que el costo marginal de la electricidad ha subido desde un rango de entre US$ 50 y US$ 80 por megawatt hora (MWh) a un espectro que va desde los US$ 150 a US$ 300 por MWh en el lapso se\u00f1alado.<\/p>\n<p>Y a\u00f1adi\u00f3 que estas alzas est\u00e1n afectando la competitividad de empresas del sector industrial y minero. \u00abEn el mediano plazo -de no existir una acci\u00f3n decidida que revierta este complejo escenario- nos veremos enfrentados a una eventual escasez de suministro el\u00e9ctrico, con consecuencias que pudieran llegar incluso a medidas de racionamiento\u00bb, advirti\u00f3.<\/p>\n<p>En el marco de esta problem\u00e1tica, Von M\u00fchlenbrock se refiri\u00f3 al Comit\u00e9 El\u00e9ctrico Sofofa, instancia creada recientemente, que elabora una Agenda Pro Energ\u00eda. Esta contendr\u00e1 propuestas para mejorar el escenario energ\u00e9tico que enfrenta el pa\u00eds en el mediano y largo plazo.<\/p>\n<p>El l\u00edder gremial se refiri\u00f3 tambi\u00e9n a otros desaf\u00edos.<\/p>\n<p>Entre estos resalt\u00f3 la necesidad de elevar la competitividad de la industria manufacturera. Si bien valor\u00f3 los cambios a la Ley de I+D en el marco de la gesti\u00f3n del Presidente Sebasti\u00e1n Pi\u00f1era, enfatiz\u00f3 la importancia de aumentar a\u00fan m\u00e1s la inversi\u00f3n en investigaci\u00f3n y desarrollo.<\/p>\n<p>\u00c9tica empresarial<\/p>\n<p>El dirigente hizo un fuerte llamado a la \u00e9tica empresarial y recalc\u00f3 que el rol de los empresarios en la sociedad es mucho m\u00e1s que dar empleo y pagar impuestos. \u00abSer socialmente responsable requiere un comportamiento \u00e9tico. Es por esta raz\u00f3n que condenamos con fuerza aquellos casos, donde empresarios, v\u00edctimas de la codicia o del ego\u00edsmo, han traspasado los l\u00edmites de la confianza y han actuado con falta de \u00e9tica o derechamente han ca\u00eddo en la estafa\u00bb, finaliz\u00f3.<\/p>\n<p>Pi\u00f1era: \u00abLa reforma tributaria m\u00e1s poderosa es el crecimiento\u00bb<\/p>\n<p>En su intervenci\u00f3n, el Presidente Sebasti\u00e1n Pi\u00f1era comparti\u00f3 la preocupaci\u00f3n de su anfitri\u00f3n y advirti\u00f3 que no se debe descuidar que la reforma tributaria m\u00e1s poderosa que puede llevar adelante un pa\u00eds es el crecimiento econ\u00f3mico: \u00abCada punto (porcentual) de crecimiento econ\u00f3mico le agrega al pa\u00eds US$ 600 millones cada a\u00f1o. Por lo tanto, cuando un pa\u00eds crece al 6%, agrega US$ 3.600 millones el primer a\u00f1o; US$ 7.200 millones el segundo; US$ 10.800 millones el tercero, y US$ 15 mil millones el cuarto\u00bb.<\/p>\n<p>Von M\u00fchlenbrock plante\u00f3 que si bien la Sofofa no se opone a priori a cambios tributarios, el esquema impositivo es tambi\u00e9n factor clave de competitividad y diferenciaci\u00f3n para las empresas, de modo que si los proyectos que eval\u00faan las empresas se vuelven poco rentables por aumentos tributarios, dichas iniciativas se llevar\u00e1n a cabo en otro pa\u00eds.<\/p>\n<p>El Mandatario indic\u00f3 que siempre que se analiza una reforma tributaria, hay que preguntarse qu\u00e9 impacto va a tener sobre el crecimiento econ\u00f3mico, porque puede pasar que el pa\u00eds termine con una mayor tasa de impuesto pero con menor recaudaci\u00f3n, menos crecimiento, menos empleos y salarios m\u00e1s bajos.<\/p>\n<p>Tambi\u00e9n coincidi\u00f3 con su interlocutor en que la esencia de los principios b\u00e1sicos que orientan a una sociedad libre es que la libertad va siempre asociada a la responsabilidad y a los derechos asociados a los deberes. \u00abVeo con preocupaci\u00f3n, particularmente en algunas candidaturas presidenciales, que algunos pretenden quebrar esta unidad simplemente con voluntarismos y est\u00e1n muy conscientes de los derechos, pero no de los deberes, y en muchos casos est\u00e1n asegurando cosas que no se pueden asegurar, sino que hay que crear las condiciones para que puedan sustentar esos beneficios en forma permanente\u00bb, dijo Pi\u00f1era. El Jefe del Estado destac\u00f3 los logros de su administraci\u00f3n en materia de crecimiento, empleo y el desarrollo de proyectos energ\u00e9ticos, y puso \u00e9nfasis en las reformas en curso en materia de calidad de la educaci\u00f3n; creaci\u00f3n de puestos de trabajo con protecci\u00f3n social, y fortalecimiento de la familia con la extensi\u00f3n del posnatal y la ampliaci\u00f3n del derecho a salas cuna.<\/p>\n<p>Fuente: Mineria Chilena<!--more--><\/p>\n","protected":false},"excerpt":{"rendered":"<p>Hermann von M\u00fchlenbrock, presidente del gremio, endureci\u00f3 sus cr\u00edticas contra los opositores a las iniciativas El l\u00edder gremial hizo un llamado al empresariado a profundizar la relaci\u00f3n con las comunidades afectadas y a realizar estudios de impacto ambiental m\u00e1s rigurosos. &hellip; <a href=\"https:\/\/mariachappuis.com\/blog\/archivos\/765\">Sigue leyendo <span class=\"meta-nav\">&rarr;<\/span><\/a><\/p>\n","protected":false},"author":1,"featured_media":0,"comment_status":"closed","ping_status":"closed","sticky":false,"template":"","format":"standard","meta":{"footnotes":""},"categories":[1],"tags":[],"class_list":["post-765","post","type-post","status-publish","format-standard","hentry","category-general"],"yoast_head":"<!-- This site is optimized with the Yoast SEO plugin v27.2 - https:\/\/yoast.com\/product\/yoast-seo-wordpress\/ -->\n<title>Sofofa afirma que existe una &quot;industria de la obstrucci\u00f3n&quot; de proyectos de inversi\u00f3n en Chile<\/title>\n<meta name=\"description\" content=\"Hermann von M\u00fchlenbrock, presidente del gremio, endureci\u00f3 sus cr\u00edticas contra los opositores a las iniciativas El l\u00edder gremial hizo un llamado al\" \/>\n<meta name=\"robots\" content=\"index, follow, max-snippet:-1, max-image-preview:large, max-video-preview:-1\" \/>\n<link rel=\"canonical\" href=\"https:\/\/mariachappuis.com\/blog\/archivos\/765\" \/>\n<meta property=\"og:locale\" content=\"es_ES\" \/>\n<meta property=\"og:type\" content=\"article\" \/>\n<meta property=\"og:title\" content=\"Sofofa afirma que existe una &quot;industria de la obstrucci\u00f3n&quot; de proyectos de inversi\u00f3n en Chile\" \/>\n<meta property=\"og:description\" content=\"Hermann von M\u00fchlenbrock, presidente del gremio, endureci\u00f3 sus cr\u00edticas contra los opositores a las iniciativas El l\u00edder gremial hizo un llamado al\" \/>\n<meta property=\"og:url\" content=\"https:\/\/mariachappuis.com\/blog\/archivos\/765\" \/>\n<meta property=\"og:site_name\" content=\"Maria Chappuis\" \/>\n<meta property=\"article:published_time\" content=\"2013-10-17T17:15:33+00:00\" \/>\n<meta property=\"article:modified_time\" content=\"2017-03-18T06:36:55+00:00\" \/>\n<meta property=\"og:image\" content=\"https:\/\/mariachappuis.com\/blog\/wp-content\/uploads\/2024\/01\/cropped-3333.jpg\" \/>\n\t<meta property=\"og:image:width\" content=\"512\" \/>\n\t<meta property=\"og:image:height\" content=\"512\" \/>\n\t<meta property=\"og:image:type\" content=\"image\/jpeg\" \/>\n<meta name=\"author\" content=\"Marita Chappuis\" \/>\n<meta name=\"twitter:card\" content=\"summary_large_image\" \/>\n<meta name=\"twitter:label1\" content=\"Escrito por\" \/>\n\t<meta name=\"twitter:data1\" content=\"Marita Chappuis\" \/>\n\t<meta name=\"twitter:label2\" content=\"Tiempo de lectura\" \/>\n\t<meta name=\"twitter:data2\" content=\"5 minutos\" \/>\n<script type=\"application\/ld+json\" class=\"yoast-schema-graph\">{\"@context\":\"https:\/\/schema.org\",\"@graph\":[{\"@type\":\"Article\",\"@id\":\"https:\/\/mariachappuis.com\/blog\/archivos\/765#article\",\"isPartOf\":{\"@id\":\"https:\/\/mariachappuis.com\/blog\/archivos\/765\"},\"author\":{\"name\":\"Marita Chappuis\",\"@id\":\"https:\/\/mariachappuis.com\/blog\/#\/schema\/person\/8de0bece2913b35ac8b590fc9ac6dda5\"},\"headline\":\"Sofofa afirma que existe una \u00abindustria de la obstrucci\u00f3n\u00bb de proyectos de inversi\u00f3n en Chile\",\"datePublished\":\"2013-10-17T17:15:33+00:00\",\"dateModified\":\"2017-03-18T06:36:55+00:00\",\"mainEntityOfPage\":{\"@id\":\"https:\/\/mariachappuis.com\/blog\/archivos\/765\"},\"wordCount\":1065,\"publisher\":{\"@id\":\"https:\/\/mariachappuis.com\/blog\/#\/schema\/person\/8de0bece2913b35ac8b590fc9ac6dda5\"},\"articleSection\":[\"General\"],\"inLanguage\":\"es\"},{\"@type\":\"WebPage\",\"@id\":\"https:\/\/mariachappuis.com\/blog\/archivos\/765\",\"url\":\"https:\/\/mariachappuis.com\/blog\/archivos\/765\",\"name\":\"Sofofa afirma que existe una \\\"industria de la obstrucci\u00f3n\\\" de proyectos de inversi\u00f3n en Chile\",\"isPartOf\":{\"@id\":\"https:\/\/mariachappuis.com\/blog\/#website\"},\"datePublished\":\"2013-10-17T17:15:33+00:00\",\"dateModified\":\"2017-03-18T06:36:55+00:00\",\"description\":\"Hermann von M\u00fchlenbrock, presidente del gremio, endureci\u00f3 sus cr\u00edticas contra los opositores a las iniciativas El l\u00edder gremial hizo un llamado al\",\"breadcrumb\":{\"@id\":\"https:\/\/mariachappuis.com\/blog\/archivos\/765#breadcrumb\"},\"inLanguage\":\"es\",\"potentialAction\":[{\"@type\":\"ReadAction\",\"target\":[\"https:\/\/mariachappuis.com\/blog\/archivos\/765\"]}]},{\"@type\":\"BreadcrumbList\",\"@id\":\"https:\/\/mariachappuis.com\/blog\/archivos\/765#breadcrumb\",\"itemListElement\":[{\"@type\":\"ListItem\",\"position\":1,\"name\":\"Portada\",\"item\":\"https:\/\/mariachappuis.com\/blog\"},{\"@type\":\"ListItem\",\"position\":2,\"name\":\"Sofofa afirma que existe una \u00abindustria de la obstrucci\u00f3n\u00bb de proyectos de inversi\u00f3n en Chile\"}]},{\"@type\":\"WebSite\",\"@id\":\"https:\/\/mariachappuis.com\/blog\/#website\",\"url\":\"https:\/\/mariachappuis.com\/blog\/\",\"name\":\"Marita Chappuis\",\"description\":\"An\u00e1lisis y Comentarios\",\"publisher\":{\"@id\":\"https:\/\/mariachappuis.com\/blog\/#\/schema\/person\/8de0bece2913b35ac8b590fc9ac6dda5\"},\"alternateName\":\"Marita Chappuis\",\"potentialAction\":[{\"@type\":\"SearchAction\",\"target\":{\"@type\":\"EntryPoint\",\"urlTemplate\":\"https:\/\/mariachappuis.com\/blog\/?s={search_term_string}\"},\"query-input\":{\"@type\":\"PropertyValueSpecification\",\"valueRequired\":true,\"valueName\":\"search_term_string\"}}],\"inLanguage\":\"es\"},{\"@type\":[\"Person\",\"Organization\"],\"@id\":\"https:\/\/mariachappuis.com\/blog\/#\/schema\/person\/8de0bece2913b35ac8b590fc9ac6dda5\",\"name\":\"Marita Chappuis\",\"image\":{\"@type\":\"ImageObject\",\"inLanguage\":\"es\",\"@id\":\"https:\/\/mariachappuis.com\/blog\/wp-content\/uploads\/2024\/01\/cropped-3333.jpg\",\"url\":\"https:\/\/mariachappuis.com\/blog\/wp-content\/uploads\/2024\/01\/cropped-3333.jpg\",\"contentUrl\":\"https:\/\/mariachappuis.com\/blog\/wp-content\/uploads\/2024\/01\/cropped-3333.jpg\",\"width\":512,\"height\":512,\"caption\":\"Marita Chappuis\"},\"logo\":{\"@id\":\"https:\/\/mariachappuis.com\/blog\/wp-content\/uploads\/2024\/01\/cropped-3333.jpg\"}}]}<\/script>\n<!-- \/ Yoast SEO plugin. -->","yoast_head_json":{"title":"Sofofa afirma que existe una \"industria de la obstrucci\u00f3n\" de proyectos de inversi\u00f3n en Chile","description":"Hermann von M\u00fchlenbrock, presidente del gremio, endureci\u00f3 sus cr\u00edticas contra los opositores a las iniciativas El l\u00edder gremial hizo un llamado al","robots":{"index":"index","follow":"follow","max-snippet":"max-snippet:-1","max-image-preview":"max-image-preview:large","max-video-preview":"max-video-preview:-1"},"canonical":"https:\/\/mariachappuis.com\/blog\/archivos\/765","og_locale":"es_ES","og_type":"article","og_title":"Sofofa afirma que existe una \"industria de la obstrucci\u00f3n\" de proyectos de inversi\u00f3n en Chile","og_description":"Hermann von M\u00fchlenbrock, presidente del gremio, endureci\u00f3 sus cr\u00edticas contra los opositores a las iniciativas El l\u00edder gremial hizo un llamado al","og_url":"https:\/\/mariachappuis.com\/blog\/archivos\/765","og_site_name":"Maria Chappuis","article_published_time":"2013-10-17T17:15:33+00:00","article_modified_time":"2017-03-18T06:36:55+00:00","og_image":[{"width":512,"height":512,"url":"https:\/\/mariachappuis.com\/blog\/wp-content\/uploads\/2024\/01\/cropped-3333.jpg","type":"image\/jpeg"}],"author":"Marita Chappuis","twitter_card":"summary_large_image","twitter_misc":{"Escrito por":"Marita Chappuis","Tiempo de lectura":"5 minutos"},"schema":{"@context":"https:\/\/schema.org","@graph":[{"@type":"Article","@id":"https:\/\/mariachappuis.com\/blog\/archivos\/765#article","isPartOf":{"@id":"https:\/\/mariachappuis.com\/blog\/archivos\/765"},"author":{"name":"Marita Chappuis","@id":"https:\/\/mariachappuis.com\/blog\/#\/schema\/person\/8de0bece2913b35ac8b590fc9ac6dda5"},"headline":"Sofofa afirma que existe una \u00abindustria de la obstrucci\u00f3n\u00bb de proyectos de inversi\u00f3n en Chile","datePublished":"2013-10-17T17:15:33+00:00","dateModified":"2017-03-18T06:36:55+00:00","mainEntityOfPage":{"@id":"https:\/\/mariachappuis.com\/blog\/archivos\/765"},"wordCount":1065,"publisher":{"@id":"https:\/\/mariachappuis.com\/blog\/#\/schema\/person\/8de0bece2913b35ac8b590fc9ac6dda5"},"articleSection":["General"],"inLanguage":"es"},{"@type":"WebPage","@id":"https:\/\/mariachappuis.com\/blog\/archivos\/765","url":"https:\/\/mariachappuis.com\/blog\/archivos\/765","name":"Sofofa afirma que existe una \"industria de la obstrucci\u00f3n\" de proyectos de inversi\u00f3n en Chile","isPartOf":{"@id":"https:\/\/mariachappuis.com\/blog\/#website"},"datePublished":"2013-10-17T17:15:33+00:00","dateModified":"2017-03-18T06:36:55+00:00","description":"Hermann von M\u00fchlenbrock, presidente del gremio, endureci\u00f3 sus cr\u00edticas contra los opositores a las iniciativas El l\u00edder gremial hizo un llamado al","breadcrumb":{"@id":"https:\/\/mariachappuis.com\/blog\/archivos\/765#breadcrumb"},"inLanguage":"es","potentialAction":[{"@type":"ReadAction","target":["https:\/\/mariachappuis.com\/blog\/archivos\/765"]}]},{"@type":"BreadcrumbList","@id":"https:\/\/mariachappuis.com\/blog\/archivos\/765#breadcrumb","itemListElement":[{"@type":"ListItem","position":1,"name":"Portada","item":"https:\/\/mariachappuis.com\/blog"},{"@type":"ListItem","position":2,"name":"Sofofa afirma que existe una \u00abindustria de la obstrucci\u00f3n\u00bb de proyectos de inversi\u00f3n en Chile"}]},{"@type":"WebSite","@id":"https:\/\/mariachappuis.com\/blog\/#website","url":"https:\/\/mariachappuis.com\/blog\/","name":"Marita Chappuis","description":"An\u00e1lisis y Comentarios","publisher":{"@id":"https:\/\/mariachappuis.com\/blog\/#\/schema\/person\/8de0bece2913b35ac8b590fc9ac6dda5"},"alternateName":"Marita Chappuis","potentialAction":[{"@type":"SearchAction","target":{"@type":"EntryPoint","urlTemplate":"https:\/\/mariachappuis.com\/blog\/?s={search_term_string}"},"query-input":{"@type":"PropertyValueSpecification","valueRequired":true,"valueName":"search_term_string"}}],"inLanguage":"es"},{"@type":["Person","Organization"],"@id":"https:\/\/mariachappuis.com\/blog\/#\/schema\/person\/8de0bece2913b35ac8b590fc9ac6dda5","name":"Marita Chappuis","image":{"@type":"ImageObject","inLanguage":"es","@id":"https:\/\/mariachappuis.com\/blog\/wp-content\/uploads\/2024\/01\/cropped-3333.jpg","url":"https:\/\/mariachappuis.com\/blog\/wp-content\/uploads\/2024\/01\/cropped-3333.jpg","contentUrl":"https:\/\/mariachappuis.com\/blog\/wp-content\/uploads\/2024\/01\/cropped-3333.jpg","width":512,"height":512,"caption":"Marita Chappuis"},"logo":{"@id":"https:\/\/mariachappuis.com\/blog\/wp-content\/uploads\/2024\/01\/cropped-3333.jpg"}}]}},"_links":{"self":[{"href":"https:\/\/mariachappuis.com\/blog\/wp-json\/wp\/v2\/posts\/765","targetHints":{"allow":["GET"]}}],"collection":[{"href":"https:\/\/mariachappuis.com\/blog\/wp-json\/wp\/v2\/posts"}],"about":[{"href":"https:\/\/mariachappuis.com\/blog\/wp-json\/wp\/v2\/types\/post"}],"author":[{"embeddable":true,"href":"https:\/\/mariachappuis.com\/blog\/wp-json\/wp\/v2\/users\/1"}],"replies":[{"embeddable":true,"href":"https:\/\/mariachappuis.com\/blog\/wp-json\/wp\/v2\/comments?post=765"}],"version-history":[{"count":4,"href":"https:\/\/mariachappuis.com\/blog\/wp-json\/wp\/v2\/posts\/765\/revisions"}],"predecessor-version":[{"id":1935,"href":"https:\/\/mariachappuis.com\/blog\/wp-json\/wp\/v2\/posts\/765\/revisions\/1935"}],"wp:attachment":[{"href":"https:\/\/mariachappuis.com\/blog\/wp-json\/wp\/v2\/media?parent=765"}],"wp:term":[{"taxonomy":"category","embeddable":true,"href":"https:\/\/mariachappuis.com\/blog\/wp-json\/wp\/v2\/categories?post=765"},{"taxonomy":"post_tag","embeddable":true,"href":"https:\/\/mariachappuis.com\/blog\/wp-json\/wp\/v2\/tags?post=765"}],"curies":[{"name":"wp","href":"https:\/\/api.w.org\/{rel}","templated":true}]}}