{"id":759,"date":"2013-10-17T07:01:19","date_gmt":"2013-10-17T07:01:19","guid":{"rendered":"http:\/\/www.mariachappuis.com\/blog\/?p=759"},"modified":"2017-03-18T01:36:55","modified_gmt":"2017-03-18T06:36:55","slug":"pinera-asegura-que-codelco-debe-comenzar-una-nueva-era-como-exportador-de-tecnologia","status":"publish","type":"post","link":"https:\/\/mariachappuis.com\/blog\/archivos\/759","title":{"rendered":"Pi\u00f1era asegura que Codelco debe comenzar una nueva era como exportador de tecnolog\u00eda"},"content":{"rendered":"<p><a href=\"http:\/\/www.mariachappuis.com\/blog\/archivos\/759\/fachada-edificio-corporativo-codelco\" rel=\"attachment wp-att-760\"><img loading=\"lazy\" decoding=\"async\" class=\"alignnone size-full wp-image-760\" alt=\"Fachada Edificio Corporativo Codelco\" src=\"http:\/\/www.mariachappuis.com\/blog\/wp-content\/uploads\/2013\/10\/08_Lanzamiento-Expomin-2012-en-Codelco_MCH_nov2011.jpg\" width=\"462\" height=\"308\" srcset=\"https:\/\/mariachappuis.com\/blog\/wp-content\/uploads\/2013\/10\/08_Lanzamiento-Expomin-2012-en-Codelco_MCH_nov2011.jpg 640w, https:\/\/mariachappuis.com\/blog\/wp-content\/uploads\/2013\/10\/08_Lanzamiento-Expomin-2012-en-Codelco_MCH_nov2011-300x200.jpg 300w\" sizes=\"auto, (max-width: 462px) 100vw, 462px\" \/><\/a><\/p>\n<p>Mandatario valor\u00f3 la construcci\u00f3n de la planta termosolar que reduce en 85% la utilizaci\u00f3n de di\u00e9sel:<\/p>\n<p>Presidente inst\u00f3 a la estatal a elevar la innovaci\u00f3n en el desarrollo de soluciones para reducir costos.<\/p>\n<p>(El Mercurio) Para el Presidente de la Rep\u00fablica, Sebasti\u00e1n Pi\u00f1era, la inauguraci\u00f3n de la planta termosolar Pampa Elvira, en la divisi\u00f3n Gabriela Mistral de Codelco, es el inicio de una nueva etapa para la cuprera estatal en materia de tecnolog\u00edas para la miner\u00eda.<!--more--><\/p>\n<p>\u00abLo que estamos inaugurando hoy d\u00eda es una clara muestra del Codelco que queremos (&#8230;) yo creo que Codelco, con su historia, con su experiencia, con la capacidad t\u00e9cnica de sus ingenieros, t\u00e9cnicos, de sus trabajadores, de sus ejecutivos, tiene que enfrentar este desaf\u00edo de no solamente exportar minerales, sino que empezar tambi\u00e9n a exportar tecnolog\u00eda\u00bb, se\u00f1al\u00f3 Pi\u00f1era en el discurso inaugural del proyecto.<\/p>\n<p>Seg\u00fan el Mandatario, uno de los objetivos de la estatal para los pr\u00f3ximos a\u00f1os es diversificar su negocio de venta de cobre hacia nuevas \u00e1reas ligadas a soluciones innovadoras, que le permitan seguir liderando la industria minera mundial.<\/p>\n<p>\u00abPor eso cuando discutimos los planes de desarrollo de Codelco, yo le pregunt\u00e9 al presidente ejecutivo qu\u00e9 parte de los ingresos de Codelco del futuro va a provenir no de la venta de cobre o molibdeno, sino de la venta de tecnolog\u00eda minera. Porque ah\u00ed est\u00e1, sin duda, un terreno para que Codelco pueda conquistar mercados y pueda desarrollar en plenitud todos los talentos que viven dentro de esta gran empresa que es Codelco, que sin duda nos llena de orgullo a todos los chilenos\u00bb, dijo.<\/p>\n<p>El Presidente destac\u00f3 la importancia que tiene para los costos y la sustentabilidad de la corporaci\u00f3n la instalaci\u00f3n de la planta termosolar m\u00e1s grande del mundo, que permite reemplazar el 85% del di\u00e9sel que se utiliza en el proceso de electroobtenci\u00f3n de cobre.<\/p>\n<p>\u00abLo que estamos viendo a mis espaldas (la planta termosolar) es un muy buen ejemplo de este esfuerzo de renovarse, para que Codelco siga siendo la empresa l\u00edder, la empresa eficiente, la empresa que marca el rumbo en la industria de la miner\u00eda del cobre no solamente en Chile, sino que en el mundo entero\u00bb, agreg\u00f3 el Presidente.<\/p>\n<p>En esta misma l\u00ednea, Pi\u00f1era record\u00f3 que Codelco est\u00e1 llevando adelante un ambicioso plan de inversiones por US$ 25 mil millones, el cual debe ir de la mano con el aumento de la eficiencia y la reducci\u00f3n de los costos.<\/p>\n<p>Minera apostar\u00e1 por la innovaci\u00f3n<\/p>\n<p>La innovaci\u00f3n es uno de los temas que est\u00e1 impulsando la administraci\u00f3n de Codelco. Seg\u00fan el vicepresidente de administraci\u00f3n y finanzas de la estatal, Iv\u00e1n Arriagada, dentro de los pr\u00f3ximos a\u00f1os se seguir\u00e1n elevando los recursos en investigaci\u00f3n y ejecuci\u00f3n de tecnolog\u00edas que le agreguen valor a la compa\u00f1\u00eda.<\/p>\n<p>\u00abNuestra misi\u00f3n principal es explotar de manera eficiente los recursos mineros de Codelco, en beneficio del pa\u00eds. En este contexto, Codelco siempre ha incentivado la innovaci\u00f3n, lo que le permite ser la empresa que m\u00e1s patentes de invenci\u00f3n solicita cada a\u00f1o\u00bb, sostiene Arriagada.<\/p>\n<p>El ejecutivo agrega que la empresa ya est\u00e1 entregando resultados reales en temas de innovaci\u00f3n. \u00abPor ejemplo, acabamos de contribuir con la instalaci\u00f3n del primer tren de un metro en el mundo con aplicaciones de cobre bactericida, iniciativa que esperamos a extender a otros trenes en Chile y despu\u00e9s en el mundo\u00bb, dice.<\/p>\n<p>Fuente: Miner\u00eda Chilena<\/p>\n","protected":false},"excerpt":{"rendered":"<p>Mandatario valor\u00f3 la construcci\u00f3n de la planta termosolar que reduce en 85% la utilizaci\u00f3n de di\u00e9sel: Presidente inst\u00f3 a la estatal a elevar la innovaci\u00f3n en el desarrollo de soluciones para reducir costos. (El Mercurio) Para el Presidente de la &hellip; <a href=\"https:\/\/mariachappuis.com\/blog\/archivos\/759\">Sigue leyendo <span class=\"meta-nav\">&rarr;<\/span><\/a><\/p>\n","protected":false},"author":1,"featured_media":0,"comment_status":"closed","ping_status":"closed","sticky":false,"template":"","format":"standard","meta":{"footnotes":""},"categories":[1],"tags":[],"class_list":["post-759","post","type-post","status-publish","format-standard","hentry","category-general"],"yoast_head":"<!-- This site is optimized with the Yoast SEO plugin v27.2 - https:\/\/yoast.com\/product\/yoast-seo-wordpress\/ -->\n<title>Pi\u00f1era asegura que Codelco debe comenzar una nueva era como exportador de tecnolog\u00eda<\/title>\n<meta name=\"description\" content=\"Mandatario valor\u00f3 la construcci\u00f3n de la planta termosolar que reduce en 85% la utilizaci\u00f3n de di\u00e9sel: Presidente inst\u00f3 a la estatal a elevar la innovaci\u00f3n\" \/>\n<meta name=\"robots\" content=\"index, follow, max-snippet:-1, max-image-preview:large, max-video-preview:-1\" \/>\n<link rel=\"canonical\" href=\"https:\/\/mariachappuis.com\/blog\/archivos\/759\" \/>\n<meta property=\"og:locale\" content=\"es_ES\" \/>\n<meta property=\"og:type\" content=\"article\" \/>\n<meta property=\"og:title\" content=\"Pi\u00f1era asegura que Codelco debe comenzar una nueva era como exportador de tecnolog\u00eda\" \/>\n<meta property=\"og:description\" content=\"Mandatario valor\u00f3 la construcci\u00f3n de la planta termosolar que reduce en 85% la utilizaci\u00f3n de di\u00e9sel: Presidente inst\u00f3 a la estatal a elevar la innovaci\u00f3n\" \/>\n<meta property=\"og:url\" content=\"https:\/\/mariachappuis.com\/blog\/archivos\/759\" \/>\n<meta property=\"og:site_name\" content=\"Maria Chappuis\" \/>\n<meta property=\"article:published_time\" content=\"2013-10-17T07:01:19+00:00\" \/>\n<meta property=\"article:modified_time\" content=\"2017-03-18T06:36:55+00:00\" \/>\n<meta property=\"og:image\" content=\"https:\/\/mariachappuis.com\/blog\/wp-content\/uploads\/2013\/10\/08_Lanzamiento-Expomin-2012-en-Codelco_MCH_nov2011.jpg\" \/>\n\t<meta property=\"og:image:width\" content=\"640\" \/>\n\t<meta property=\"og:image:height\" content=\"427\" \/>\n\t<meta property=\"og:image:type\" content=\"image\/jpeg\" \/>\n<meta name=\"author\" content=\"Marita Chappuis\" \/>\n<meta name=\"twitter:card\" content=\"summary_large_image\" \/>\n<meta name=\"twitter:label1\" content=\"Escrito por\" \/>\n\t<meta name=\"twitter:data1\" content=\"Marita Chappuis\" \/>\n\t<meta name=\"twitter:label2\" content=\"Tiempo de lectura\" \/>\n\t<meta name=\"twitter:data2\" content=\"3 minutos\" \/>\n<script type=\"application\/ld+json\" class=\"yoast-schema-graph\">{\"@context\":\"https:\/\/schema.org\",\"@graph\":[{\"@type\":\"Article\",\"@id\":\"https:\/\/mariachappuis.com\/blog\/archivos\/759#article\",\"isPartOf\":{\"@id\":\"https:\/\/mariachappuis.com\/blog\/archivos\/759\"},\"author\":{\"name\":\"Marita Chappuis\",\"@id\":\"https:\/\/mariachappuis.com\/blog\/#\/schema\/person\/8de0bece2913b35ac8b590fc9ac6dda5\"},\"headline\":\"Pi\u00f1era asegura que Codelco debe comenzar una nueva era como exportador de tecnolog\u00eda\",\"datePublished\":\"2013-10-17T07:01:19+00:00\",\"dateModified\":\"2017-03-18T06:36:55+00:00\",\"mainEntityOfPage\":{\"@id\":\"https:\/\/mariachappuis.com\/blog\/archivos\/759\"},\"wordCount\":625,\"publisher\":{\"@id\":\"https:\/\/mariachappuis.com\/blog\/#\/schema\/person\/8de0bece2913b35ac8b590fc9ac6dda5\"},\"image\":{\"@id\":\"https:\/\/mariachappuis.com\/blog\/archivos\/759#primaryimage\"},\"thumbnailUrl\":\"http:\/\/www.mariachappuis.com\/blog\/wp-content\/uploads\/2013\/10\/08_Lanzamiento-Expomin-2012-en-Codelco_MCH_nov2011.jpg\",\"articleSection\":[\"General\"],\"inLanguage\":\"es\"},{\"@type\":\"WebPage\",\"@id\":\"https:\/\/mariachappuis.com\/blog\/archivos\/759\",\"url\":\"https:\/\/mariachappuis.com\/blog\/archivos\/759\",\"name\":\"Pi\u00f1era asegura que Codelco debe comenzar una nueva era como exportador de tecnolog\u00eda\",\"isPartOf\":{\"@id\":\"https:\/\/mariachappuis.com\/blog\/#website\"},\"primaryImageOfPage\":{\"@id\":\"https:\/\/mariachappuis.com\/blog\/archivos\/759#primaryimage\"},\"image\":{\"@id\":\"https:\/\/mariachappuis.com\/blog\/archivos\/759#primaryimage\"},\"thumbnailUrl\":\"http:\/\/www.mariachappuis.com\/blog\/wp-content\/uploads\/2013\/10\/08_Lanzamiento-Expomin-2012-en-Codelco_MCH_nov2011.jpg\",\"datePublished\":\"2013-10-17T07:01:19+00:00\",\"dateModified\":\"2017-03-18T06:36:55+00:00\",\"description\":\"Mandatario valor\u00f3 la construcci\u00f3n de la planta termosolar que reduce en 85% la utilizaci\u00f3n de di\u00e9sel: Presidente inst\u00f3 a la estatal a elevar la innovaci\u00f3n\",\"breadcrumb\":{\"@id\":\"https:\/\/mariachappuis.com\/blog\/archivos\/759#breadcrumb\"},\"inLanguage\":\"es\",\"potentialAction\":[{\"@type\":\"ReadAction\",\"target\":[\"https:\/\/mariachappuis.com\/blog\/archivos\/759\"]}]},{\"@type\":\"ImageObject\",\"inLanguage\":\"es\",\"@id\":\"https:\/\/mariachappuis.com\/blog\/archivos\/759#primaryimage\",\"url\":\"http:\/\/www.mariachappuis.com\/blog\/wp-content\/uploads\/2013\/10\/08_Lanzamiento-Expomin-2012-en-Codelco_MCH_nov2011.jpg\",\"contentUrl\":\"http:\/\/www.mariachappuis.com\/blog\/wp-content\/uploads\/2013\/10\/08_Lanzamiento-Expomin-2012-en-Codelco_MCH_nov2011.jpg\"},{\"@type\":\"BreadcrumbList\",\"@id\":\"https:\/\/mariachappuis.com\/blog\/archivos\/759#breadcrumb\",\"itemListElement\":[{\"@type\":\"ListItem\",\"position\":1,\"name\":\"Portada\",\"item\":\"https:\/\/mariachappuis.com\/blog\"},{\"@type\":\"ListItem\",\"position\":2,\"name\":\"Pi\u00f1era asegura que Codelco debe comenzar una nueva era como exportador de tecnolog\u00eda\"}]},{\"@type\":\"WebSite\",\"@id\":\"https:\/\/mariachappuis.com\/blog\/#website\",\"url\":\"https:\/\/mariachappuis.com\/blog\/\",\"name\":\"Marita Chappuis\",\"description\":\"An\u00e1lisis y Comentarios\",\"publisher\":{\"@id\":\"https:\/\/mariachappuis.com\/blog\/#\/schema\/person\/8de0bece2913b35ac8b590fc9ac6dda5\"},\"alternateName\":\"Marita Chappuis\",\"potentialAction\":[{\"@type\":\"SearchAction\",\"target\":{\"@type\":\"EntryPoint\",\"urlTemplate\":\"https:\/\/mariachappuis.com\/blog\/?s={search_term_string}\"},\"query-input\":{\"@type\":\"PropertyValueSpecification\",\"valueRequired\":true,\"valueName\":\"search_term_string\"}}],\"inLanguage\":\"es\"},{\"@type\":[\"Person\",\"Organization\"],\"@id\":\"https:\/\/mariachappuis.com\/blog\/#\/schema\/person\/8de0bece2913b35ac8b590fc9ac6dda5\",\"name\":\"Marita Chappuis\",\"image\":{\"@type\":\"ImageObject\",\"inLanguage\":\"es\",\"@id\":\"https:\/\/mariachappuis.com\/blog\/wp-content\/uploads\/2024\/01\/cropped-3333.jpg\",\"url\":\"https:\/\/mariachappuis.com\/blog\/wp-content\/uploads\/2024\/01\/cropped-3333.jpg\",\"contentUrl\":\"https:\/\/mariachappuis.com\/blog\/wp-content\/uploads\/2024\/01\/cropped-3333.jpg\",\"width\":512,\"height\":512,\"caption\":\"Marita Chappuis\"},\"logo\":{\"@id\":\"https:\/\/mariachappuis.com\/blog\/wp-content\/uploads\/2024\/01\/cropped-3333.jpg\"}}]}<\/script>\n<!-- \/ Yoast SEO plugin. -->","yoast_head_json":{"title":"Pi\u00f1era asegura que Codelco debe comenzar una nueva era como exportador de tecnolog\u00eda","description":"Mandatario valor\u00f3 la construcci\u00f3n de la planta termosolar que reduce en 85% la utilizaci\u00f3n de di\u00e9sel: Presidente inst\u00f3 a la estatal a elevar la innovaci\u00f3n","robots":{"index":"index","follow":"follow","max-snippet":"max-snippet:-1","max-image-preview":"max-image-preview:large","max-video-preview":"max-video-preview:-1"},"canonical":"https:\/\/mariachappuis.com\/blog\/archivos\/759","og_locale":"es_ES","og_type":"article","og_title":"Pi\u00f1era asegura que Codelco debe comenzar una nueva era como exportador de tecnolog\u00eda","og_description":"Mandatario valor\u00f3 la construcci\u00f3n de la planta termosolar que reduce en 85% la utilizaci\u00f3n de di\u00e9sel: Presidente inst\u00f3 a la estatal a elevar la innovaci\u00f3n","og_url":"https:\/\/mariachappuis.com\/blog\/archivos\/759","og_site_name":"Maria Chappuis","article_published_time":"2013-10-17T07:01:19+00:00","article_modified_time":"2017-03-18T06:36:55+00:00","og_image":[{"width":640,"height":427,"url":"https:\/\/mariachappuis.com\/blog\/wp-content\/uploads\/2013\/10\/08_Lanzamiento-Expomin-2012-en-Codelco_MCH_nov2011.jpg","type":"image\/jpeg"}],"author":"Marita Chappuis","twitter_card":"summary_large_image","twitter_misc":{"Escrito por":"Marita Chappuis","Tiempo de lectura":"3 minutos"},"schema":{"@context":"https:\/\/schema.org","@graph":[{"@type":"Article","@id":"https:\/\/mariachappuis.com\/blog\/archivos\/759#article","isPartOf":{"@id":"https:\/\/mariachappuis.com\/blog\/archivos\/759"},"author":{"name":"Marita Chappuis","@id":"https:\/\/mariachappuis.com\/blog\/#\/schema\/person\/8de0bece2913b35ac8b590fc9ac6dda5"},"headline":"Pi\u00f1era asegura que Codelco debe comenzar una nueva era como exportador de tecnolog\u00eda","datePublished":"2013-10-17T07:01:19+00:00","dateModified":"2017-03-18T06:36:55+00:00","mainEntityOfPage":{"@id":"https:\/\/mariachappuis.com\/blog\/archivos\/759"},"wordCount":625,"publisher":{"@id":"https:\/\/mariachappuis.com\/blog\/#\/schema\/person\/8de0bece2913b35ac8b590fc9ac6dda5"},"image":{"@id":"https:\/\/mariachappuis.com\/blog\/archivos\/759#primaryimage"},"thumbnailUrl":"http:\/\/www.mariachappuis.com\/blog\/wp-content\/uploads\/2013\/10\/08_Lanzamiento-Expomin-2012-en-Codelco_MCH_nov2011.jpg","articleSection":["General"],"inLanguage":"es"},{"@type":"WebPage","@id":"https:\/\/mariachappuis.com\/blog\/archivos\/759","url":"https:\/\/mariachappuis.com\/blog\/archivos\/759","name":"Pi\u00f1era asegura que Codelco debe comenzar una nueva era como exportador de tecnolog\u00eda","isPartOf":{"@id":"https:\/\/mariachappuis.com\/blog\/#website"},"primaryImageOfPage":{"@id":"https:\/\/mariachappuis.com\/blog\/archivos\/759#primaryimage"},"image":{"@id":"https:\/\/mariachappuis.com\/blog\/archivos\/759#primaryimage"},"thumbnailUrl":"http:\/\/www.mariachappuis.com\/blog\/wp-content\/uploads\/2013\/10\/08_Lanzamiento-Expomin-2012-en-Codelco_MCH_nov2011.jpg","datePublished":"2013-10-17T07:01:19+00:00","dateModified":"2017-03-18T06:36:55+00:00","description":"Mandatario valor\u00f3 la construcci\u00f3n de la planta termosolar que reduce en 85% la utilizaci\u00f3n de di\u00e9sel: Presidente inst\u00f3 a la estatal a elevar la innovaci\u00f3n","breadcrumb":{"@id":"https:\/\/mariachappuis.com\/blog\/archivos\/759#breadcrumb"},"inLanguage":"es","potentialAction":[{"@type":"ReadAction","target":["https:\/\/mariachappuis.com\/blog\/archivos\/759"]}]},{"@type":"ImageObject","inLanguage":"es","@id":"https:\/\/mariachappuis.com\/blog\/archivos\/759#primaryimage","url":"http:\/\/www.mariachappuis.com\/blog\/wp-content\/uploads\/2013\/10\/08_Lanzamiento-Expomin-2012-en-Codelco_MCH_nov2011.jpg","contentUrl":"http:\/\/www.mariachappuis.com\/blog\/wp-content\/uploads\/2013\/10\/08_Lanzamiento-Expomin-2012-en-Codelco_MCH_nov2011.jpg"},{"@type":"BreadcrumbList","@id":"https:\/\/mariachappuis.com\/blog\/archivos\/759#breadcrumb","itemListElement":[{"@type":"ListItem","position":1,"name":"Portada","item":"https:\/\/mariachappuis.com\/blog"},{"@type":"ListItem","position":2,"name":"Pi\u00f1era asegura que Codelco debe comenzar una nueva era como exportador de tecnolog\u00eda"}]},{"@type":"WebSite","@id":"https:\/\/mariachappuis.com\/blog\/#website","url":"https:\/\/mariachappuis.com\/blog\/","name":"Marita Chappuis","description":"An\u00e1lisis y Comentarios","publisher":{"@id":"https:\/\/mariachappuis.com\/blog\/#\/schema\/person\/8de0bece2913b35ac8b590fc9ac6dda5"},"alternateName":"Marita Chappuis","potentialAction":[{"@type":"SearchAction","target":{"@type":"EntryPoint","urlTemplate":"https:\/\/mariachappuis.com\/blog\/?s={search_term_string}"},"query-input":{"@type":"PropertyValueSpecification","valueRequired":true,"valueName":"search_term_string"}}],"inLanguage":"es"},{"@type":["Person","Organization"],"@id":"https:\/\/mariachappuis.com\/blog\/#\/schema\/person\/8de0bece2913b35ac8b590fc9ac6dda5","name":"Marita Chappuis","image":{"@type":"ImageObject","inLanguage":"es","@id":"https:\/\/mariachappuis.com\/blog\/wp-content\/uploads\/2024\/01\/cropped-3333.jpg","url":"https:\/\/mariachappuis.com\/blog\/wp-content\/uploads\/2024\/01\/cropped-3333.jpg","contentUrl":"https:\/\/mariachappuis.com\/blog\/wp-content\/uploads\/2024\/01\/cropped-3333.jpg","width":512,"height":512,"caption":"Marita Chappuis"},"logo":{"@id":"https:\/\/mariachappuis.com\/blog\/wp-content\/uploads\/2024\/01\/cropped-3333.jpg"}}]}},"_links":{"self":[{"href":"https:\/\/mariachappuis.com\/blog\/wp-json\/wp\/v2\/posts\/759","targetHints":{"allow":["GET"]}}],"collection":[{"href":"https:\/\/mariachappuis.com\/blog\/wp-json\/wp\/v2\/posts"}],"about":[{"href":"https:\/\/mariachappuis.com\/blog\/wp-json\/wp\/v2\/types\/post"}],"author":[{"embeddable":true,"href":"https:\/\/mariachappuis.com\/blog\/wp-json\/wp\/v2\/users\/1"}],"replies":[{"embeddable":true,"href":"https:\/\/mariachappuis.com\/blog\/wp-json\/wp\/v2\/comments?post=759"}],"version-history":[{"count":3,"href":"https:\/\/mariachappuis.com\/blog\/wp-json\/wp\/v2\/posts\/759\/revisions"}],"predecessor-version":[{"id":1937,"href":"https:\/\/mariachappuis.com\/blog\/wp-json\/wp\/v2\/posts\/759\/revisions\/1937"}],"wp:attachment":[{"href":"https:\/\/mariachappuis.com\/blog\/wp-json\/wp\/v2\/media?parent=759"}],"wp:term":[{"taxonomy":"category","embeddable":true,"href":"https:\/\/mariachappuis.com\/blog\/wp-json\/wp\/v2\/categories?post=759"},{"taxonomy":"post_tag","embeddable":true,"href":"https:\/\/mariachappuis.com\/blog\/wp-json\/wp\/v2\/tags?post=759"}],"curies":[{"name":"wp","href":"https:\/\/api.w.org\/{rel}","templated":true}]}}