{"id":739,"date":"2013-09-01T21:57:56","date_gmt":"2013-09-01T21:57:56","guid":{"rendered":"http:\/\/www.mariachappuis.com\/blog\/?p=739"},"modified":"2017-03-18T01:36:55","modified_gmt":"2017-03-18T06:36:55","slug":"demandas-de-amsa-y-barrick-contra-pakistan-se-activarian-a-mediados-de-2014","status":"publish","type":"post","link":"https:\/\/mariachappuis.com\/blog\/archivos\/739","title":{"rendered":"Demandas de AMSA y Barrick contra Pakist\u00e1n se activar\u00edan a mediados de 2014"},"content":{"rendered":"<p><a href=\"http:\/\/www.mariachappuis.com\/blog\/archivos\/739\/reko\" rel=\"attachment wp-att-740\"><img loading=\"lazy\" decoding=\"async\" class=\"alignnone size-full wp-image-740\" alt=\"reko\" src=\"http:\/\/www.mariachappuis.com\/blog\/wp-content\/uploads\/2013\/09\/reko.jpg\" width=\"359\" height=\"269\" srcset=\"https:\/\/mariachappuis.com\/blog\/wp-content\/uploads\/2013\/09\/reko.jpg 359w, https:\/\/mariachappuis.com\/blog\/wp-content\/uploads\/2013\/09\/reko-300x224.jpg 300w\" sizes=\"auto, (max-width: 359px) 100vw, 359px\" \/><\/a><\/p>\n<p>A trav\u00e9s de Tethyan Copper ambas exigir\u00e1n indemnizaciones por rev\u00e9s en proyecto Reko Diq:<\/p>\n<p>El gobierno tiene plazo hasta fines de septiembre para presentar su escrito de oposici\u00f3n a este requerimiento de las mineras.<\/p>\n<p>(Diario Financiero) A mediados de 2014 podr\u00edan activarse las demandas en las que Antofagasta PLC y la canadiense Barrick reclaman al Estado de Pakist\u00e1n el pago de indemnizaciones por la negativa de la autoridad de ese pa\u00eds para que ambas firmas, a trav\u00e9s de la empresa Tethyan Copper Company (TCC), desarrollaran el proyecto de cobre y oro Reko Diq, ubicado en la provincia de Baluchist\u00e1n.<br \/>\n<!--more--><br \/>\nEl brazo minero del grupo Luksic explic\u00f3 en su reporte de resultados al primer semestre, que el gobierno de Pakist\u00e1n recibi\u00f3 una pr\u00f3rroga hasta fines de septiembre para presentar su escrito de oposiciones a este requerimiento de las mineras, que se plante\u00f3 luego que en mayo pasado TCC retir\u00f3 las solicitudes de arbitraje que manten\u00eda ante la Corte Internacional de Arbitraje de la C\u00e1mara de Comercio Internacional (CCI), con sede en Par\u00eds, y tambi\u00e9n del Centro Internacional de Arreglo de Diferencias Relativas a Inversiones (Ciadi) del Banco Mundial.<\/p>\n<p>Antofagasta PLC a\u00f1adi\u00f3 que mientras el tribunal del Ciadi est\u00e1 considerando la posibilidad de programar una audiencia para mediados de 2014, la corte de la CCI est\u00e1 evaluando el alcance de estas audiencias, las que program\u00f3 para junio del pr\u00f3ximo a\u00f1o.<\/p>\n<p>Conocedores de los planes de los socios en este proyecto, explicaron que estos plazos ser\u00edan favorables para las intenciones de Antofagasta PLC y Barrick, pues ambas no han perdido el inter\u00e9s en este proyecto, que seg\u00fan las estimaciones de las compa\u00f1\u00edas, requerir\u00eda una inversi\u00f3n superior a los \u2028US$ 3.300 millones.<\/p>\n<p>Las fuentes explicaron que los ejecutivos de TCC habr\u00edan aprovechado los \u00faltimos meses para establecer contactos con las nuevas autoridades del gobierno de Baluchist\u00e1n, que asumieron a principios de este a\u00f1o, tras la disoluci\u00f3n de la administraci\u00f3n anterior.<\/p>\n<p>En el intertanto, la demanda por indemnizaciones les permite ganar tiempo e impedir que el Estado desarrolle Reko Diq en asociaci\u00f3n con otra compa\u00f1\u00eda o bien que lo transfiera a un tercero, pues las posibilidades de ejecutar un eventual fallo favorable al requerimiento de indemnizaci\u00f3n de TCC ser\u00edan muy bajas.<\/p>\n<p>Problemas adicionales<\/p>\n<p>Claro que destrabar las licencias para el desarrollo de la mina no abre completamente el camino para Antofagasta Minerals (AMSA) y Barrick, pues tambi\u00e9n tuvieron problemas en la tramitaci\u00f3n de otros permisos de instalaciones que necesitan para operar, como el puerto, mineroducto, central el\u00e9ctrica y l\u00edneas de transmisi\u00f3n.<\/p>\n<p>Esta situaci\u00f3n fue expuesta por TCC en las presentaciones que realiz\u00f3 ante el Ciadi en el marco del arbitraje.<\/p>\n<p>En paralelo, esta empresa de origen australiano, abri\u00f3 un proceso para subastar algunos de los activos f\u00edsicos que manten\u00eda en las operaciones de Reko Diq. Se trata de equipos e instalaciones de campamento que ten\u00eda en la zona del proyecto.<\/p>\n<p>Fuente \/ Diario Financiero<\/p>\n","protected":false},"excerpt":{"rendered":"<p>A trav\u00e9s de Tethyan Copper ambas exigir\u00e1n indemnizaciones por rev\u00e9s en proyecto Reko Diq: El gobierno tiene plazo hasta fines de septiembre para presentar su escrito de oposici\u00f3n a este requerimiento de las mineras. (Diario Financiero) A mediados de 2014 &hellip; <a href=\"https:\/\/mariachappuis.com\/blog\/archivos\/739\">Sigue leyendo <span class=\"meta-nav\">&rarr;<\/span><\/a><\/p>\n","protected":false},"author":1,"featured_media":0,"comment_status":"closed","ping_status":"closed","sticky":false,"template":"","format":"standard","meta":{"footnotes":""},"categories":[1],"tags":[],"class_list":["post-739","post","type-post","status-publish","format-standard","hentry","category-general"],"yoast_head":"<!-- This site is optimized with the Yoast SEO plugin v27.2 - https:\/\/yoast.com\/product\/yoast-seo-wordpress\/ -->\n<title>Demandas de AMSA y Barrick contra Pakist\u00e1n se activar\u00edan a mediados de 2014<\/title>\n<meta name=\"description\" content=\"A trav\u00e9s de Tethyan Copper ambas exigir\u00e1n indemnizaciones por rev\u00e9s en proyecto Reko Diq: El gobierno tiene plazo hasta fines de septiembre para presentar\" \/>\n<meta name=\"robots\" content=\"index, follow, max-snippet:-1, max-image-preview:large, max-video-preview:-1\" \/>\n<link rel=\"canonical\" href=\"https:\/\/mariachappuis.com\/blog\/archivos\/739\" \/>\n<meta property=\"og:locale\" content=\"es_ES\" \/>\n<meta property=\"og:type\" content=\"article\" \/>\n<meta property=\"og:title\" content=\"Demandas de AMSA y Barrick contra Pakist\u00e1n se activar\u00edan a mediados de 2014\" \/>\n<meta property=\"og:description\" content=\"A trav\u00e9s de Tethyan Copper ambas exigir\u00e1n indemnizaciones por rev\u00e9s en proyecto Reko Diq: El gobierno tiene plazo hasta fines de septiembre para presentar\" \/>\n<meta property=\"og:url\" content=\"https:\/\/mariachappuis.com\/blog\/archivos\/739\" \/>\n<meta property=\"og:site_name\" content=\"Maria Chappuis\" \/>\n<meta property=\"article:published_time\" content=\"2013-09-01T21:57:56+00:00\" \/>\n<meta property=\"article:modified_time\" content=\"2017-03-18T06:36:55+00:00\" \/>\n<meta property=\"og:image\" content=\"https:\/\/mariachappuis.com\/blog\/wp-content\/uploads\/2013\/09\/reko.jpg\" \/>\n\t<meta property=\"og:image:width\" content=\"359\" \/>\n\t<meta property=\"og:image:height\" content=\"269\" \/>\n\t<meta property=\"og:image:type\" content=\"image\/jpeg\" \/>\n<meta name=\"author\" content=\"Marita Chappuis\" \/>\n<meta name=\"twitter:card\" content=\"summary_large_image\" \/>\n<meta name=\"twitter:label1\" content=\"Escrito por\" \/>\n\t<meta name=\"twitter:data1\" content=\"Marita Chappuis\" \/>\n\t<meta name=\"twitter:label2\" content=\"Tiempo de lectura\" \/>\n\t<meta name=\"twitter:data2\" content=\"3 minutos\" \/>\n<script type=\"application\/ld+json\" class=\"yoast-schema-graph\">{\"@context\":\"https:\/\/schema.org\",\"@graph\":[{\"@type\":\"Article\",\"@id\":\"https:\/\/mariachappuis.com\/blog\/archivos\/739#article\",\"isPartOf\":{\"@id\":\"https:\/\/mariachappuis.com\/blog\/archivos\/739\"},\"author\":{\"name\":\"Marita Chappuis\",\"@id\":\"https:\/\/mariachappuis.com\/blog\/#\/schema\/person\/8de0bece2913b35ac8b590fc9ac6dda5\"},\"headline\":\"Demandas de AMSA y Barrick contra Pakist\u00e1n se activar\u00edan a mediados de 2014\",\"datePublished\":\"2013-09-01T21:57:56+00:00\",\"dateModified\":\"2017-03-18T06:36:55+00:00\",\"mainEntityOfPage\":{\"@id\":\"https:\/\/mariachappuis.com\/blog\/archivos\/739\"},\"wordCount\":531,\"publisher\":{\"@id\":\"https:\/\/mariachappuis.com\/blog\/#\/schema\/person\/8de0bece2913b35ac8b590fc9ac6dda5\"},\"image\":{\"@id\":\"https:\/\/mariachappuis.com\/blog\/archivos\/739#primaryimage\"},\"thumbnailUrl\":\"http:\/\/www.mariachappuis.com\/blog\/wp-content\/uploads\/2013\/09\/reko.jpg\",\"articleSection\":[\"General\"],\"inLanguage\":\"es\"},{\"@type\":\"WebPage\",\"@id\":\"https:\/\/mariachappuis.com\/blog\/archivos\/739\",\"url\":\"https:\/\/mariachappuis.com\/blog\/archivos\/739\",\"name\":\"Demandas de AMSA y Barrick contra Pakist\u00e1n se activar\u00edan a mediados de 2014\",\"isPartOf\":{\"@id\":\"https:\/\/mariachappuis.com\/blog\/#website\"},\"primaryImageOfPage\":{\"@id\":\"https:\/\/mariachappuis.com\/blog\/archivos\/739#primaryimage\"},\"image\":{\"@id\":\"https:\/\/mariachappuis.com\/blog\/archivos\/739#primaryimage\"},\"thumbnailUrl\":\"http:\/\/www.mariachappuis.com\/blog\/wp-content\/uploads\/2013\/09\/reko.jpg\",\"datePublished\":\"2013-09-01T21:57:56+00:00\",\"dateModified\":\"2017-03-18T06:36:55+00:00\",\"description\":\"A trav\u00e9s de Tethyan Copper ambas exigir\u00e1n indemnizaciones por rev\u00e9s en proyecto Reko Diq: El gobierno tiene plazo hasta fines de septiembre para presentar\",\"breadcrumb\":{\"@id\":\"https:\/\/mariachappuis.com\/blog\/archivos\/739#breadcrumb\"},\"inLanguage\":\"es\",\"potentialAction\":[{\"@type\":\"ReadAction\",\"target\":[\"https:\/\/mariachappuis.com\/blog\/archivos\/739\"]}]},{\"@type\":\"ImageObject\",\"inLanguage\":\"es\",\"@id\":\"https:\/\/mariachappuis.com\/blog\/archivos\/739#primaryimage\",\"url\":\"http:\/\/www.mariachappuis.com\/blog\/wp-content\/uploads\/2013\/09\/reko.jpg\",\"contentUrl\":\"http:\/\/www.mariachappuis.com\/blog\/wp-content\/uploads\/2013\/09\/reko.jpg\"},{\"@type\":\"BreadcrumbList\",\"@id\":\"https:\/\/mariachappuis.com\/blog\/archivos\/739#breadcrumb\",\"itemListElement\":[{\"@type\":\"ListItem\",\"position\":1,\"name\":\"Portada\",\"item\":\"https:\/\/mariachappuis.com\/blog\"},{\"@type\":\"ListItem\",\"position\":2,\"name\":\"Demandas de AMSA y Barrick contra Pakist\u00e1n se activar\u00edan a mediados de 2014\"}]},{\"@type\":\"WebSite\",\"@id\":\"https:\/\/mariachappuis.com\/blog\/#website\",\"url\":\"https:\/\/mariachappuis.com\/blog\/\",\"name\":\"Marita Chappuis\",\"description\":\"An\u00e1lisis y Comentarios\",\"publisher\":{\"@id\":\"https:\/\/mariachappuis.com\/blog\/#\/schema\/person\/8de0bece2913b35ac8b590fc9ac6dda5\"},\"alternateName\":\"Marita Chappuis\",\"potentialAction\":[{\"@type\":\"SearchAction\",\"target\":{\"@type\":\"EntryPoint\",\"urlTemplate\":\"https:\/\/mariachappuis.com\/blog\/?s={search_term_string}\"},\"query-input\":{\"@type\":\"PropertyValueSpecification\",\"valueRequired\":true,\"valueName\":\"search_term_string\"}}],\"inLanguage\":\"es\"},{\"@type\":[\"Person\",\"Organization\"],\"@id\":\"https:\/\/mariachappuis.com\/blog\/#\/schema\/person\/8de0bece2913b35ac8b590fc9ac6dda5\",\"name\":\"Marita Chappuis\",\"image\":{\"@type\":\"ImageObject\",\"inLanguage\":\"es\",\"@id\":\"https:\/\/mariachappuis.com\/blog\/wp-content\/uploads\/2024\/01\/cropped-3333.jpg\",\"url\":\"https:\/\/mariachappuis.com\/blog\/wp-content\/uploads\/2024\/01\/cropped-3333.jpg\",\"contentUrl\":\"https:\/\/mariachappuis.com\/blog\/wp-content\/uploads\/2024\/01\/cropped-3333.jpg\",\"width\":512,\"height\":512,\"caption\":\"Marita Chappuis\"},\"logo\":{\"@id\":\"https:\/\/mariachappuis.com\/blog\/wp-content\/uploads\/2024\/01\/cropped-3333.jpg\"}}]}<\/script>\n<!-- \/ Yoast SEO plugin. -->","yoast_head_json":{"title":"Demandas de AMSA y Barrick contra Pakist\u00e1n se activar\u00edan a mediados de 2014","description":"A trav\u00e9s de Tethyan Copper ambas exigir\u00e1n indemnizaciones por rev\u00e9s en proyecto Reko Diq: El gobierno tiene plazo hasta fines de septiembre para presentar","robots":{"index":"index","follow":"follow","max-snippet":"max-snippet:-1","max-image-preview":"max-image-preview:large","max-video-preview":"max-video-preview:-1"},"canonical":"https:\/\/mariachappuis.com\/blog\/archivos\/739","og_locale":"es_ES","og_type":"article","og_title":"Demandas de AMSA y Barrick contra Pakist\u00e1n se activar\u00edan a mediados de 2014","og_description":"A trav\u00e9s de Tethyan Copper ambas exigir\u00e1n indemnizaciones por rev\u00e9s en proyecto Reko Diq: El gobierno tiene plazo hasta fines de septiembre para presentar","og_url":"https:\/\/mariachappuis.com\/blog\/archivos\/739","og_site_name":"Maria Chappuis","article_published_time":"2013-09-01T21:57:56+00:00","article_modified_time":"2017-03-18T06:36:55+00:00","og_image":[{"width":359,"height":269,"url":"https:\/\/mariachappuis.com\/blog\/wp-content\/uploads\/2013\/09\/reko.jpg","type":"image\/jpeg"}],"author":"Marita Chappuis","twitter_card":"summary_large_image","twitter_misc":{"Escrito por":"Marita Chappuis","Tiempo de lectura":"3 minutos"},"schema":{"@context":"https:\/\/schema.org","@graph":[{"@type":"Article","@id":"https:\/\/mariachappuis.com\/blog\/archivos\/739#article","isPartOf":{"@id":"https:\/\/mariachappuis.com\/blog\/archivos\/739"},"author":{"name":"Marita Chappuis","@id":"https:\/\/mariachappuis.com\/blog\/#\/schema\/person\/8de0bece2913b35ac8b590fc9ac6dda5"},"headline":"Demandas de AMSA y Barrick contra Pakist\u00e1n se activar\u00edan a mediados de 2014","datePublished":"2013-09-01T21:57:56+00:00","dateModified":"2017-03-18T06:36:55+00:00","mainEntityOfPage":{"@id":"https:\/\/mariachappuis.com\/blog\/archivos\/739"},"wordCount":531,"publisher":{"@id":"https:\/\/mariachappuis.com\/blog\/#\/schema\/person\/8de0bece2913b35ac8b590fc9ac6dda5"},"image":{"@id":"https:\/\/mariachappuis.com\/blog\/archivos\/739#primaryimage"},"thumbnailUrl":"http:\/\/www.mariachappuis.com\/blog\/wp-content\/uploads\/2013\/09\/reko.jpg","articleSection":["General"],"inLanguage":"es"},{"@type":"WebPage","@id":"https:\/\/mariachappuis.com\/blog\/archivos\/739","url":"https:\/\/mariachappuis.com\/blog\/archivos\/739","name":"Demandas de AMSA y Barrick contra Pakist\u00e1n se activar\u00edan a mediados de 2014","isPartOf":{"@id":"https:\/\/mariachappuis.com\/blog\/#website"},"primaryImageOfPage":{"@id":"https:\/\/mariachappuis.com\/blog\/archivos\/739#primaryimage"},"image":{"@id":"https:\/\/mariachappuis.com\/blog\/archivos\/739#primaryimage"},"thumbnailUrl":"http:\/\/www.mariachappuis.com\/blog\/wp-content\/uploads\/2013\/09\/reko.jpg","datePublished":"2013-09-01T21:57:56+00:00","dateModified":"2017-03-18T06:36:55+00:00","description":"A trav\u00e9s de Tethyan Copper ambas exigir\u00e1n indemnizaciones por rev\u00e9s en proyecto Reko Diq: El gobierno tiene plazo hasta fines de septiembre para presentar","breadcrumb":{"@id":"https:\/\/mariachappuis.com\/blog\/archivos\/739#breadcrumb"},"inLanguage":"es","potentialAction":[{"@type":"ReadAction","target":["https:\/\/mariachappuis.com\/blog\/archivos\/739"]}]},{"@type":"ImageObject","inLanguage":"es","@id":"https:\/\/mariachappuis.com\/blog\/archivos\/739#primaryimage","url":"http:\/\/www.mariachappuis.com\/blog\/wp-content\/uploads\/2013\/09\/reko.jpg","contentUrl":"http:\/\/www.mariachappuis.com\/blog\/wp-content\/uploads\/2013\/09\/reko.jpg"},{"@type":"BreadcrumbList","@id":"https:\/\/mariachappuis.com\/blog\/archivos\/739#breadcrumb","itemListElement":[{"@type":"ListItem","position":1,"name":"Portada","item":"https:\/\/mariachappuis.com\/blog"},{"@type":"ListItem","position":2,"name":"Demandas de AMSA y Barrick contra Pakist\u00e1n se activar\u00edan a mediados de 2014"}]},{"@type":"WebSite","@id":"https:\/\/mariachappuis.com\/blog\/#website","url":"https:\/\/mariachappuis.com\/blog\/","name":"Marita Chappuis","description":"An\u00e1lisis y Comentarios","publisher":{"@id":"https:\/\/mariachappuis.com\/blog\/#\/schema\/person\/8de0bece2913b35ac8b590fc9ac6dda5"},"alternateName":"Marita Chappuis","potentialAction":[{"@type":"SearchAction","target":{"@type":"EntryPoint","urlTemplate":"https:\/\/mariachappuis.com\/blog\/?s={search_term_string}"},"query-input":{"@type":"PropertyValueSpecification","valueRequired":true,"valueName":"search_term_string"}}],"inLanguage":"es"},{"@type":["Person","Organization"],"@id":"https:\/\/mariachappuis.com\/blog\/#\/schema\/person\/8de0bece2913b35ac8b590fc9ac6dda5","name":"Marita Chappuis","image":{"@type":"ImageObject","inLanguage":"es","@id":"https:\/\/mariachappuis.com\/blog\/wp-content\/uploads\/2024\/01\/cropped-3333.jpg","url":"https:\/\/mariachappuis.com\/blog\/wp-content\/uploads\/2024\/01\/cropped-3333.jpg","contentUrl":"https:\/\/mariachappuis.com\/blog\/wp-content\/uploads\/2024\/01\/cropped-3333.jpg","width":512,"height":512,"caption":"Marita Chappuis"},"logo":{"@id":"https:\/\/mariachappuis.com\/blog\/wp-content\/uploads\/2024\/01\/cropped-3333.jpg"}}]}},"_links":{"self":[{"href":"https:\/\/mariachappuis.com\/blog\/wp-json\/wp\/v2\/posts\/739","targetHints":{"allow":["GET"]}}],"collection":[{"href":"https:\/\/mariachappuis.com\/blog\/wp-json\/wp\/v2\/posts"}],"about":[{"href":"https:\/\/mariachappuis.com\/blog\/wp-json\/wp\/v2\/types\/post"}],"author":[{"embeddable":true,"href":"https:\/\/mariachappuis.com\/blog\/wp-json\/wp\/v2\/users\/1"}],"replies":[{"embeddable":true,"href":"https:\/\/mariachappuis.com\/blog\/wp-json\/wp\/v2\/comments?post=739"}],"version-history":[{"count":3,"href":"https:\/\/mariachappuis.com\/blog\/wp-json\/wp\/v2\/posts\/739\/revisions"}],"predecessor-version":[{"id":1942,"href":"https:\/\/mariachappuis.com\/blog\/wp-json\/wp\/v2\/posts\/739\/revisions\/1942"}],"wp:attachment":[{"href":"https:\/\/mariachappuis.com\/blog\/wp-json\/wp\/v2\/media?parent=739"}],"wp:term":[{"taxonomy":"category","embeddable":true,"href":"https:\/\/mariachappuis.com\/blog\/wp-json\/wp\/v2\/categories?post=739"},{"taxonomy":"post_tag","embeddable":true,"href":"https:\/\/mariachappuis.com\/blog\/wp-json\/wp\/v2\/tags?post=739"}],"curies":[{"name":"wp","href":"https:\/\/api.w.org\/{rel}","templated":true}]}}