{"id":7,"date":"2007-10-01T03:17:33","date_gmt":"2007-10-01T03:17:33","guid":{"rendered":"http:\/\/www.mariachappuis.com\/blog\/?p=7"},"modified":"2017-03-18T00:07:02","modified_gmt":"2017-03-18T05:07:02","slug":"especial-congreso-internacional-de-mujeres-mineras","status":"publish","type":"post","link":"https:\/\/mariachappuis.com\/blog\/archivos\/7","title":{"rendered":"Especial Congreso Internacional de Mujeres Mineras"},"content":{"rendered":"<p><strong>El feo recuerdo que nos dejas<\/strong><\/p>\n<p><strong>La problem\u00e1tica en torno a la remediaci\u00f3n de los pasivos ambientales mineros<\/strong><\/p>\n<p align=\"right\">Por Mar\u00eda Chappuis<\/p>\n<p align=\"justify\">Pese a que existen normas que responsabilizan a los titulares mineros de los da\u00f1os que sus actividades causan al medioambiente, el desconocimiento \u2013lindando con la desidia en algunos casos- ha evitado que se priorice la vigilancia sobre el dise\u00f1o, los efluentes y la rehabilitaci\u00f3n de las minas una vez que dejan de operar. De hecho, los reclamos de la sociedad civil al respecto no son recientes y han degenerado incluso en violentos enfrentamientos. Basta recordar lo ocurrido en los a\u00f1os treinta con la mina Tamboraque, cuando una poblaci\u00f3n enardecida por los humos arsenicales atac\u00f3 la peque\u00f1a fundici\u00f3n ubicada en las nacientes del r\u00edo R\u00edmac.<!--more--><\/p>\n<p align=\"justify\">Como se recuerda, en 1993 el Ministerio de Energ\u00eda y Minas (Minem) dict\u00f3 una serie de normas exigiendo estudios de impacto ambiental para los nuevos proyectos y programas de adecuaci\u00f3n -de plazo perentorio- para las operaciones en actividad. Lamentablemente, los ciclos de precios bajos obligaron a numerosas empresas mineras a abandonar sus labores, As\u00ed muchas minas quedaron paralizadas sin haberse realizado obras para impedir el colapso de las presas que albergaban sus residuos o que conten\u00edan las aguas \u00e1cidas que por lo general discurren de alg\u00fan \u00e1rea mineralizada descubierta.<\/p>\n<p align=\"justify\">Esto es lo que se denomina com\u00fanmente un \u201cpasivo ambiental minero\u201d. \u00c9stos se encuentran en diversas magnitudes por la costa y sierra del Per\u00fa, pero lo m\u00e1s problem\u00e1tico es que en muchos casos no se sabe qui\u00e9nes fueron sus autores y, por tanto, no hay c\u00f3mo exigirles una reparaci\u00f3n.<\/p>\n<p align=\"justify\"><strong>\u00bfCu\u00e1n grave es la situaci\u00f3n?<\/strong><\/p>\n<p align=\"justify\">Hace tres a\u00f1os el Minem identific\u00f3 611 pasivos ambientales mineros. Sin embargo, una \u00faltima actualizaci\u00f3n elev\u00f3 la cifra a 850, concentrando \u00c1ncash, Puno, Ayacucho y Huancavelica el mayor n\u00famero de \u00e9stos. No obstante, la dificultad para medir las \u00e1reas impactadas as\u00ed como la intensidad del da\u00f1o causado impiden conocer la real envergadura de estos \u00faltimos.<\/p>\n<p align=\"justify\">Por lo pronto, se ha estimado que la rehabilitaci\u00f3n de los pasivos ambientales mineros de responsables desconocidos demandar\u00e1 a los contribuyentes peruanos por lo menos US$700 millones, aunque el car\u00e1cter estimativo de los estudios realizados y la lentitud en la implementaci\u00f3n de medidas podr\u00edan elevar a\u00fan m\u00e1s esta cifra. Cabe indicar que, seg\u00fan la ley que regula los pasivos ambientales mineros, \u00e9stos deben ser asumidos progresivamente por el Estado, estando encargado el Fondo Nacional del Ambiente (Fonam) de captar los recursos necesarios para su remediaci\u00f3n.<\/p>\n<p align=\"justify\">Es importante recalcar que cuando el Estado vendi\u00f3 los activos mineros de Centromin en m\u00e1s de US$1,800 millones, se reserv\u00f3 la obligaci\u00f3n de remediar los impactos ambientales de estos \u00faltimos, con una inversi\u00f3n estimada en US$100 millones. Sin embargo, algunas decisiones desafortunadas que se adoptaron luego, como limitar los aportes del Estado para cubrir necesidades fiscales o la inaudita \u201cprivatizaci\u00f3n\u201d de pasivos que emprendi\u00f3 Proinversi\u00f3n y su posterior transferencia al Minem, s\u00f3lo restaron tiempo y recursos frente a lo que pudo haber sido un Estado dando el ejemplo sobre responsabilidad ambiental.<\/p>\n<p align=\"justify\"><strong>\u00bfQu\u00e9 se est\u00e1 haciendo?<\/strong><\/p>\n<p align=\"justify\">En ese contexto, cuando los precios de los metales comenzaron a subir y reapareci\u00f3 la exploraci\u00f3n extensivamente en el pa\u00eds, algunos pasivos ambientales quedaron dentro del \u00e1rea de nuevas propiedades mineras, cuyos inversionistas decidieron remediar aun cuando esto no era de su responsabilidad y sin esperar recibir a cambio los Bonos de Responsabilidad Social Ambiental que ofrec\u00eda la ley.<\/p>\n<p align=\"justify\">Tal es el caso de Barrick en Alto Chicama y de Xstrata en Las Bambas. El proyecto cupr\u00edfero Toromocho, de Peru Copper, ha ofrecido un planteamiento similar con respecto a las aguas \u00e1cidas del t\u00fanel Kingsmill, que piensa reutilizar. Por otro lado, como parte de su pol\u00edtica de responsabilidad social, empresas como Buenaventura, Goldfields y Yanacocha decidieron aportar al Fonam recursos para remediar la cuenca del Llaucano en Hualgayoc.<\/p>\n<p align=\"justify\">Desafortunadamente, quedan en el pa\u00eds numerosos pasivos ambientales mineros, la mayor\u00eda de ellos originados por peque\u00f1os productores que usan mercurio sin ning\u00fan control. As\u00ed, obtienen oro a costa de contaminar r\u00edos y cuencas, siendo el mercurio el elemento m\u00e1s dif\u00edcil de mitigar ambientalmente por su capacidad para afectar \u00e1reas lejanas. Recientemente una informaci\u00f3n period\u00edstica -sin confirmar- alertaba sobre presencia de mercurio en embarques de esp\u00e1rragos y harina de pescado devueltos.<\/p>\n<p align=\"justify\"><strong>\u00bfQu\u00e9 debe hacer el Estado?<\/strong><\/p>\n<ul>\n<li>\n<div><strong>Ser ejemplo:<\/strong> no malgastar recursos p\u00fablicos en emprendimientos \u201cimaginativos\u201d, que por su mala concepci\u00f3n est\u00e1n destinados irremediablemente al fracaso. En esa l\u00ednea, no tiene sentido que el Minem busque remediar los pasivos ambientales de Centromin -al que quiere desaparecer, pero para fortalecer la nueva \u201cActivos Mineros SA\u201d- abriendo una cuenta denominada \u201cFideicomiso Ambiental\u201d, olvid\u00e1ndose que es un ente normativo y que esta alternativa -que s\u00f3lo favorecer\u00e1 la creaci\u00f3n de m\u00e1s burocracia-, lo puede llevar a paradojas como tener que multarse a s\u00ed mismo.<\/div>\n<\/li>\n<li>\n<div><strong>No permitir m\u00e1s pasivos:<\/strong> la promoci\u00f3n de un cambio de conducta, que incentive las \u201cbuenas pr\u00e1cticas\u201d y la vigilancia cabal no s\u00f3lo de parte del Estado sino tambi\u00e9n de los gremios mineros y la sociedad civil, impedir\u00e1 que se gesten nuevos pasivos, y as\u00ed nuevas obligaciones para los peruanos.\u00a0Se debe aprovechar el actual ciclo de precios altos para dise\u00f1ar y construir instalaciones que reduzcan los impactos ambientales y los costos de limpieza al cierre de la mina o fundici\u00f3n, seg\u00fan sea el caso. Tambi\u00e9n es importante ejecutar un programa efectivo de formalizaci\u00f3n de la miner\u00eda ilegal, que por usar indiscriminadamente mercurio y cianuro viene generando serios problemas que ser\u00e1 muy costoso remediar en su momento.<\/div>\n<\/li>\n<li>\n<div><strong>Redefinir las tareas de Fonam:<\/strong> para que se enfoque en la b\u00fasqueda de financiamiento dentro del pa\u00eds en lugar de participar en la ejecuci\u00f3n t\u00e9cnica de la remediaci\u00f3n de los pasivos. Esto, a fin de asegurar la permanencia del esfuerzo. En este sentido, deber\u00eda replicarse la experiencia alemana -el mayor esfuerzo mundial realizado con un presupuesto superior a US$6,000 millones en 15 a\u00f1os-, cuyo \u00e9xito radica en ser dirigido por un comit\u00e9 ejecutivo integrado por representantes del gobierno central y regional, que buscan aportes dentro de sus presupuestos, mientras que la ejecuci\u00f3n t\u00e9cnica est\u00e1 a cargo a LMBV, la antigua minera estatal.<\/div>\n<\/li>\n<li>\n<div><strong>Asegurar la defensa del Estado:<\/strong> ante posiciones como la de Doe Run Per\u00fa que pretende que Centromin asuma la remediaci\u00f3n de las \u00e1reas que est\u00e1n siendo afectadas por las emisiones que actualmente producen sus operaciones en La Oroya, hasta que concluya su Programa de Adecuaci\u00f3n y Manejo Ambiental (Pama) ampliado. Esto, para impedir que se siente el precedente de que \u201cel que contamina no paga\u201d.<\/div>\n<\/li>\n<\/ul>\n<p align=\"justify\">El Per\u00fa tiene ingentes recursos minerales sin explorar, por lo cual es imperioso que no se retrase su desarrollo por la oposici\u00f3n de una poblaci\u00f3n que por generaciones s\u00f3lo vio impunidad frente a reclamos v\u00e1lidos. Los problemas ambientales se solucionar\u00e1n si se favorece la discusi\u00f3n t\u00e9cnica. Pa\u00edses de larga tradici\u00f3n minera como el Per\u00fa han creado centros de excelencia t\u00e9cnica a partir de sus experiencias exitosas, patentando tecnolog\u00edas innovadoras que limpian el ambiente a bajos costos. Tal es el caso del Programa Ambiental para la Neutralizaci\u00f3n de Drenaje de Minas\u00a0(MEND) en Canad\u00e1, el Centro de Rehabilitaci\u00f3n de \u00c1reas Mineras de Australia o su similar en Gran Breta\u00f1a, mientras que Chile ha decidido enfrentar este problema comenzando con un inventario de pasivos ambientales mineros, debidamente categorizado por los riesgos f\u00edsicos y a la salud humana que conlleva cada emplazamiento.<\/p>\n<p align=\"right\">Fuente: semana econ\u00f3mica<\/p>\n","protected":false},"excerpt":{"rendered":"<p>El feo recuerdo que nos dejas La problem\u00e1tica en torno a la remediaci\u00f3n de los pasivos ambientales mineros Por Mar\u00eda Chappuis Pese a que existen normas que responsabilizan a los titulares mineros de los da\u00f1os que sus actividades causan al &hellip; <a href=\"https:\/\/mariachappuis.com\/blog\/archivos\/7\">Sigue leyendo <span class=\"meta-nav\">&rarr;<\/span><\/a><\/p>\n","protected":false},"author":1,"featured_media":0,"comment_status":"closed","ping_status":"closed","sticky":false,"template":"","format":"standard","meta":{"footnotes":""},"categories":[1],"tags":[],"class_list":["post-7","post","type-post","status-publish","format-standard","hentry","category-general"],"yoast_head":"<!-- This site is optimized with the Yoast SEO plugin v27.2 - https:\/\/yoast.com\/product\/yoast-seo-wordpress\/ -->\n<title>Especial Congreso Internacional de Mujeres Mineras<\/title>\n<meta name=\"description\" content=\"El feo recuerdo que nos dejas La problem\u00e1tica en torno a la remediaci\u00f3n de los pasivos ambientales mineros Por Mar\u00eda Chappuis Pese a que existen normas\" \/>\n<meta name=\"robots\" content=\"index, follow, max-snippet:-1, max-image-preview:large, max-video-preview:-1\" \/>\n<link rel=\"canonical\" href=\"https:\/\/mariachappuis.com\/blog\/archivos\/7\" \/>\n<meta property=\"og:locale\" content=\"es_ES\" \/>\n<meta property=\"og:type\" content=\"article\" \/>\n<meta property=\"og:title\" content=\"Especial Congreso Internacional de Mujeres Mineras\" \/>\n<meta property=\"og:description\" content=\"El feo recuerdo que nos dejas La problem\u00e1tica en torno a la remediaci\u00f3n de los pasivos ambientales mineros Por Mar\u00eda Chappuis Pese a que existen normas\" \/>\n<meta property=\"og:url\" content=\"https:\/\/mariachappuis.com\/blog\/archivos\/7\" \/>\n<meta property=\"og:site_name\" content=\"Maria Chappuis\" \/>\n<meta property=\"article:published_time\" content=\"2007-10-01T03:17:33+00:00\" \/>\n<meta property=\"article:modified_time\" content=\"2017-03-18T05:07:02+00:00\" \/>\n<meta property=\"og:image\" content=\"https:\/\/mariachappuis.com\/blog\/wp-content\/uploads\/2024\/01\/cropped-3333.jpg\" \/>\n\t<meta property=\"og:image:width\" content=\"512\" \/>\n\t<meta property=\"og:image:height\" content=\"512\" \/>\n\t<meta property=\"og:image:type\" content=\"image\/jpeg\" \/>\n<meta name=\"author\" content=\"Marita Chappuis\" \/>\n<meta name=\"twitter:card\" content=\"summary_large_image\" \/>\n<meta name=\"twitter:label1\" content=\"Escrito por\" \/>\n\t<meta name=\"twitter:data1\" content=\"Marita Chappuis\" \/>\n\t<meta name=\"twitter:label2\" content=\"Tiempo de lectura\" \/>\n\t<meta name=\"twitter:data2\" content=\"7 minutos\" \/>\n<script type=\"application\/ld+json\" class=\"yoast-schema-graph\">{\"@context\":\"https:\/\/schema.org\",\"@graph\":[{\"@type\":\"Article\",\"@id\":\"https:\/\/mariachappuis.com\/blog\/archivos\/7#article\",\"isPartOf\":{\"@id\":\"https:\/\/mariachappuis.com\/blog\/archivos\/7\"},\"author\":{\"name\":\"Marita Chappuis\",\"@id\":\"https:\/\/mariachappuis.com\/blog\/#\/schema\/person\/8de0bece2913b35ac8b590fc9ac6dda5\"},\"headline\":\"Especial Congreso Internacional de Mujeres Mineras\",\"datePublished\":\"2007-10-01T03:17:33+00:00\",\"dateModified\":\"2017-03-18T05:07:02+00:00\",\"mainEntityOfPage\":{\"@id\":\"https:\/\/mariachappuis.com\/blog\/archivos\/7\"},\"wordCount\":1322,\"publisher\":{\"@id\":\"https:\/\/mariachappuis.com\/blog\/#\/schema\/person\/8de0bece2913b35ac8b590fc9ac6dda5\"},\"articleSection\":[\"General\"],\"inLanguage\":\"es\"},{\"@type\":\"WebPage\",\"@id\":\"https:\/\/mariachappuis.com\/blog\/archivos\/7\",\"url\":\"https:\/\/mariachappuis.com\/blog\/archivos\/7\",\"name\":\"Especial Congreso Internacional de Mujeres Mineras\",\"isPartOf\":{\"@id\":\"https:\/\/mariachappuis.com\/blog\/#website\"},\"datePublished\":\"2007-10-01T03:17:33+00:00\",\"dateModified\":\"2017-03-18T05:07:02+00:00\",\"description\":\"El feo recuerdo que nos dejas La problem\u00e1tica en torno a la remediaci\u00f3n de los pasivos ambientales mineros Por Mar\u00eda Chappuis Pese a que existen normas\",\"breadcrumb\":{\"@id\":\"https:\/\/mariachappuis.com\/blog\/archivos\/7#breadcrumb\"},\"inLanguage\":\"es\",\"potentialAction\":[{\"@type\":\"ReadAction\",\"target\":[\"https:\/\/mariachappuis.com\/blog\/archivos\/7\"]}]},{\"@type\":\"BreadcrumbList\",\"@id\":\"https:\/\/mariachappuis.com\/blog\/archivos\/7#breadcrumb\",\"itemListElement\":[{\"@type\":\"ListItem\",\"position\":1,\"name\":\"Portada\",\"item\":\"https:\/\/mariachappuis.com\/blog\"},{\"@type\":\"ListItem\",\"position\":2,\"name\":\"Especial Congreso Internacional de Mujeres Mineras\"}]},{\"@type\":\"WebSite\",\"@id\":\"https:\/\/mariachappuis.com\/blog\/#website\",\"url\":\"https:\/\/mariachappuis.com\/blog\/\",\"name\":\"Marita Chappuis\",\"description\":\"An\u00e1lisis y Comentarios\",\"publisher\":{\"@id\":\"https:\/\/mariachappuis.com\/blog\/#\/schema\/person\/8de0bece2913b35ac8b590fc9ac6dda5\"},\"alternateName\":\"Marita Chappuis\",\"potentialAction\":[{\"@type\":\"SearchAction\",\"target\":{\"@type\":\"EntryPoint\",\"urlTemplate\":\"https:\/\/mariachappuis.com\/blog\/?s={search_term_string}\"},\"query-input\":{\"@type\":\"PropertyValueSpecification\",\"valueRequired\":true,\"valueName\":\"search_term_string\"}}],\"inLanguage\":\"es\"},{\"@type\":[\"Person\",\"Organization\"],\"@id\":\"https:\/\/mariachappuis.com\/blog\/#\/schema\/person\/8de0bece2913b35ac8b590fc9ac6dda5\",\"name\":\"Marita Chappuis\",\"image\":{\"@type\":\"ImageObject\",\"inLanguage\":\"es\",\"@id\":\"https:\/\/mariachappuis.com\/blog\/wp-content\/uploads\/2024\/01\/cropped-3333.jpg\",\"url\":\"https:\/\/mariachappuis.com\/blog\/wp-content\/uploads\/2024\/01\/cropped-3333.jpg\",\"contentUrl\":\"https:\/\/mariachappuis.com\/blog\/wp-content\/uploads\/2024\/01\/cropped-3333.jpg\",\"width\":512,\"height\":512,\"caption\":\"Marita Chappuis\"},\"logo\":{\"@id\":\"https:\/\/mariachappuis.com\/blog\/wp-content\/uploads\/2024\/01\/cropped-3333.jpg\"}}]}<\/script>\n<!-- \/ Yoast SEO plugin. -->","yoast_head_json":{"title":"Especial Congreso Internacional de Mujeres Mineras","description":"El feo recuerdo que nos dejas La problem\u00e1tica en torno a la remediaci\u00f3n de los pasivos ambientales mineros Por Mar\u00eda Chappuis Pese a que existen normas","robots":{"index":"index","follow":"follow","max-snippet":"max-snippet:-1","max-image-preview":"max-image-preview:large","max-video-preview":"max-video-preview:-1"},"canonical":"https:\/\/mariachappuis.com\/blog\/archivos\/7","og_locale":"es_ES","og_type":"article","og_title":"Especial Congreso Internacional de Mujeres Mineras","og_description":"El feo recuerdo que nos dejas La problem\u00e1tica en torno a la remediaci\u00f3n de los pasivos ambientales mineros Por Mar\u00eda Chappuis Pese a que existen normas","og_url":"https:\/\/mariachappuis.com\/blog\/archivos\/7","og_site_name":"Maria Chappuis","article_published_time":"2007-10-01T03:17:33+00:00","article_modified_time":"2017-03-18T05:07:02+00:00","og_image":[{"width":512,"height":512,"url":"https:\/\/mariachappuis.com\/blog\/wp-content\/uploads\/2024\/01\/cropped-3333.jpg","type":"image\/jpeg"}],"author":"Marita Chappuis","twitter_card":"summary_large_image","twitter_misc":{"Escrito por":"Marita Chappuis","Tiempo de lectura":"7 minutos"},"schema":{"@context":"https:\/\/schema.org","@graph":[{"@type":"Article","@id":"https:\/\/mariachappuis.com\/blog\/archivos\/7#article","isPartOf":{"@id":"https:\/\/mariachappuis.com\/blog\/archivos\/7"},"author":{"name":"Marita Chappuis","@id":"https:\/\/mariachappuis.com\/blog\/#\/schema\/person\/8de0bece2913b35ac8b590fc9ac6dda5"},"headline":"Especial Congreso Internacional de Mujeres Mineras","datePublished":"2007-10-01T03:17:33+00:00","dateModified":"2017-03-18T05:07:02+00:00","mainEntityOfPage":{"@id":"https:\/\/mariachappuis.com\/blog\/archivos\/7"},"wordCount":1322,"publisher":{"@id":"https:\/\/mariachappuis.com\/blog\/#\/schema\/person\/8de0bece2913b35ac8b590fc9ac6dda5"},"articleSection":["General"],"inLanguage":"es"},{"@type":"WebPage","@id":"https:\/\/mariachappuis.com\/blog\/archivos\/7","url":"https:\/\/mariachappuis.com\/blog\/archivos\/7","name":"Especial Congreso Internacional de Mujeres Mineras","isPartOf":{"@id":"https:\/\/mariachappuis.com\/blog\/#website"},"datePublished":"2007-10-01T03:17:33+00:00","dateModified":"2017-03-18T05:07:02+00:00","description":"El feo recuerdo que nos dejas La problem\u00e1tica en torno a la remediaci\u00f3n de los pasivos ambientales mineros Por Mar\u00eda Chappuis Pese a que existen normas","breadcrumb":{"@id":"https:\/\/mariachappuis.com\/blog\/archivos\/7#breadcrumb"},"inLanguage":"es","potentialAction":[{"@type":"ReadAction","target":["https:\/\/mariachappuis.com\/blog\/archivos\/7"]}]},{"@type":"BreadcrumbList","@id":"https:\/\/mariachappuis.com\/blog\/archivos\/7#breadcrumb","itemListElement":[{"@type":"ListItem","position":1,"name":"Portada","item":"https:\/\/mariachappuis.com\/blog"},{"@type":"ListItem","position":2,"name":"Especial Congreso Internacional de Mujeres Mineras"}]},{"@type":"WebSite","@id":"https:\/\/mariachappuis.com\/blog\/#website","url":"https:\/\/mariachappuis.com\/blog\/","name":"Marita Chappuis","description":"An\u00e1lisis y Comentarios","publisher":{"@id":"https:\/\/mariachappuis.com\/blog\/#\/schema\/person\/8de0bece2913b35ac8b590fc9ac6dda5"},"alternateName":"Marita Chappuis","potentialAction":[{"@type":"SearchAction","target":{"@type":"EntryPoint","urlTemplate":"https:\/\/mariachappuis.com\/blog\/?s={search_term_string}"},"query-input":{"@type":"PropertyValueSpecification","valueRequired":true,"valueName":"search_term_string"}}],"inLanguage":"es"},{"@type":["Person","Organization"],"@id":"https:\/\/mariachappuis.com\/blog\/#\/schema\/person\/8de0bece2913b35ac8b590fc9ac6dda5","name":"Marita Chappuis","image":{"@type":"ImageObject","inLanguage":"es","@id":"https:\/\/mariachappuis.com\/blog\/wp-content\/uploads\/2024\/01\/cropped-3333.jpg","url":"https:\/\/mariachappuis.com\/blog\/wp-content\/uploads\/2024\/01\/cropped-3333.jpg","contentUrl":"https:\/\/mariachappuis.com\/blog\/wp-content\/uploads\/2024\/01\/cropped-3333.jpg","width":512,"height":512,"caption":"Marita Chappuis"},"logo":{"@id":"https:\/\/mariachappuis.com\/blog\/wp-content\/uploads\/2024\/01\/cropped-3333.jpg"}}]}},"_links":{"self":[{"href":"https:\/\/mariachappuis.com\/blog\/wp-json\/wp\/v2\/posts\/7","targetHints":{"allow":["GET"]}}],"collection":[{"href":"https:\/\/mariachappuis.com\/blog\/wp-json\/wp\/v2\/posts"}],"about":[{"href":"https:\/\/mariachappuis.com\/blog\/wp-json\/wp\/v2\/types\/post"}],"author":[{"embeddable":true,"href":"https:\/\/mariachappuis.com\/blog\/wp-json\/wp\/v2\/users\/1"}],"replies":[{"embeddable":true,"href":"https:\/\/mariachappuis.com\/blog\/wp-json\/wp\/v2\/comments?post=7"}],"version-history":[{"count":3,"href":"https:\/\/mariachappuis.com\/blog\/wp-json\/wp\/v2\/posts\/7\/revisions"}],"predecessor-version":[{"id":1772,"href":"https:\/\/mariachappuis.com\/blog\/wp-json\/wp\/v2\/posts\/7\/revisions\/1772"}],"wp:attachment":[{"href":"https:\/\/mariachappuis.com\/blog\/wp-json\/wp\/v2\/media?parent=7"}],"wp:term":[{"taxonomy":"category","embeddable":true,"href":"https:\/\/mariachappuis.com\/blog\/wp-json\/wp\/v2\/categories?post=7"},{"taxonomy":"post_tag","embeddable":true,"href":"https:\/\/mariachappuis.com\/blog\/wp-json\/wp\/v2\/tags?post=7"}],"curies":[{"name":"wp","href":"https:\/\/api.w.org\/{rel}","templated":true}]}}