{"id":35,"date":"2008-11-12T03:58:39","date_gmt":"2008-11-12T03:58:39","guid":{"rendered":"http:\/\/www.mariachappuis.com\/blog\/?p=35"},"modified":"2017-03-18T00:07:27","modified_gmt":"2017-03-18T05:07:27","slug":"el-grupo-cinco-minero","status":"publish","type":"post","link":"https:\/\/mariachappuis.com\/blog\/archivos\/35","title":{"rendered":"EL GRUPO CINCO \u2026MINERO"},"content":{"rendered":"<p>Aunque este famoso grupo musical es de Lambayeque, \u00e9sta regi\u00f3n no figura en el \u201cgrupo cinco minero\u201d\u00a0 (Ancash, Cajamarca, Moquegua, Tacna, y Arequipa) que se reparten alrededor del 75% del total del canon a distribuir, que alcanz\u00f3 un total de cinco mil millones de soles el \u00faltimo a\u00f1o. Las autoridades regionales de este\u00a0 \u201cgrupo\u201d tambi\u00e9n han rechazado reclamos de solidaridad\u00a0 o nuevos planteamientos de redistribuci\u00f3n. Es obvio que no est\u00e1n dispuestos a compartir un centavo de este beneficio.<\/p>\n<p>Desde hace 5 a\u00f1os, por el crecimiento de los precios de los metales y el cambio en el porcentaje a repartir (de 20 a 50% del impuesto a la renta) el canon minero registr\u00f3 cifras bastante atractivas, debido principalmente a que la producci\u00f3n nacional de cobre\u00a0 creci\u00f3 al construirse Antamina\u00a0 y ampliarse las producciones de Toquepala, Cuajone, Cerro Verde y Tintaya, minas ubicadas en el territorio del \u201cgrupo\u201d.<!--more--><\/p>\n<p>El Per\u00fa est\u00e1 produciendo el 8% del cobre del mundo pero\u00a0 mientras esto ocurre no se han descubierto nuevas minas o se est\u00e1n construyendo r\u00e1pidamente las que se han encontrado para compensar el agotamiento natural.<\/p>\n<p>Nuestra industria cupr\u00edfera est\u00e1 viviendo del trabajo que los ge\u00f3logos hicieron hace 80 a\u00f1os. El resultado de todo esto es que la perspectiva de crecimiento de producci\u00f3n es baja, lo que es una mala noticia para las regiones que necesitan del canon para construir la infraestructura especialmente h\u00eddrica del que carecen, amenazada por el cambio clim\u00e1tico y\u00a0 reclamada fuertemente por los agricultores.<\/p>\n<p>La mayor parte de los grandes dep\u00f3sitos conocidos en nuestro pa\u00eds se encuentran en zonas lejanas, como es el caso de Las Bambas o tienen desaf\u00edos que vencer como La Granja o Quellaveco. Todos tienen en com\u00fan que son mega-inversiones.<\/p>\n<p>Hoy la discusi\u00f3n es como repartimos el canon equitativamente entre dos regiones, pero ma\u00f1ana el conflicto ser\u00e1 por la falta de canon, que puede ser de consecuencias muy serias porque el MEF tampoco tendr\u00e1 recursos fiscales para \u201ccompensar\u201d esta ca\u00edda, que se estima en por lo menos 40%, que puede ocurrir en plena campa\u00f1a electoral del 2010.<\/p>\n<p>Lo que el gobierno debiera hacer es fomentar la innovaci\u00f3n en hidrometalurgia, la \u00fanica alternativa conocida para la extracci\u00f3n de yacimientos remotos y de leyes m\u00e1s bajas, favoreciendo la instalacion de centros de investigaci\u00f3n como el que quiere construir Rio Tinto en Lambayeque.<\/p>\n<p>Asimismo, se debe buscar mejorar la mala imagen que tiene la miner\u00eda que es vista como una actividad de contaminaci\u00f3n incontrolable. Esta percepci\u00f3n negativa est\u00e1 ocasionando el lento desarrollo de las nuevas inversiones; se justifique la desidia de algunas autoridades y se escuchen voces \u201csalom\u00f3nicas\u201d que sugieren una \u201ccompensaci\u00f3n\u201d por contaminaci\u00f3n, o que la \u201ccomunidad\u201d se pronuncie.<\/p>\n<p>Varios proyectos que tiene nuestro pa\u00eds en cartera est\u00e1n auspiciados por empresas mineras l\u00edderes mundiales en desempe\u00f1o ambiental, de est\u00e1ndares superiores a la mayor\u00eda de operadores actuales. La vigilancia ambiental no puede estar en manos de autoridades que no est\u00e1n dispuestos a hacer cumplir las leyes. El da\u00f1o ambiental causa impactos en la salud por lo tanto no cabe \u201ccompensaciones\u201d ni \u201cvista gorda\u201d, ni pronunciamiento de comunidad \u201cconvencida\u201d por una empresa o por una ONG. Debe ser una decisi\u00f3n colegiada de los estamentos estatales involucrados sustentada por rigurosos informes t\u00e9cnicos. Este tipo de decisiones har\u00e1n que nuestro pa\u00eds se convierta en el pa\u00eds minero de tecnolog\u00eda de punta, ambientalmente segura, generadora de renta para las regiones y que espantemos a la inversi\u00f3n de baja calidad que solo causa terror a los agricultores.<\/p>\n","protected":false},"excerpt":{"rendered":"<p>Aunque este famoso grupo musical es de Lambayeque, \u00e9sta regi\u00f3n no figura en el \u201cgrupo cinco minero\u201d\u00a0 (Ancash, Cajamarca, Moquegua, Tacna, y Arequipa) que se reparten alrededor del 75% del total del canon a distribuir, que alcanz\u00f3 un total de &hellip; <a href=\"https:\/\/mariachappuis.com\/blog\/archivos\/35\">Sigue leyendo <span class=\"meta-nav\">&rarr;<\/span><\/a><\/p>\n","protected":false},"author":1,"featured_media":0,"comment_status":"closed","ping_status":"closed","sticky":false,"template":"","format":"standard","meta":{"footnotes":""},"categories":[1],"tags":[],"class_list":["post-35","post","type-post","status-publish","format-standard","hentry","category-general"],"yoast_head":"<!-- This site is optimized with the Yoast SEO plugin v27.2 - https:\/\/yoast.com\/product\/yoast-seo-wordpress\/ -->\n<title>EL GRUPO CINCO \u2026MINERO<\/title>\n<meta name=\"description\" content=\"Aunque este famoso grupo musical es de Lambayeque, \u00e9sta regi\u00f3n no figura en el \u201cgrupo cinco minero\u201d\u00a0 (Ancash, Cajamarca, Moquegua, Tacna, y Arequipa) que\" \/>\n<meta name=\"robots\" content=\"index, follow, max-snippet:-1, max-image-preview:large, max-video-preview:-1\" \/>\n<link rel=\"canonical\" href=\"https:\/\/mariachappuis.com\/blog\/archivos\/35\" \/>\n<meta property=\"og:locale\" content=\"es_ES\" \/>\n<meta property=\"og:type\" content=\"article\" \/>\n<meta property=\"og:title\" content=\"EL GRUPO CINCO \u2026MINERO\" \/>\n<meta property=\"og:description\" content=\"Aunque este famoso grupo musical es de Lambayeque, \u00e9sta regi\u00f3n no figura en el \u201cgrupo cinco minero\u201d\u00a0 (Ancash, Cajamarca, Moquegua, Tacna, y Arequipa) que\" \/>\n<meta property=\"og:url\" content=\"https:\/\/mariachappuis.com\/blog\/archivos\/35\" \/>\n<meta property=\"og:site_name\" content=\"Maria Chappuis\" \/>\n<meta property=\"article:published_time\" content=\"2008-11-12T03:58:39+00:00\" \/>\n<meta property=\"article:modified_time\" content=\"2017-03-18T05:07:27+00:00\" \/>\n<meta property=\"og:image\" content=\"https:\/\/mariachappuis.com\/blog\/wp-content\/uploads\/2024\/01\/cropped-3333.jpg\" \/>\n\t<meta property=\"og:image:width\" content=\"512\" \/>\n\t<meta property=\"og:image:height\" content=\"512\" \/>\n\t<meta property=\"og:image:type\" content=\"image\/jpeg\" \/>\n<meta name=\"author\" content=\"Marita Chappuis\" \/>\n<meta name=\"twitter:card\" content=\"summary_large_image\" \/>\n<meta name=\"twitter:label1\" content=\"Escrito por\" \/>\n\t<meta name=\"twitter:data1\" content=\"Marita Chappuis\" \/>\n\t<meta name=\"twitter:label2\" content=\"Tiempo de lectura\" \/>\n\t<meta name=\"twitter:data2\" content=\"3 minutos\" \/>\n<script type=\"application\/ld+json\" class=\"yoast-schema-graph\">{\"@context\":\"https:\/\/schema.org\",\"@graph\":[{\"@type\":\"Article\",\"@id\":\"https:\/\/mariachappuis.com\/blog\/archivos\/35#article\",\"isPartOf\":{\"@id\":\"https:\/\/mariachappuis.com\/blog\/archivos\/35\"},\"author\":{\"name\":\"Marita Chappuis\",\"@id\":\"https:\/\/mariachappuis.com\/blog\/#\/schema\/person\/8de0bece2913b35ac8b590fc9ac6dda5\"},\"headline\":\"EL GRUPO CINCO \u2026MINERO\",\"datePublished\":\"2008-11-12T03:58:39+00:00\",\"dateModified\":\"2017-03-18T05:07:27+00:00\",\"mainEntityOfPage\":{\"@id\":\"https:\/\/mariachappuis.com\/blog\/archivos\/35\"},\"wordCount\":616,\"publisher\":{\"@id\":\"https:\/\/mariachappuis.com\/blog\/#\/schema\/person\/8de0bece2913b35ac8b590fc9ac6dda5\"},\"articleSection\":[\"General\"],\"inLanguage\":\"es\"},{\"@type\":\"WebPage\",\"@id\":\"https:\/\/mariachappuis.com\/blog\/archivos\/35\",\"url\":\"https:\/\/mariachappuis.com\/blog\/archivos\/35\",\"name\":\"EL GRUPO CINCO \u2026MINERO\",\"isPartOf\":{\"@id\":\"https:\/\/mariachappuis.com\/blog\/#website\"},\"datePublished\":\"2008-11-12T03:58:39+00:00\",\"dateModified\":\"2017-03-18T05:07:27+00:00\",\"description\":\"Aunque este famoso grupo musical es de Lambayeque, \u00e9sta regi\u00f3n no figura en el \u201cgrupo cinco minero\u201d\u00a0 (Ancash, Cajamarca, Moquegua, Tacna, y Arequipa) que\",\"breadcrumb\":{\"@id\":\"https:\/\/mariachappuis.com\/blog\/archivos\/35#breadcrumb\"},\"inLanguage\":\"es\",\"potentialAction\":[{\"@type\":\"ReadAction\",\"target\":[\"https:\/\/mariachappuis.com\/blog\/archivos\/35\"]}]},{\"@type\":\"BreadcrumbList\",\"@id\":\"https:\/\/mariachappuis.com\/blog\/archivos\/35#breadcrumb\",\"itemListElement\":[{\"@type\":\"ListItem\",\"position\":1,\"name\":\"Portada\",\"item\":\"https:\/\/mariachappuis.com\/blog\"},{\"@type\":\"ListItem\",\"position\":2,\"name\":\"EL GRUPO CINCO \u2026MINERO\"}]},{\"@type\":\"WebSite\",\"@id\":\"https:\/\/mariachappuis.com\/blog\/#website\",\"url\":\"https:\/\/mariachappuis.com\/blog\/\",\"name\":\"Marita Chappuis\",\"description\":\"An\u00e1lisis y Comentarios\",\"publisher\":{\"@id\":\"https:\/\/mariachappuis.com\/blog\/#\/schema\/person\/8de0bece2913b35ac8b590fc9ac6dda5\"},\"alternateName\":\"Marita Chappuis\",\"potentialAction\":[{\"@type\":\"SearchAction\",\"target\":{\"@type\":\"EntryPoint\",\"urlTemplate\":\"https:\/\/mariachappuis.com\/blog\/?s={search_term_string}\"},\"query-input\":{\"@type\":\"PropertyValueSpecification\",\"valueRequired\":true,\"valueName\":\"search_term_string\"}}],\"inLanguage\":\"es\"},{\"@type\":[\"Person\",\"Organization\"],\"@id\":\"https:\/\/mariachappuis.com\/blog\/#\/schema\/person\/8de0bece2913b35ac8b590fc9ac6dda5\",\"name\":\"Marita Chappuis\",\"image\":{\"@type\":\"ImageObject\",\"inLanguage\":\"es\",\"@id\":\"https:\/\/mariachappuis.com\/blog\/wp-content\/uploads\/2024\/01\/cropped-3333.jpg\",\"url\":\"https:\/\/mariachappuis.com\/blog\/wp-content\/uploads\/2024\/01\/cropped-3333.jpg\",\"contentUrl\":\"https:\/\/mariachappuis.com\/blog\/wp-content\/uploads\/2024\/01\/cropped-3333.jpg\",\"width\":512,\"height\":512,\"caption\":\"Marita Chappuis\"},\"logo\":{\"@id\":\"https:\/\/mariachappuis.com\/blog\/wp-content\/uploads\/2024\/01\/cropped-3333.jpg\"}}]}<\/script>\n<!-- \/ Yoast SEO plugin. -->","yoast_head_json":{"title":"EL GRUPO CINCO \u2026MINERO","description":"Aunque este famoso grupo musical es de Lambayeque, \u00e9sta regi\u00f3n no figura en el \u201cgrupo cinco minero\u201d\u00a0 (Ancash, Cajamarca, Moquegua, Tacna, y Arequipa) que","robots":{"index":"index","follow":"follow","max-snippet":"max-snippet:-1","max-image-preview":"max-image-preview:large","max-video-preview":"max-video-preview:-1"},"canonical":"https:\/\/mariachappuis.com\/blog\/archivos\/35","og_locale":"es_ES","og_type":"article","og_title":"EL GRUPO CINCO \u2026MINERO","og_description":"Aunque este famoso grupo musical es de Lambayeque, \u00e9sta regi\u00f3n no figura en el \u201cgrupo cinco minero\u201d\u00a0 (Ancash, Cajamarca, Moquegua, Tacna, y Arequipa) que","og_url":"https:\/\/mariachappuis.com\/blog\/archivos\/35","og_site_name":"Maria Chappuis","article_published_time":"2008-11-12T03:58:39+00:00","article_modified_time":"2017-03-18T05:07:27+00:00","og_image":[{"width":512,"height":512,"url":"https:\/\/mariachappuis.com\/blog\/wp-content\/uploads\/2024\/01\/cropped-3333.jpg","type":"image\/jpeg"}],"author":"Marita Chappuis","twitter_card":"summary_large_image","twitter_misc":{"Escrito por":"Marita Chappuis","Tiempo de lectura":"3 minutos"},"schema":{"@context":"https:\/\/schema.org","@graph":[{"@type":"Article","@id":"https:\/\/mariachappuis.com\/blog\/archivos\/35#article","isPartOf":{"@id":"https:\/\/mariachappuis.com\/blog\/archivos\/35"},"author":{"name":"Marita Chappuis","@id":"https:\/\/mariachappuis.com\/blog\/#\/schema\/person\/8de0bece2913b35ac8b590fc9ac6dda5"},"headline":"EL GRUPO CINCO \u2026MINERO","datePublished":"2008-11-12T03:58:39+00:00","dateModified":"2017-03-18T05:07:27+00:00","mainEntityOfPage":{"@id":"https:\/\/mariachappuis.com\/blog\/archivos\/35"},"wordCount":616,"publisher":{"@id":"https:\/\/mariachappuis.com\/blog\/#\/schema\/person\/8de0bece2913b35ac8b590fc9ac6dda5"},"articleSection":["General"],"inLanguage":"es"},{"@type":"WebPage","@id":"https:\/\/mariachappuis.com\/blog\/archivos\/35","url":"https:\/\/mariachappuis.com\/blog\/archivos\/35","name":"EL GRUPO CINCO \u2026MINERO","isPartOf":{"@id":"https:\/\/mariachappuis.com\/blog\/#website"},"datePublished":"2008-11-12T03:58:39+00:00","dateModified":"2017-03-18T05:07:27+00:00","description":"Aunque este famoso grupo musical es de Lambayeque, \u00e9sta regi\u00f3n no figura en el \u201cgrupo cinco minero\u201d\u00a0 (Ancash, Cajamarca, Moquegua, Tacna, y Arequipa) que","breadcrumb":{"@id":"https:\/\/mariachappuis.com\/blog\/archivos\/35#breadcrumb"},"inLanguage":"es","potentialAction":[{"@type":"ReadAction","target":["https:\/\/mariachappuis.com\/blog\/archivos\/35"]}]},{"@type":"BreadcrumbList","@id":"https:\/\/mariachappuis.com\/blog\/archivos\/35#breadcrumb","itemListElement":[{"@type":"ListItem","position":1,"name":"Portada","item":"https:\/\/mariachappuis.com\/blog"},{"@type":"ListItem","position":2,"name":"EL GRUPO CINCO \u2026MINERO"}]},{"@type":"WebSite","@id":"https:\/\/mariachappuis.com\/blog\/#website","url":"https:\/\/mariachappuis.com\/blog\/","name":"Marita Chappuis","description":"An\u00e1lisis y Comentarios","publisher":{"@id":"https:\/\/mariachappuis.com\/blog\/#\/schema\/person\/8de0bece2913b35ac8b590fc9ac6dda5"},"alternateName":"Marita Chappuis","potentialAction":[{"@type":"SearchAction","target":{"@type":"EntryPoint","urlTemplate":"https:\/\/mariachappuis.com\/blog\/?s={search_term_string}"},"query-input":{"@type":"PropertyValueSpecification","valueRequired":true,"valueName":"search_term_string"}}],"inLanguage":"es"},{"@type":["Person","Organization"],"@id":"https:\/\/mariachappuis.com\/blog\/#\/schema\/person\/8de0bece2913b35ac8b590fc9ac6dda5","name":"Marita Chappuis","image":{"@type":"ImageObject","inLanguage":"es","@id":"https:\/\/mariachappuis.com\/blog\/wp-content\/uploads\/2024\/01\/cropped-3333.jpg","url":"https:\/\/mariachappuis.com\/blog\/wp-content\/uploads\/2024\/01\/cropped-3333.jpg","contentUrl":"https:\/\/mariachappuis.com\/blog\/wp-content\/uploads\/2024\/01\/cropped-3333.jpg","width":512,"height":512,"caption":"Marita Chappuis"},"logo":{"@id":"https:\/\/mariachappuis.com\/blog\/wp-content\/uploads\/2024\/01\/cropped-3333.jpg"}}]}},"_links":{"self":[{"href":"https:\/\/mariachappuis.com\/blog\/wp-json\/wp\/v2\/posts\/35","targetHints":{"allow":["GET"]}}],"collection":[{"href":"https:\/\/mariachappuis.com\/blog\/wp-json\/wp\/v2\/posts"}],"about":[{"href":"https:\/\/mariachappuis.com\/blog\/wp-json\/wp\/v2\/types\/post"}],"author":[{"embeddable":true,"href":"https:\/\/mariachappuis.com\/blog\/wp-json\/wp\/v2\/users\/1"}],"replies":[{"embeddable":true,"href":"https:\/\/mariachappuis.com\/blog\/wp-json\/wp\/v2\/comments?post=35"}],"version-history":[{"count":3,"href":"https:\/\/mariachappuis.com\/blog\/wp-json\/wp\/v2\/posts\/35\/revisions"}],"predecessor-version":[{"id":37,"href":"https:\/\/mariachappuis.com\/blog\/wp-json\/wp\/v2\/posts\/35\/revisions\/37"}],"wp:attachment":[{"href":"https:\/\/mariachappuis.com\/blog\/wp-json\/wp\/v2\/media?parent=35"}],"wp:term":[{"taxonomy":"category","embeddable":true,"href":"https:\/\/mariachappuis.com\/blog\/wp-json\/wp\/v2\/categories?post=35"},{"taxonomy":"post_tag","embeddable":true,"href":"https:\/\/mariachappuis.com\/blog\/wp-json\/wp\/v2\/tags?post=35"}],"curies":[{"name":"wp","href":"https:\/\/api.w.org\/{rel}","templated":true}]}}