{"id":2537,"date":"2021-08-05T11:17:49","date_gmt":"2021-08-05T16:17:49","guid":{"rendered":"http:\/\/www.mariachappuis.com\/blog\/?p=2537"},"modified":"2021-08-05T11:17:49","modified_gmt":"2021-08-05T16:17:49","slug":"tia-maria-y-los-intocables","status":"publish","type":"post","link":"https:\/\/mariachappuis.com\/blog\/archivos\/2537","title":{"rendered":"T\u00eda Mar\u00eda y Los Intocables"},"content":{"rendered":"<p>Representantes de Peru Libre han anunciado la cancelaci\u00f3n \u201cdefinitiva\u201d del proyecto T\u00eda Mar\u00eda. Es una medida que se esperaba porque est\u00e1 asociada a una disputa entre la administraci\u00f3n de la infraestructura de riego del valle (las \u201cJuntas\u201d) y una compa\u00f1\u00eda minera, que es la primera contribuyente del pa\u00eds. Se entiende la \u201cr\u00e1pida\u201d decisi\u00f3n pues \u201cfacilita\u201d una segunda reforma agraria que expropiar\u00eda los grandes fundos de la costa, donde las \u201cJuntas\u201d son los amos y se\u00f1ores de la peque\u00f1a agricultura coste\u00f1a y las responsables de su atraso.<!--more--><\/p>\n<p>Estas \u201cadministraciones\u201d, uso comillas porque todas son unos monumentos a la mala gesti\u00f3n, son la causa del poco desarrollo de la peque\u00f1a agricultura. En la costa no llueve en cantidad suficiente, entonces es obvio que la \u201cadministraci\u00f3n\u201d de la escasa agua que viene de las quebradas y que se tiene que distribuir a trav\u00e9s de una precaria infraestructura de canales, con \u201ctomas\u201d para las diferentes zonas es la \u201cclave\u201d, pues de esta \u201cadministraci\u00f3n\u201d depende la cantidad y la ocasi\u00f3n en que recibir\u00e1s el agua.<\/p>\n<p>El peque\u00f1o agricultor coste\u00f1o tiene la \u00fanica ventaja de tener ciudades grandes cerca, que consumen sus productos y el acceso a carreteras. La gran desventaja: no tiene agua y debe vivir subordinado a las \u201cJuntas\u201d porque si no se \u201calinea\u201d no le despachan agua y se arruina toda su inversi\u00f3n en siembra, etc.<\/p>\n<p>Si se \u201calinea\u201d la \u201cJunta\u201d le dar\u00e1 cr\u00e9dito y podr\u00e1 pagar el agua cuando coseche, lo que est\u00e1 prohibido por la alta morosidad en los pagos. Tambi\u00e9n los \u201calineados\u201d recibir\u00e1n agua durante el d\u00eda, porque los otros posiblemente se les despache a las 2am para que rieguen alumbrados por la luna.<\/p>\n<p>Cuando las \u201cJuntas\u201d deciden hacer \u201climpias de canales\u201d nadie se queja de las condiciones infrahumanas de esta labor: sumergirse en los canales, y estar horas retirando sedimentos con una lampa. Obviamente que Sunafil no fiscaliza, ni ha sancionado por esta \u201ccolaboraci\u00f3n\u201d.<\/p>\n<p>Tampoco el Ministerio de Agricultura interviene y sanciona por la cantidad de maquinaria destinada a esta labor, que est\u00e1 sin reparar y abandonada, mientras peruanos tienen que hacerlo manualmente porque de otra manera son multados. La Contralor\u00eda se ha lavado las manos y tampoco controla la gesti\u00f3n de las Juntas.<\/p>\n<p>Cuando la \u201cJunta\u201d ordena alg\u00fan bloqueo o marcha, todos los peque\u00f1os agricultores tienen que estar presentes, bajo pena otra vez de no recibir agua, o de recibirla de madrugada. Lo mismo sucede con las elecciones ama\u00f1adas donde se reelige el \u201cgrupete\u201d dirigente per\u00edodo tras per\u00edodo.<\/p>\n<p>Obviamente para este \u201cgrupete\u201d que administra el cobro de agua seg\u00fan su parecer no le conviene que en el valle aparezca una agroexportadora de gran extensi\u00f3n, una hidroel\u00e9ctrica, o una minera. Cuando se quiso construir la hidroel\u00e9ctrica de El Platanal, la \u201cJunta\u201d hizo una campa\u00f1a porque se iba a consumir todo el agua del r\u00edo Ca\u00f1ete!. Finalmente se permiti\u00f3 su construcci\u00f3n, pero no la irrigaci\u00f3n de las pampas de la margen izquierda, ahora invadidas, pero donde nadie habita.<\/p>\n<p>En el Valle del Tambo, donde se siembra en gran parte, los peque\u00f1os agricultores tienen que mostrar lealtad a la \u201cJunta\u201d, pues este cultivo es gran consumidor de agua, y degradante de suelos, lo que hace pr\u00e1cticamente imposible cambiar hacia otro cultivo, y reduce la rentabilidad a\u00f1o tras a\u00f1o.<\/p>\n<p>&nbsp;<\/p>\n<p>&nbsp;<\/p>\n","protected":false},"excerpt":{"rendered":"<p>Representantes de Peru Libre han anunciado la cancelaci\u00f3n \u201cdefinitiva\u201d del proyecto T\u00eda Mar\u00eda. Es una medida que se esperaba porque est\u00e1 asociada a una disputa entre la administraci\u00f3n de la infraestructura de riego del valle (las \u201cJuntas\u201d) y una compa\u00f1\u00eda &hellip; <a href=\"https:\/\/mariachappuis.com\/blog\/archivos\/2537\">Sigue leyendo <span class=\"meta-nav\">&rarr;<\/span><\/a><\/p>\n","protected":false},"author":1,"featured_media":0,"comment_status":"closed","ping_status":"closed","sticky":false,"template":"","format":"standard","meta":{"footnotes":""},"categories":[1],"tags":[],"class_list":["post-2537","post","type-post","status-publish","format-standard","hentry","category-general"],"yoast_head":"<!-- This site is optimized with the Yoast SEO plugin v27.2 - https:\/\/yoast.com\/product\/yoast-seo-wordpress\/ -->\n<title>T\u00eda Mar\u00eda y Los Intocables<\/title>\n<meta name=\"description\" content=\"Representantes de Peru Libre han anunciado la cancelaci\u00f3n \u201cdefinitiva\u201d del proyecto T\u00eda Mar\u00eda. Es una medida que se esperaba porque est\u00e1 asociada a una\" \/>\n<meta name=\"robots\" content=\"index, follow, max-snippet:-1, max-image-preview:large, max-video-preview:-1\" \/>\n<link rel=\"canonical\" href=\"https:\/\/mariachappuis.com\/blog\/archivos\/2537\" \/>\n<meta property=\"og:locale\" content=\"es_ES\" \/>\n<meta property=\"og:type\" content=\"article\" \/>\n<meta property=\"og:title\" content=\"T\u00eda Mar\u00eda y Los Intocables\" \/>\n<meta property=\"og:description\" content=\"Representantes de Peru Libre han anunciado la cancelaci\u00f3n \u201cdefinitiva\u201d del proyecto T\u00eda Mar\u00eda. Es una medida que se esperaba porque est\u00e1 asociada a una\" \/>\n<meta property=\"og:url\" content=\"https:\/\/mariachappuis.com\/blog\/archivos\/2537\" \/>\n<meta property=\"og:site_name\" content=\"Maria Chappuis\" \/>\n<meta property=\"article:published_time\" content=\"2021-08-05T16:17:49+00:00\" \/>\n<meta property=\"og:image\" content=\"https:\/\/mariachappuis.com\/blog\/wp-content\/uploads\/2024\/01\/cropped-3333.jpg\" \/>\n\t<meta property=\"og:image:width\" content=\"512\" \/>\n\t<meta property=\"og:image:height\" content=\"512\" \/>\n\t<meta property=\"og:image:type\" content=\"image\/jpeg\" \/>\n<meta name=\"author\" content=\"Marita Chappuis\" \/>\n<meta name=\"twitter:card\" content=\"summary_large_image\" \/>\n<meta name=\"twitter:label1\" content=\"Escrito por\" \/>\n\t<meta name=\"twitter:data1\" content=\"Marita Chappuis\" \/>\n\t<meta name=\"twitter:label2\" content=\"Tiempo de lectura\" \/>\n\t<meta name=\"twitter:data2\" content=\"3 minutos\" \/>\n<script type=\"application\/ld+json\" class=\"yoast-schema-graph\">{\"@context\":\"https:\/\/schema.org\",\"@graph\":[{\"@type\":\"Article\",\"@id\":\"https:\/\/mariachappuis.com\/blog\/archivos\/2537#article\",\"isPartOf\":{\"@id\":\"https:\/\/mariachappuis.com\/blog\/archivos\/2537\"},\"author\":{\"name\":\"Marita Chappuis\",\"@id\":\"https:\/\/mariachappuis.com\/blog\/#\/schema\/person\/8de0bece2913b35ac8b590fc9ac6dda5\"},\"headline\":\"T\u00eda Mar\u00eda y Los Intocables\",\"datePublished\":\"2021-08-05T16:17:49+00:00\",\"mainEntityOfPage\":{\"@id\":\"https:\/\/mariachappuis.com\/blog\/archivos\/2537\"},\"wordCount\":593,\"publisher\":{\"@id\":\"https:\/\/mariachappuis.com\/blog\/#\/schema\/person\/8de0bece2913b35ac8b590fc9ac6dda5\"},\"articleSection\":[\"General\"],\"inLanguage\":\"es\"},{\"@type\":\"WebPage\",\"@id\":\"https:\/\/mariachappuis.com\/blog\/archivos\/2537\",\"url\":\"https:\/\/mariachappuis.com\/blog\/archivos\/2537\",\"name\":\"T\u00eda Mar\u00eda y Los Intocables\",\"isPartOf\":{\"@id\":\"https:\/\/mariachappuis.com\/blog\/#website\"},\"datePublished\":\"2021-08-05T16:17:49+00:00\",\"description\":\"Representantes de Peru Libre han anunciado la cancelaci\u00f3n \u201cdefinitiva\u201d del proyecto T\u00eda Mar\u00eda. Es una medida que se esperaba porque est\u00e1 asociada a una\",\"breadcrumb\":{\"@id\":\"https:\/\/mariachappuis.com\/blog\/archivos\/2537#breadcrumb\"},\"inLanguage\":\"es\",\"potentialAction\":[{\"@type\":\"ReadAction\",\"target\":[\"https:\/\/mariachappuis.com\/blog\/archivos\/2537\"]}]},{\"@type\":\"BreadcrumbList\",\"@id\":\"https:\/\/mariachappuis.com\/blog\/archivos\/2537#breadcrumb\",\"itemListElement\":[{\"@type\":\"ListItem\",\"position\":1,\"name\":\"Portada\",\"item\":\"https:\/\/mariachappuis.com\/blog\"},{\"@type\":\"ListItem\",\"position\":2,\"name\":\"T\u00eda Mar\u00eda y Los Intocables\"}]},{\"@type\":\"WebSite\",\"@id\":\"https:\/\/mariachappuis.com\/blog\/#website\",\"url\":\"https:\/\/mariachappuis.com\/blog\/\",\"name\":\"Marita Chappuis\",\"description\":\"An\u00e1lisis y Comentarios\",\"publisher\":{\"@id\":\"https:\/\/mariachappuis.com\/blog\/#\/schema\/person\/8de0bece2913b35ac8b590fc9ac6dda5\"},\"alternateName\":\"Marita Chappuis\",\"potentialAction\":[{\"@type\":\"SearchAction\",\"target\":{\"@type\":\"EntryPoint\",\"urlTemplate\":\"https:\/\/mariachappuis.com\/blog\/?s={search_term_string}\"},\"query-input\":{\"@type\":\"PropertyValueSpecification\",\"valueRequired\":true,\"valueName\":\"search_term_string\"}}],\"inLanguage\":\"es\"},{\"@type\":[\"Person\",\"Organization\"],\"@id\":\"https:\/\/mariachappuis.com\/blog\/#\/schema\/person\/8de0bece2913b35ac8b590fc9ac6dda5\",\"name\":\"Marita Chappuis\",\"image\":{\"@type\":\"ImageObject\",\"inLanguage\":\"es\",\"@id\":\"https:\/\/mariachappuis.com\/blog\/wp-content\/uploads\/2024\/01\/cropped-3333.jpg\",\"url\":\"https:\/\/mariachappuis.com\/blog\/wp-content\/uploads\/2024\/01\/cropped-3333.jpg\",\"contentUrl\":\"https:\/\/mariachappuis.com\/blog\/wp-content\/uploads\/2024\/01\/cropped-3333.jpg\",\"width\":512,\"height\":512,\"caption\":\"Marita Chappuis\"},\"logo\":{\"@id\":\"https:\/\/mariachappuis.com\/blog\/wp-content\/uploads\/2024\/01\/cropped-3333.jpg\"}}]}<\/script>\n<!-- \/ Yoast SEO plugin. -->","yoast_head_json":{"title":"T\u00eda Mar\u00eda y Los Intocables","description":"Representantes de Peru Libre han anunciado la cancelaci\u00f3n \u201cdefinitiva\u201d del proyecto T\u00eda Mar\u00eda. Es una medida que se esperaba porque est\u00e1 asociada a una","robots":{"index":"index","follow":"follow","max-snippet":"max-snippet:-1","max-image-preview":"max-image-preview:large","max-video-preview":"max-video-preview:-1"},"canonical":"https:\/\/mariachappuis.com\/blog\/archivos\/2537","og_locale":"es_ES","og_type":"article","og_title":"T\u00eda Mar\u00eda y Los Intocables","og_description":"Representantes de Peru Libre han anunciado la cancelaci\u00f3n \u201cdefinitiva\u201d del proyecto T\u00eda Mar\u00eda. Es una medida que se esperaba porque est\u00e1 asociada a una","og_url":"https:\/\/mariachappuis.com\/blog\/archivos\/2537","og_site_name":"Maria Chappuis","article_published_time":"2021-08-05T16:17:49+00:00","og_image":[{"width":512,"height":512,"url":"https:\/\/mariachappuis.com\/blog\/wp-content\/uploads\/2024\/01\/cropped-3333.jpg","type":"image\/jpeg"}],"author":"Marita Chappuis","twitter_card":"summary_large_image","twitter_misc":{"Escrito por":"Marita Chappuis","Tiempo de lectura":"3 minutos"},"schema":{"@context":"https:\/\/schema.org","@graph":[{"@type":"Article","@id":"https:\/\/mariachappuis.com\/blog\/archivos\/2537#article","isPartOf":{"@id":"https:\/\/mariachappuis.com\/blog\/archivos\/2537"},"author":{"name":"Marita Chappuis","@id":"https:\/\/mariachappuis.com\/blog\/#\/schema\/person\/8de0bece2913b35ac8b590fc9ac6dda5"},"headline":"T\u00eda Mar\u00eda y Los Intocables","datePublished":"2021-08-05T16:17:49+00:00","mainEntityOfPage":{"@id":"https:\/\/mariachappuis.com\/blog\/archivos\/2537"},"wordCount":593,"publisher":{"@id":"https:\/\/mariachappuis.com\/blog\/#\/schema\/person\/8de0bece2913b35ac8b590fc9ac6dda5"},"articleSection":["General"],"inLanguage":"es"},{"@type":"WebPage","@id":"https:\/\/mariachappuis.com\/blog\/archivos\/2537","url":"https:\/\/mariachappuis.com\/blog\/archivos\/2537","name":"T\u00eda Mar\u00eda y Los Intocables","isPartOf":{"@id":"https:\/\/mariachappuis.com\/blog\/#website"},"datePublished":"2021-08-05T16:17:49+00:00","description":"Representantes de Peru Libre han anunciado la cancelaci\u00f3n \u201cdefinitiva\u201d del proyecto T\u00eda Mar\u00eda. Es una medida que se esperaba porque est\u00e1 asociada a una","breadcrumb":{"@id":"https:\/\/mariachappuis.com\/blog\/archivos\/2537#breadcrumb"},"inLanguage":"es","potentialAction":[{"@type":"ReadAction","target":["https:\/\/mariachappuis.com\/blog\/archivos\/2537"]}]},{"@type":"BreadcrumbList","@id":"https:\/\/mariachappuis.com\/blog\/archivos\/2537#breadcrumb","itemListElement":[{"@type":"ListItem","position":1,"name":"Portada","item":"https:\/\/mariachappuis.com\/blog"},{"@type":"ListItem","position":2,"name":"T\u00eda Mar\u00eda y Los Intocables"}]},{"@type":"WebSite","@id":"https:\/\/mariachappuis.com\/blog\/#website","url":"https:\/\/mariachappuis.com\/blog\/","name":"Marita Chappuis","description":"An\u00e1lisis y Comentarios","publisher":{"@id":"https:\/\/mariachappuis.com\/blog\/#\/schema\/person\/8de0bece2913b35ac8b590fc9ac6dda5"},"alternateName":"Marita Chappuis","potentialAction":[{"@type":"SearchAction","target":{"@type":"EntryPoint","urlTemplate":"https:\/\/mariachappuis.com\/blog\/?s={search_term_string}"},"query-input":{"@type":"PropertyValueSpecification","valueRequired":true,"valueName":"search_term_string"}}],"inLanguage":"es"},{"@type":["Person","Organization"],"@id":"https:\/\/mariachappuis.com\/blog\/#\/schema\/person\/8de0bece2913b35ac8b590fc9ac6dda5","name":"Marita Chappuis","image":{"@type":"ImageObject","inLanguage":"es","@id":"https:\/\/mariachappuis.com\/blog\/wp-content\/uploads\/2024\/01\/cropped-3333.jpg","url":"https:\/\/mariachappuis.com\/blog\/wp-content\/uploads\/2024\/01\/cropped-3333.jpg","contentUrl":"https:\/\/mariachappuis.com\/blog\/wp-content\/uploads\/2024\/01\/cropped-3333.jpg","width":512,"height":512,"caption":"Marita Chappuis"},"logo":{"@id":"https:\/\/mariachappuis.com\/blog\/wp-content\/uploads\/2024\/01\/cropped-3333.jpg"}}]}},"_links":{"self":[{"href":"https:\/\/mariachappuis.com\/blog\/wp-json\/wp\/v2\/posts\/2537","targetHints":{"allow":["GET"]}}],"collection":[{"href":"https:\/\/mariachappuis.com\/blog\/wp-json\/wp\/v2\/posts"}],"about":[{"href":"https:\/\/mariachappuis.com\/blog\/wp-json\/wp\/v2\/types\/post"}],"author":[{"embeddable":true,"href":"https:\/\/mariachappuis.com\/blog\/wp-json\/wp\/v2\/users\/1"}],"replies":[{"embeddable":true,"href":"https:\/\/mariachappuis.com\/blog\/wp-json\/wp\/v2\/comments?post=2537"}],"version-history":[{"count":1,"href":"https:\/\/mariachappuis.com\/blog\/wp-json\/wp\/v2\/posts\/2537\/revisions"}],"predecessor-version":[{"id":2538,"href":"https:\/\/mariachappuis.com\/blog\/wp-json\/wp\/v2\/posts\/2537\/revisions\/2538"}],"wp:attachment":[{"href":"https:\/\/mariachappuis.com\/blog\/wp-json\/wp\/v2\/media?parent=2537"}],"wp:term":[{"taxonomy":"category","embeddable":true,"href":"https:\/\/mariachappuis.com\/blog\/wp-json\/wp\/v2\/categories?post=2537"},{"taxonomy":"post_tag","embeddable":true,"href":"https:\/\/mariachappuis.com\/blog\/wp-json\/wp\/v2\/tags?post=2537"}],"curies":[{"name":"wp","href":"https:\/\/api.w.org\/{rel}","templated":true}]}}