{"id":2494,"date":"2021-04-07T19:19:20","date_gmt":"2021-04-08T00:19:20","guid":{"rendered":"http:\/\/www.mariachappuis.com\/blog\/?p=2494"},"modified":"2021-04-07T19:19:20","modified_gmt":"2021-04-08T00:19:20","slug":"nueva-infraestructura-publica-para-el-sector-minero","status":"publish","type":"post","link":"https:\/\/mariachappuis.com\/blog\/archivos\/2494","title":{"rendered":"Nueva Infraestructura P\u00fablica para el Sector Minero"},"content":{"rendered":"<p>Hace una semana el Presidente Sagasti anunci\u00f3 la suscripci\u00f3n de un convenio con el gobierno franc\u00e9s para la construcci\u00f3n de una nueva carretera central (CC) de 4 carriles que iba a conectar Cieneguilla con Yauli. Inclusive mencion\u00f3 que el costo de la obra ascend\u00eda a unos 3 mil millones de d\u00f3lares, y que el \u201cpr\u00f3ximo presidente la iba a inaugurar\u201d. Lamentablemente la escueta nota de prensa apareci\u00f3 en el portal de Prov\u00edas y desapareci\u00f3. No se conocen m\u00e1s detalles de lo que ser\u00eda una importante v\u00eda para el transporte minero. Al d\u00eda siguiente de este anuncio, ocurri\u00f3 un accidente en la CC, que comprob\u00f3 lo riesgosa que es esta v\u00eda.<!--more--><\/p>\n<p>A finales de febrero se public\u00f3 el \u00cdndice de Competitividad Minera del instituto canadiense Fraser donde nuestro pa\u00eds ha cedido posiciones debido a dificultades en acceso al terreno, carencia de bases de datos geol\u00f3gicos, inestabilidad pol\u00edtica y conflictividad social. El IPE como el CCD tambi\u00e9n lanzaron sus estudios del n\u00famero de proyectos mineros en cartera, que si se ponen en construcci\u00f3n cambiar\u00eda todas las magras cifras de nuestra econom\u00eda. Ra\u00fal Jacob, presidente de la SNMPE, alert\u00f3 que la inversi\u00f3n minera anunciada por el gobierno para este a\u00f1o, no est\u00e1 destinada a aumento de producci\u00f3n sino a renovaci\u00f3n de equipo mayormente.<\/p>\n<p>Mientras que esto suced\u00eda ninguno de los candidatos a la presidencia de la rep\u00fablica a excepci\u00f3n de Rafael Lopez Aliaga (RLA) planteaba una soluci\u00f3n a la falta de infraestructura que ocasiona que las zonas rurales no puedan desarrollarse, y esto a su vez es el \u201ccombustible\u201d para la conflictividad social.<\/p>\n<p>Los candidatos no han tocado el tema \u201cOdebrecht\u201d. Parecen desconocer la enorme contingencia que tiene el pr\u00f3ximo gobierno pues Vizcarra \u201cpate\u00f3 el tema\u201d y ya se tiene que tomar una decisi\u00f3n sobre la construcci\u00f3n de un gasoducto en el sur (si se quiere tener energ\u00eda disponible) y resolver los reclamos de Odebrecht y sus socios. RLA como empresario sabe perfectamente que los problemas no se pueden patear para delante.<\/p>\n<p>No s\u00f3lo \u00e9sta \u201cobra\u201d deber\u00eda ser revisada sino todas las concesiones viales que se han suscrito con las m\u00e1s altas tarifas de Sud\u00e1merica y de calidad dudosa.<\/p>\n<p>No se podr\u00e1n construir todos los proyectos mineros, necesarios seg\u00fan el IPE y el CCD, sino se resuelve de una vez el atraso de la infraestructura vial p\u00fablica, y la disponibilidad de energ\u00eda competitiva en el Sur.<\/p>\n<p>En el \u00faltimo \u201cboom\u201d del precio del cobre, Humala tuvo mucho dinero para gastar en obras p\u00fablicas. Las constructoras brasile\u00f1as radicadas en Per\u00fa aumentaron su facturaci\u00f3n en 5 veces. Esperemos que en este \u201cboom\u201d se ejecuten las obras p\u00fablicas que nuestro pa\u00eds necesita, para abaratar los costos del transporte de productos no s\u00f3lo mineros sino de los que producen los peque\u00f1os agricultores.<\/p>\n<p>&nbsp;<\/p>\n","protected":false},"excerpt":{"rendered":"<p>Hace una semana el Presidente Sagasti anunci\u00f3 la suscripci\u00f3n de un convenio con el gobierno franc\u00e9s para la construcci\u00f3n de una nueva carretera central (CC) de 4 carriles que iba a conectar Cieneguilla con Yauli. Inclusive mencion\u00f3 que el costo &hellip; <a href=\"https:\/\/mariachappuis.com\/blog\/archivos\/2494\">Sigue leyendo <span class=\"meta-nav\">&rarr;<\/span><\/a><\/p>\n","protected":false},"author":1,"featured_media":0,"comment_status":"closed","ping_status":"closed","sticky":false,"template":"","format":"standard","meta":{"footnotes":""},"categories":[1],"tags":[],"class_list":["post-2494","post","type-post","status-publish","format-standard","hentry","category-general"],"yoast_head":"<!-- This site is optimized with the Yoast SEO plugin v27.2 - https:\/\/yoast.com\/product\/yoast-seo-wordpress\/ -->\n<title>Nueva Infraestructura P\u00fablica para el Sector Minero<\/title>\n<meta name=\"description\" content=\"Hace una semana el Presidente Sagasti anunci\u00f3 la suscripci\u00f3n de un convenio con el gobierno franc\u00e9s para la construcci\u00f3n de una nueva carretera central\" \/>\n<meta name=\"robots\" content=\"index, follow, max-snippet:-1, max-image-preview:large, max-video-preview:-1\" \/>\n<link rel=\"canonical\" href=\"https:\/\/mariachappuis.com\/blog\/archivos\/2494\" \/>\n<meta property=\"og:locale\" content=\"es_ES\" \/>\n<meta property=\"og:type\" content=\"article\" \/>\n<meta property=\"og:title\" content=\"Nueva Infraestructura P\u00fablica para el Sector Minero\" \/>\n<meta property=\"og:description\" content=\"Hace una semana el Presidente Sagasti anunci\u00f3 la suscripci\u00f3n de un convenio con el gobierno franc\u00e9s para la construcci\u00f3n de una nueva carretera central\" \/>\n<meta property=\"og:url\" content=\"https:\/\/mariachappuis.com\/blog\/archivos\/2494\" \/>\n<meta property=\"og:site_name\" content=\"Maria Chappuis\" \/>\n<meta property=\"article:published_time\" content=\"2021-04-08T00:19:20+00:00\" \/>\n<meta property=\"og:image\" content=\"https:\/\/mariachappuis.com\/blog\/wp-content\/uploads\/2024\/01\/cropped-3333.jpg\" \/>\n\t<meta property=\"og:image:width\" content=\"512\" \/>\n\t<meta property=\"og:image:height\" content=\"512\" \/>\n\t<meta property=\"og:image:type\" content=\"image\/jpeg\" \/>\n<meta name=\"author\" content=\"Marita Chappuis\" \/>\n<meta name=\"twitter:card\" content=\"summary_large_image\" \/>\n<meta name=\"twitter:label1\" content=\"Escrito por\" \/>\n\t<meta name=\"twitter:data1\" content=\"Marita Chappuis\" \/>\n\t<meta name=\"twitter:label2\" content=\"Tiempo de lectura\" \/>\n\t<meta name=\"twitter:data2\" content=\"3 minutos\" \/>\n<script type=\"application\/ld+json\" class=\"yoast-schema-graph\">{\"@context\":\"https:\/\/schema.org\",\"@graph\":[{\"@type\":\"Article\",\"@id\":\"https:\/\/mariachappuis.com\/blog\/archivos\/2494#article\",\"isPartOf\":{\"@id\":\"https:\/\/mariachappuis.com\/blog\/archivos\/2494\"},\"author\":{\"name\":\"Marita Chappuis\",\"@id\":\"https:\/\/mariachappuis.com\/blog\/#\/schema\/person\/8de0bece2913b35ac8b590fc9ac6dda5\"},\"headline\":\"Nueva Infraestructura P\u00fablica para el Sector Minero\",\"datePublished\":\"2021-04-08T00:19:20+00:00\",\"mainEntityOfPage\":{\"@id\":\"https:\/\/mariachappuis.com\/blog\/archivos\/2494\"},\"wordCount\":509,\"publisher\":{\"@id\":\"https:\/\/mariachappuis.com\/blog\/#\/schema\/person\/8de0bece2913b35ac8b590fc9ac6dda5\"},\"articleSection\":[\"General\"],\"inLanguage\":\"es\"},{\"@type\":\"WebPage\",\"@id\":\"https:\/\/mariachappuis.com\/blog\/archivos\/2494\",\"url\":\"https:\/\/mariachappuis.com\/blog\/archivos\/2494\",\"name\":\"Nueva Infraestructura P\u00fablica para el Sector Minero\",\"isPartOf\":{\"@id\":\"https:\/\/mariachappuis.com\/blog\/#website\"},\"datePublished\":\"2021-04-08T00:19:20+00:00\",\"description\":\"Hace una semana el Presidente Sagasti anunci\u00f3 la suscripci\u00f3n de un convenio con el gobierno franc\u00e9s para la construcci\u00f3n de una nueva carretera central\",\"breadcrumb\":{\"@id\":\"https:\/\/mariachappuis.com\/blog\/archivos\/2494#breadcrumb\"},\"inLanguage\":\"es\",\"potentialAction\":[{\"@type\":\"ReadAction\",\"target\":[\"https:\/\/mariachappuis.com\/blog\/archivos\/2494\"]}]},{\"@type\":\"BreadcrumbList\",\"@id\":\"https:\/\/mariachappuis.com\/blog\/archivos\/2494#breadcrumb\",\"itemListElement\":[{\"@type\":\"ListItem\",\"position\":1,\"name\":\"Portada\",\"item\":\"https:\/\/mariachappuis.com\/blog\"},{\"@type\":\"ListItem\",\"position\":2,\"name\":\"Nueva Infraestructura P\u00fablica para el Sector Minero\"}]},{\"@type\":\"WebSite\",\"@id\":\"https:\/\/mariachappuis.com\/blog\/#website\",\"url\":\"https:\/\/mariachappuis.com\/blog\/\",\"name\":\"Marita Chappuis\",\"description\":\"An\u00e1lisis y Comentarios\",\"publisher\":{\"@id\":\"https:\/\/mariachappuis.com\/blog\/#\/schema\/person\/8de0bece2913b35ac8b590fc9ac6dda5\"},\"alternateName\":\"Marita Chappuis\",\"potentialAction\":[{\"@type\":\"SearchAction\",\"target\":{\"@type\":\"EntryPoint\",\"urlTemplate\":\"https:\/\/mariachappuis.com\/blog\/?s={search_term_string}\"},\"query-input\":{\"@type\":\"PropertyValueSpecification\",\"valueRequired\":true,\"valueName\":\"search_term_string\"}}],\"inLanguage\":\"es\"},{\"@type\":[\"Person\",\"Organization\"],\"@id\":\"https:\/\/mariachappuis.com\/blog\/#\/schema\/person\/8de0bece2913b35ac8b590fc9ac6dda5\",\"name\":\"Marita Chappuis\",\"image\":{\"@type\":\"ImageObject\",\"inLanguage\":\"es\",\"@id\":\"https:\/\/mariachappuis.com\/blog\/wp-content\/uploads\/2024\/01\/cropped-3333.jpg\",\"url\":\"https:\/\/mariachappuis.com\/blog\/wp-content\/uploads\/2024\/01\/cropped-3333.jpg\",\"contentUrl\":\"https:\/\/mariachappuis.com\/blog\/wp-content\/uploads\/2024\/01\/cropped-3333.jpg\",\"width\":512,\"height\":512,\"caption\":\"Marita Chappuis\"},\"logo\":{\"@id\":\"https:\/\/mariachappuis.com\/blog\/wp-content\/uploads\/2024\/01\/cropped-3333.jpg\"}}]}<\/script>\n<!-- \/ Yoast SEO plugin. -->","yoast_head_json":{"title":"Nueva Infraestructura P\u00fablica para el Sector Minero","description":"Hace una semana el Presidente Sagasti anunci\u00f3 la suscripci\u00f3n de un convenio con el gobierno franc\u00e9s para la construcci\u00f3n de una nueva carretera central","robots":{"index":"index","follow":"follow","max-snippet":"max-snippet:-1","max-image-preview":"max-image-preview:large","max-video-preview":"max-video-preview:-1"},"canonical":"https:\/\/mariachappuis.com\/blog\/archivos\/2494","og_locale":"es_ES","og_type":"article","og_title":"Nueva Infraestructura P\u00fablica para el Sector Minero","og_description":"Hace una semana el Presidente Sagasti anunci\u00f3 la suscripci\u00f3n de un convenio con el gobierno franc\u00e9s para la construcci\u00f3n de una nueva carretera central","og_url":"https:\/\/mariachappuis.com\/blog\/archivos\/2494","og_site_name":"Maria Chappuis","article_published_time":"2021-04-08T00:19:20+00:00","og_image":[{"width":512,"height":512,"url":"https:\/\/mariachappuis.com\/blog\/wp-content\/uploads\/2024\/01\/cropped-3333.jpg","type":"image\/jpeg"}],"author":"Marita Chappuis","twitter_card":"summary_large_image","twitter_misc":{"Escrito por":"Marita Chappuis","Tiempo de lectura":"3 minutos"},"schema":{"@context":"https:\/\/schema.org","@graph":[{"@type":"Article","@id":"https:\/\/mariachappuis.com\/blog\/archivos\/2494#article","isPartOf":{"@id":"https:\/\/mariachappuis.com\/blog\/archivos\/2494"},"author":{"name":"Marita Chappuis","@id":"https:\/\/mariachappuis.com\/blog\/#\/schema\/person\/8de0bece2913b35ac8b590fc9ac6dda5"},"headline":"Nueva Infraestructura P\u00fablica para el Sector Minero","datePublished":"2021-04-08T00:19:20+00:00","mainEntityOfPage":{"@id":"https:\/\/mariachappuis.com\/blog\/archivos\/2494"},"wordCount":509,"publisher":{"@id":"https:\/\/mariachappuis.com\/blog\/#\/schema\/person\/8de0bece2913b35ac8b590fc9ac6dda5"},"articleSection":["General"],"inLanguage":"es"},{"@type":"WebPage","@id":"https:\/\/mariachappuis.com\/blog\/archivos\/2494","url":"https:\/\/mariachappuis.com\/blog\/archivos\/2494","name":"Nueva Infraestructura P\u00fablica para el Sector Minero","isPartOf":{"@id":"https:\/\/mariachappuis.com\/blog\/#website"},"datePublished":"2021-04-08T00:19:20+00:00","description":"Hace una semana el Presidente Sagasti anunci\u00f3 la suscripci\u00f3n de un convenio con el gobierno franc\u00e9s para la construcci\u00f3n de una nueva carretera central","breadcrumb":{"@id":"https:\/\/mariachappuis.com\/blog\/archivos\/2494#breadcrumb"},"inLanguage":"es","potentialAction":[{"@type":"ReadAction","target":["https:\/\/mariachappuis.com\/blog\/archivos\/2494"]}]},{"@type":"BreadcrumbList","@id":"https:\/\/mariachappuis.com\/blog\/archivos\/2494#breadcrumb","itemListElement":[{"@type":"ListItem","position":1,"name":"Portada","item":"https:\/\/mariachappuis.com\/blog"},{"@type":"ListItem","position":2,"name":"Nueva Infraestructura P\u00fablica para el Sector Minero"}]},{"@type":"WebSite","@id":"https:\/\/mariachappuis.com\/blog\/#website","url":"https:\/\/mariachappuis.com\/blog\/","name":"Marita Chappuis","description":"An\u00e1lisis y Comentarios","publisher":{"@id":"https:\/\/mariachappuis.com\/blog\/#\/schema\/person\/8de0bece2913b35ac8b590fc9ac6dda5"},"alternateName":"Marita Chappuis","potentialAction":[{"@type":"SearchAction","target":{"@type":"EntryPoint","urlTemplate":"https:\/\/mariachappuis.com\/blog\/?s={search_term_string}"},"query-input":{"@type":"PropertyValueSpecification","valueRequired":true,"valueName":"search_term_string"}}],"inLanguage":"es"},{"@type":["Person","Organization"],"@id":"https:\/\/mariachappuis.com\/blog\/#\/schema\/person\/8de0bece2913b35ac8b590fc9ac6dda5","name":"Marita Chappuis","image":{"@type":"ImageObject","inLanguage":"es","@id":"https:\/\/mariachappuis.com\/blog\/wp-content\/uploads\/2024\/01\/cropped-3333.jpg","url":"https:\/\/mariachappuis.com\/blog\/wp-content\/uploads\/2024\/01\/cropped-3333.jpg","contentUrl":"https:\/\/mariachappuis.com\/blog\/wp-content\/uploads\/2024\/01\/cropped-3333.jpg","width":512,"height":512,"caption":"Marita Chappuis"},"logo":{"@id":"https:\/\/mariachappuis.com\/blog\/wp-content\/uploads\/2024\/01\/cropped-3333.jpg"}}]}},"_links":{"self":[{"href":"https:\/\/mariachappuis.com\/blog\/wp-json\/wp\/v2\/posts\/2494","targetHints":{"allow":["GET"]}}],"collection":[{"href":"https:\/\/mariachappuis.com\/blog\/wp-json\/wp\/v2\/posts"}],"about":[{"href":"https:\/\/mariachappuis.com\/blog\/wp-json\/wp\/v2\/types\/post"}],"author":[{"embeddable":true,"href":"https:\/\/mariachappuis.com\/blog\/wp-json\/wp\/v2\/users\/1"}],"replies":[{"embeddable":true,"href":"https:\/\/mariachappuis.com\/blog\/wp-json\/wp\/v2\/comments?post=2494"}],"version-history":[{"count":1,"href":"https:\/\/mariachappuis.com\/blog\/wp-json\/wp\/v2\/posts\/2494\/revisions"}],"predecessor-version":[{"id":2495,"href":"https:\/\/mariachappuis.com\/blog\/wp-json\/wp\/v2\/posts\/2494\/revisions\/2495"}],"wp:attachment":[{"href":"https:\/\/mariachappuis.com\/blog\/wp-json\/wp\/v2\/media?parent=2494"}],"wp:term":[{"taxonomy":"category","embeddable":true,"href":"https:\/\/mariachappuis.com\/blog\/wp-json\/wp\/v2\/categories?post=2494"},{"taxonomy":"post_tag","embeddable":true,"href":"https:\/\/mariachappuis.com\/blog\/wp-json\/wp\/v2\/tags?post=2494"}],"curies":[{"name":"wp","href":"https:\/\/api.w.org\/{rel}","templated":true}]}}