{"id":23,"date":"2008-09-23T03:31:57","date_gmt":"2008-09-23T03:31:57","guid":{"rendered":"http:\/\/www.mariachappuis.com\/blog\/?p=23"},"modified":"2017-03-18T00:07:01","modified_gmt":"2017-03-18T05:07:01","slug":"nuevo-canon-para-aumentar-fondo-de-defensa-peruano","status":"publish","type":"post","link":"https:\/\/mariachappuis.com\/blog\/archivos\/23","title":{"rendered":"Nuevo Canon para Aumentar Fondo de Defensa Peruano"},"content":{"rendered":"<p>Mientras que ayer (22 Setiembre 2008) el diario lime\u00f1o Gesti\u00f3n anunciaba la remisi\u00f3n al Congreso de una iniciativa que establecer\u00eda un canon a la explotaci\u00f3n de yacimientos minerales o energ\u00e9ticos que se descubran gracias a los nuevos proyectos en exploraci\u00f3n, \u201cMiner\u00eda Chilena\u201d daba\u00a0 cuenta de la posici\u00f3n un\u00e1nime de la llamada Bancada del Cobre de la C\u00e1mara de Diputados chilena para derogar la ley secreta conocida como Ley Reservada del Cobre, que establece que el 10% de las ventas de Codelco deben financiar las compras militares de las fuerzas armadas y de los carabineros chilenos.<\/p>\n","protected":false},"excerpt":{"rendered":"<p>Mientras que ayer (22 Setiembre 2008) el diario lime\u00f1o Gesti\u00f3n anunciaba la remisi\u00f3n al Congreso de una iniciativa que establecer\u00eda un canon a la explotaci\u00f3n de yacimientos minerales o energ\u00e9ticos que se descubran gracias a los nuevos proyectos en exploraci\u00f3n, &hellip; <a href=\"https:\/\/mariachappuis.com\/blog\/archivos\/23\">Sigue leyendo <span class=\"meta-nav\">&rarr;<\/span><\/a><\/p>\n","protected":false},"author":1,"featured_media":0,"comment_status":"closed","ping_status":"closed","sticky":false,"template":"","format":"standard","meta":{"footnotes":""},"categories":[1],"tags":[],"class_list":["post-23","post","type-post","status-publish","format-standard","hentry","category-general"],"yoast_head":"<!-- This site is optimized with the Yoast SEO plugin v27.2 - https:\/\/yoast.com\/product\/yoast-seo-wordpress\/ -->\n<title>Nuevo Canon para Aumentar Fondo de Defensa Peruano<\/title>\n<meta name=\"description\" content=\"Mientras que ayer (22 Setiembre 2008) el diario lime\u00f1o Gesti\u00f3n anunciaba la remisi\u00f3n al Congreso de una iniciativa que establecer\u00eda un canon a la\" \/>\n<meta name=\"robots\" content=\"index, follow, max-snippet:-1, max-image-preview:large, max-video-preview:-1\" \/>\n<link rel=\"canonical\" href=\"https:\/\/mariachappuis.com\/blog\/archivos\/23\" \/>\n<meta property=\"og:locale\" content=\"es_ES\" \/>\n<meta property=\"og:type\" content=\"article\" \/>\n<meta property=\"og:title\" content=\"Nuevo Canon para Aumentar Fondo de Defensa Peruano\" \/>\n<meta property=\"og:description\" content=\"Mientras que ayer (22 Setiembre 2008) el diario lime\u00f1o Gesti\u00f3n anunciaba la remisi\u00f3n al Congreso de una iniciativa que establecer\u00eda un canon a la\" \/>\n<meta property=\"og:url\" content=\"https:\/\/mariachappuis.com\/blog\/archivos\/23\" \/>\n<meta property=\"og:site_name\" content=\"Maria Chappuis\" \/>\n<meta property=\"article:published_time\" content=\"2008-09-23T03:31:57+00:00\" \/>\n<meta property=\"article:modified_time\" content=\"2017-03-18T05:07:01+00:00\" \/>\n<meta property=\"og:image\" content=\"https:\/\/mariachappuis.com\/blog\/wp-content\/uploads\/2024\/01\/cropped-3333.jpg\" \/>\n\t<meta property=\"og:image:width\" content=\"512\" \/>\n\t<meta property=\"og:image:height\" content=\"512\" \/>\n\t<meta property=\"og:image:type\" content=\"image\/jpeg\" \/>\n<meta name=\"author\" content=\"Marita Chappuis\" \/>\n<meta name=\"twitter:card\" content=\"summary_large_image\" \/>\n<meta name=\"twitter:label1\" content=\"Escrito por\" \/>\n\t<meta name=\"twitter:data1\" content=\"Marita Chappuis\" \/>\n\t<meta name=\"twitter:label2\" content=\"Tiempo de lectura\" \/>\n\t<meta name=\"twitter:data2\" content=\"1 minuto\" \/>\n<script type=\"application\/ld+json\" class=\"yoast-schema-graph\">{\"@context\":\"https:\/\/schema.org\",\"@graph\":[{\"@type\":\"Article\",\"@id\":\"https:\/\/mariachappuis.com\/blog\/archivos\/23#article\",\"isPartOf\":{\"@id\":\"https:\/\/mariachappuis.com\/blog\/archivos\/23\"},\"author\":{\"name\":\"Marita Chappuis\",\"@id\":\"https:\/\/mariachappuis.com\/blog\/#\/schema\/person\/8de0bece2913b35ac8b590fc9ac6dda5\"},\"headline\":\"Nuevo Canon para Aumentar Fondo de Defensa Peruano\",\"datePublished\":\"2008-09-23T03:31:57+00:00\",\"dateModified\":\"2017-03-18T05:07:01+00:00\",\"mainEntityOfPage\":{\"@id\":\"https:\/\/mariachappuis.com\/blog\/archivos\/23\"},\"wordCount\":111,\"publisher\":{\"@id\":\"https:\/\/mariachappuis.com\/blog\/#\/schema\/person\/8de0bece2913b35ac8b590fc9ac6dda5\"},\"articleSection\":[\"General\"],\"inLanguage\":\"es\"},{\"@type\":\"WebPage\",\"@id\":\"https:\/\/mariachappuis.com\/blog\/archivos\/23\",\"url\":\"https:\/\/mariachappuis.com\/blog\/archivos\/23\",\"name\":\"Nuevo Canon para Aumentar Fondo de Defensa Peruano\",\"isPartOf\":{\"@id\":\"https:\/\/mariachappuis.com\/blog\/#website\"},\"datePublished\":\"2008-09-23T03:31:57+00:00\",\"dateModified\":\"2017-03-18T05:07:01+00:00\",\"description\":\"Mientras que ayer (22 Setiembre 2008) el diario lime\u00f1o Gesti\u00f3n anunciaba la remisi\u00f3n al Congreso de una iniciativa que establecer\u00eda un canon a la\",\"breadcrumb\":{\"@id\":\"https:\/\/mariachappuis.com\/blog\/archivos\/23#breadcrumb\"},\"inLanguage\":\"es\",\"potentialAction\":[{\"@type\":\"ReadAction\",\"target\":[\"https:\/\/mariachappuis.com\/blog\/archivos\/23\"]}]},{\"@type\":\"BreadcrumbList\",\"@id\":\"https:\/\/mariachappuis.com\/blog\/archivos\/23#breadcrumb\",\"itemListElement\":[{\"@type\":\"ListItem\",\"position\":1,\"name\":\"Portada\",\"item\":\"https:\/\/mariachappuis.com\/blog\"},{\"@type\":\"ListItem\",\"position\":2,\"name\":\"Nuevo Canon para Aumentar Fondo de Defensa Peruano\"}]},{\"@type\":\"WebSite\",\"@id\":\"https:\/\/mariachappuis.com\/blog\/#website\",\"url\":\"https:\/\/mariachappuis.com\/blog\/\",\"name\":\"Marita Chappuis\",\"description\":\"An\u00e1lisis y Comentarios\",\"publisher\":{\"@id\":\"https:\/\/mariachappuis.com\/blog\/#\/schema\/person\/8de0bece2913b35ac8b590fc9ac6dda5\"},\"alternateName\":\"Marita Chappuis\",\"potentialAction\":[{\"@type\":\"SearchAction\",\"target\":{\"@type\":\"EntryPoint\",\"urlTemplate\":\"https:\/\/mariachappuis.com\/blog\/?s={search_term_string}\"},\"query-input\":{\"@type\":\"PropertyValueSpecification\",\"valueRequired\":true,\"valueName\":\"search_term_string\"}}],\"inLanguage\":\"es\"},{\"@type\":[\"Person\",\"Organization\"],\"@id\":\"https:\/\/mariachappuis.com\/blog\/#\/schema\/person\/8de0bece2913b35ac8b590fc9ac6dda5\",\"name\":\"Marita Chappuis\",\"image\":{\"@type\":\"ImageObject\",\"inLanguage\":\"es\",\"@id\":\"https:\/\/mariachappuis.com\/blog\/wp-content\/uploads\/2024\/01\/cropped-3333.jpg\",\"url\":\"https:\/\/mariachappuis.com\/blog\/wp-content\/uploads\/2024\/01\/cropped-3333.jpg\",\"contentUrl\":\"https:\/\/mariachappuis.com\/blog\/wp-content\/uploads\/2024\/01\/cropped-3333.jpg\",\"width\":512,\"height\":512,\"caption\":\"Marita Chappuis\"},\"logo\":{\"@id\":\"https:\/\/mariachappuis.com\/blog\/wp-content\/uploads\/2024\/01\/cropped-3333.jpg\"}}]}<\/script>\n<!-- \/ Yoast SEO plugin. -->","yoast_head_json":{"title":"Nuevo Canon para Aumentar Fondo de Defensa Peruano","description":"Mientras que ayer (22 Setiembre 2008) el diario lime\u00f1o Gesti\u00f3n anunciaba la remisi\u00f3n al Congreso de una iniciativa que establecer\u00eda un canon a la","robots":{"index":"index","follow":"follow","max-snippet":"max-snippet:-1","max-image-preview":"max-image-preview:large","max-video-preview":"max-video-preview:-1"},"canonical":"https:\/\/mariachappuis.com\/blog\/archivos\/23","og_locale":"es_ES","og_type":"article","og_title":"Nuevo Canon para Aumentar Fondo de Defensa Peruano","og_description":"Mientras que ayer (22 Setiembre 2008) el diario lime\u00f1o Gesti\u00f3n anunciaba la remisi\u00f3n al Congreso de una iniciativa que establecer\u00eda un canon a la","og_url":"https:\/\/mariachappuis.com\/blog\/archivos\/23","og_site_name":"Maria Chappuis","article_published_time":"2008-09-23T03:31:57+00:00","article_modified_time":"2017-03-18T05:07:01+00:00","og_image":[{"width":512,"height":512,"url":"https:\/\/mariachappuis.com\/blog\/wp-content\/uploads\/2024\/01\/cropped-3333.jpg","type":"image\/jpeg"}],"author":"Marita Chappuis","twitter_card":"summary_large_image","twitter_misc":{"Escrito por":"Marita Chappuis","Tiempo de lectura":"1 minuto"},"schema":{"@context":"https:\/\/schema.org","@graph":[{"@type":"Article","@id":"https:\/\/mariachappuis.com\/blog\/archivos\/23#article","isPartOf":{"@id":"https:\/\/mariachappuis.com\/blog\/archivos\/23"},"author":{"name":"Marita Chappuis","@id":"https:\/\/mariachappuis.com\/blog\/#\/schema\/person\/8de0bece2913b35ac8b590fc9ac6dda5"},"headline":"Nuevo Canon para Aumentar Fondo de Defensa Peruano","datePublished":"2008-09-23T03:31:57+00:00","dateModified":"2017-03-18T05:07:01+00:00","mainEntityOfPage":{"@id":"https:\/\/mariachappuis.com\/blog\/archivos\/23"},"wordCount":111,"publisher":{"@id":"https:\/\/mariachappuis.com\/blog\/#\/schema\/person\/8de0bece2913b35ac8b590fc9ac6dda5"},"articleSection":["General"],"inLanguage":"es"},{"@type":"WebPage","@id":"https:\/\/mariachappuis.com\/blog\/archivos\/23","url":"https:\/\/mariachappuis.com\/blog\/archivos\/23","name":"Nuevo Canon para Aumentar Fondo de Defensa Peruano","isPartOf":{"@id":"https:\/\/mariachappuis.com\/blog\/#website"},"datePublished":"2008-09-23T03:31:57+00:00","dateModified":"2017-03-18T05:07:01+00:00","description":"Mientras que ayer (22 Setiembre 2008) el diario lime\u00f1o Gesti\u00f3n anunciaba la remisi\u00f3n al Congreso de una iniciativa que establecer\u00eda un canon a la","breadcrumb":{"@id":"https:\/\/mariachappuis.com\/blog\/archivos\/23#breadcrumb"},"inLanguage":"es","potentialAction":[{"@type":"ReadAction","target":["https:\/\/mariachappuis.com\/blog\/archivos\/23"]}]},{"@type":"BreadcrumbList","@id":"https:\/\/mariachappuis.com\/blog\/archivos\/23#breadcrumb","itemListElement":[{"@type":"ListItem","position":1,"name":"Portada","item":"https:\/\/mariachappuis.com\/blog"},{"@type":"ListItem","position":2,"name":"Nuevo Canon para Aumentar Fondo de Defensa Peruano"}]},{"@type":"WebSite","@id":"https:\/\/mariachappuis.com\/blog\/#website","url":"https:\/\/mariachappuis.com\/blog\/","name":"Marita Chappuis","description":"An\u00e1lisis y Comentarios","publisher":{"@id":"https:\/\/mariachappuis.com\/blog\/#\/schema\/person\/8de0bece2913b35ac8b590fc9ac6dda5"},"alternateName":"Marita Chappuis","potentialAction":[{"@type":"SearchAction","target":{"@type":"EntryPoint","urlTemplate":"https:\/\/mariachappuis.com\/blog\/?s={search_term_string}"},"query-input":{"@type":"PropertyValueSpecification","valueRequired":true,"valueName":"search_term_string"}}],"inLanguage":"es"},{"@type":["Person","Organization"],"@id":"https:\/\/mariachappuis.com\/blog\/#\/schema\/person\/8de0bece2913b35ac8b590fc9ac6dda5","name":"Marita Chappuis","image":{"@type":"ImageObject","inLanguage":"es","@id":"https:\/\/mariachappuis.com\/blog\/wp-content\/uploads\/2024\/01\/cropped-3333.jpg","url":"https:\/\/mariachappuis.com\/blog\/wp-content\/uploads\/2024\/01\/cropped-3333.jpg","contentUrl":"https:\/\/mariachappuis.com\/blog\/wp-content\/uploads\/2024\/01\/cropped-3333.jpg","width":512,"height":512,"caption":"Marita Chappuis"},"logo":{"@id":"https:\/\/mariachappuis.com\/blog\/wp-content\/uploads\/2024\/01\/cropped-3333.jpg"}}]}},"_links":{"self":[{"href":"https:\/\/mariachappuis.com\/blog\/wp-json\/wp\/v2\/posts\/23","targetHints":{"allow":["GET"]}}],"collection":[{"href":"https:\/\/mariachappuis.com\/blog\/wp-json\/wp\/v2\/posts"}],"about":[{"href":"https:\/\/mariachappuis.com\/blog\/wp-json\/wp\/v2\/types\/post"}],"author":[{"embeddable":true,"href":"https:\/\/mariachappuis.com\/blog\/wp-json\/wp\/v2\/users\/1"}],"replies":[{"embeddable":true,"href":"https:\/\/mariachappuis.com\/blog\/wp-json\/wp\/v2\/comments?post=23"}],"version-history":[{"count":3,"href":"https:\/\/mariachappuis.com\/blog\/wp-json\/wp\/v2\/posts\/23\/revisions"}],"predecessor-version":[{"id":25,"href":"https:\/\/mariachappuis.com\/blog\/wp-json\/wp\/v2\/posts\/23\/revisions\/25"}],"wp:attachment":[{"href":"https:\/\/mariachappuis.com\/blog\/wp-json\/wp\/v2\/media?parent=23"}],"wp:term":[{"taxonomy":"category","embeddable":true,"href":"https:\/\/mariachappuis.com\/blog\/wp-json\/wp\/v2\/categories?post=23"},{"taxonomy":"post_tag","embeddable":true,"href":"https:\/\/mariachappuis.com\/blog\/wp-json\/wp\/v2\/tags?post=23"}],"curies":[{"name":"wp","href":"https:\/\/api.w.org\/{rel}","templated":true}]}}