{"id":200,"date":"2012-05-19T06:46:54","date_gmt":"2012-05-19T06:46:54","guid":{"rendered":"http:\/\/www.mariachappuis.com\/blog\/?p=200"},"modified":"2017-03-18T00:09:16","modified_gmt":"2017-03-18T05:09:16","slug":"alcalde-de-simon-bolivar-gobierno-debe-remediar-pasivos-ambientales","status":"publish","type":"post","link":"https:\/\/mariachappuis.com\/blog\/archivos\/200","title":{"rendered":"Alcalde de Sim\u00f3n Bol\u00edvar: Gobierno debe remediar pasivos ambientales"},"content":{"rendered":"<p>Ante la declaraci\u00f3n de emergencia ambiental en cuatro distritos de Pasco, esta autoridad edil inform\u00f3 sobre la elaboraci\u00f3n de un plan de acci\u00f3n.<\/p>\n<p><strong>El alcalde de distrito de Sim\u00f3n Bol\u00edvar, Rudy Callupe Gora, afirm<\/strong><strong>\u00f3 que el Gobierno Central debe remediar los pasivos ambientales\u00a0 <\/strong>en los cuatros distritos de Pasco declarados en emergencia ambiental.<\/p>\n<p>\u201cDesde los a\u00f1os que inici\u00f3 la miner\u00eda en Pasco, dejaron esos pasivos ambientales que no son atendidos como relaveras en cerros, lagunas de relave\u201d, se\u00f1al\u00f3.<\/p>\n<p><strong>Cont\u00f3 que se aprob\u00f3 un plan de acci\u00f3n inmediata de manera conjunta con el Ministerio del Ambiente, autoridades y dirigentes. <\/strong>\u201cEsto se debe a ra\u00edz de los problemas del pasivo ambiental que hay en los pueblos\u201d, explic\u00f3.<\/p>\n<p><strong>Indic\u00f3 que la poblaci\u00f3n y las autoridades de los distritos de Cerro de Pasco no se oponen a la actividad minera.<\/strong> \u201cNosotros no estamos en contra de la miner\u00eda pero debe respetar la salud y el derecha ambiental\u201d, acot\u00f3.<!--more--><\/p>\n<p>\u201c<strong>A 100 metros aproximadamente de estos sitios\u00a0 (relaves mineros) vive poblaci\u00f3n.<\/strong> Se han encontrado plomo en sangre de los estudio, pero el gobierno central no ha remediado esos pasivos\u201d,\u00a0 afirm\u00f3.<\/p>\n<p><strong>Sostuvo que los estudios realizados desde el 2005 determinaron que existen cerca de cuatro mil personas afectadas por plomo y otros metales en la sangre.<\/strong> Ante ello, resalt\u00f3 el trabajo de un plan de acci\u00f3n que buscar reducir estos niveles de contaminaci\u00f3n.<\/p>\n<p>\u201cDentro del plan de acci\u00f3n imendiata existen diferentes actividades.<strong> Tenemos el objetivo de reducir el riesgo de la miner\u00eda bajo la supervisi\u00f3n de cumplimientos ambientales, la neutralizaci\u00f3n de aguas \u00e1cidas y filtraciones de agua tratada, entre otros<\/strong>\u201d, inform\u00f3.<\/p>\n","protected":false},"excerpt":{"rendered":"<p>Ante la declaraci\u00f3n de emergencia ambiental en cuatro distritos de Pasco, esta autoridad edil inform\u00f3 sobre la elaboraci\u00f3n de un plan de acci\u00f3n. El alcalde de distrito de Sim\u00f3n Bol\u00edvar, Rudy Callupe Gora, afirm\u00f3 que el Gobierno Central debe remediar &hellip; <a href=\"https:\/\/mariachappuis.com\/blog\/archivos\/200\">Sigue leyendo <span class=\"meta-nav\">&rarr;<\/span><\/a><\/p>\n","protected":false},"author":1,"featured_media":0,"comment_status":"closed","ping_status":"closed","sticky":false,"template":"","format":"standard","meta":{"footnotes":""},"categories":[1],"tags":[63,15,64,65],"class_list":["post-200","post","type-post","status-publish","format-standard","hentry","category-general","tag-contaminacion","tag-mineria","tag-nacional","tag-pasco"],"yoast_head":"<!-- This site is optimized with the Yoast SEO plugin v27.2 - https:\/\/yoast.com\/product\/yoast-seo-wordpress\/ -->\n<title>Alcalde de Sim\u00f3n Bol\u00edvar: Gobierno debe remediar pasivos ambientales<\/title>\n<meta name=\"description\" content=\"Ante la declaraci\u00f3n de emergencia ambiental en cuatro distritos de Pasco, esta autoridad edil inform\u00f3 sobre la elaboraci\u00f3n de un plan de acci\u00f3n. El\" \/>\n<meta name=\"robots\" content=\"index, follow, max-snippet:-1, max-image-preview:large, max-video-preview:-1\" \/>\n<link rel=\"canonical\" href=\"https:\/\/mariachappuis.com\/blog\/archivos\/200\" \/>\n<meta property=\"og:locale\" content=\"es_ES\" \/>\n<meta property=\"og:type\" content=\"article\" \/>\n<meta property=\"og:title\" content=\"Alcalde de Sim\u00f3n Bol\u00edvar: Gobierno debe remediar pasivos ambientales\" \/>\n<meta property=\"og:description\" content=\"Ante la declaraci\u00f3n de emergencia ambiental en cuatro distritos de Pasco, esta autoridad edil inform\u00f3 sobre la elaboraci\u00f3n de un plan de acci\u00f3n. El\" \/>\n<meta property=\"og:url\" content=\"https:\/\/mariachappuis.com\/blog\/archivos\/200\" \/>\n<meta property=\"og:site_name\" content=\"Maria Chappuis\" \/>\n<meta property=\"article:published_time\" content=\"2012-05-19T06:46:54+00:00\" \/>\n<meta property=\"article:modified_time\" content=\"2017-03-18T05:09:16+00:00\" \/>\n<meta property=\"og:image\" content=\"https:\/\/mariachappuis.com\/blog\/wp-content\/uploads\/2024\/01\/cropped-3333.jpg\" \/>\n\t<meta property=\"og:image:width\" content=\"512\" \/>\n\t<meta property=\"og:image:height\" content=\"512\" \/>\n\t<meta property=\"og:image:type\" content=\"image\/jpeg\" \/>\n<meta name=\"author\" content=\"Marita Chappuis\" \/>\n<meta name=\"twitter:card\" content=\"summary_large_image\" \/>\n<meta name=\"twitter:label1\" content=\"Escrito por\" \/>\n\t<meta name=\"twitter:data1\" content=\"Marita Chappuis\" \/>\n\t<meta name=\"twitter:label2\" content=\"Tiempo de lectura\" \/>\n\t<meta name=\"twitter:data2\" content=\"1 minuto\" \/>\n<script type=\"application\/ld+json\" class=\"yoast-schema-graph\">{\"@context\":\"https:\/\/schema.org\",\"@graph\":[{\"@type\":\"Article\",\"@id\":\"https:\/\/mariachappuis.com\/blog\/archivos\/200#article\",\"isPartOf\":{\"@id\":\"https:\/\/mariachappuis.com\/blog\/archivos\/200\"},\"author\":{\"name\":\"Marita Chappuis\",\"@id\":\"https:\/\/mariachappuis.com\/blog\/#\/schema\/person\/8de0bece2913b35ac8b590fc9ac6dda5\"},\"headline\":\"Alcalde de Sim\u00f3n Bol\u00edvar: Gobierno debe remediar pasivos ambientales\",\"datePublished\":\"2012-05-19T06:46:54+00:00\",\"dateModified\":\"2017-03-18T05:09:16+00:00\",\"mainEntityOfPage\":{\"@id\":\"https:\/\/mariachappuis.com\/blog\/archivos\/200\"},\"wordCount\":292,\"publisher\":{\"@id\":\"https:\/\/mariachappuis.com\/blog\/#\/schema\/person\/8de0bece2913b35ac8b590fc9ac6dda5\"},\"keywords\":[\"contaminacion\",\"Miner\",\"Nacional\",\"Pasco\"],\"articleSection\":[\"General\"],\"inLanguage\":\"es\"},{\"@type\":\"WebPage\",\"@id\":\"https:\/\/mariachappuis.com\/blog\/archivos\/200\",\"url\":\"https:\/\/mariachappuis.com\/blog\/archivos\/200\",\"name\":\"Alcalde de Sim\u00f3n Bol\u00edvar: Gobierno debe remediar pasivos ambientales\",\"isPartOf\":{\"@id\":\"https:\/\/mariachappuis.com\/blog\/#website\"},\"datePublished\":\"2012-05-19T06:46:54+00:00\",\"dateModified\":\"2017-03-18T05:09:16+00:00\",\"description\":\"Ante la declaraci\u00f3n de emergencia ambiental en cuatro distritos de Pasco, esta autoridad edil inform\u00f3 sobre la elaboraci\u00f3n de un plan de acci\u00f3n. El\",\"breadcrumb\":{\"@id\":\"https:\/\/mariachappuis.com\/blog\/archivos\/200#breadcrumb\"},\"inLanguage\":\"es\",\"potentialAction\":[{\"@type\":\"ReadAction\",\"target\":[\"https:\/\/mariachappuis.com\/blog\/archivos\/200\"]}]},{\"@type\":\"BreadcrumbList\",\"@id\":\"https:\/\/mariachappuis.com\/blog\/archivos\/200#breadcrumb\",\"itemListElement\":[{\"@type\":\"ListItem\",\"position\":1,\"name\":\"Portada\",\"item\":\"https:\/\/mariachappuis.com\/blog\"},{\"@type\":\"ListItem\",\"position\":2,\"name\":\"Alcalde de Sim\u00f3n Bol\u00edvar: Gobierno debe remediar pasivos ambientales\"}]},{\"@type\":\"WebSite\",\"@id\":\"https:\/\/mariachappuis.com\/blog\/#website\",\"url\":\"https:\/\/mariachappuis.com\/blog\/\",\"name\":\"Marita Chappuis\",\"description\":\"An\u00e1lisis y Comentarios\",\"publisher\":{\"@id\":\"https:\/\/mariachappuis.com\/blog\/#\/schema\/person\/8de0bece2913b35ac8b590fc9ac6dda5\"},\"alternateName\":\"Marita Chappuis\",\"potentialAction\":[{\"@type\":\"SearchAction\",\"target\":{\"@type\":\"EntryPoint\",\"urlTemplate\":\"https:\/\/mariachappuis.com\/blog\/?s={search_term_string}\"},\"query-input\":{\"@type\":\"PropertyValueSpecification\",\"valueRequired\":true,\"valueName\":\"search_term_string\"}}],\"inLanguage\":\"es\"},{\"@type\":[\"Person\",\"Organization\"],\"@id\":\"https:\/\/mariachappuis.com\/blog\/#\/schema\/person\/8de0bece2913b35ac8b590fc9ac6dda5\",\"name\":\"Marita Chappuis\",\"image\":{\"@type\":\"ImageObject\",\"inLanguage\":\"es\",\"@id\":\"https:\/\/mariachappuis.com\/blog\/wp-content\/uploads\/2024\/01\/cropped-3333.jpg\",\"url\":\"https:\/\/mariachappuis.com\/blog\/wp-content\/uploads\/2024\/01\/cropped-3333.jpg\",\"contentUrl\":\"https:\/\/mariachappuis.com\/blog\/wp-content\/uploads\/2024\/01\/cropped-3333.jpg\",\"width\":512,\"height\":512,\"caption\":\"Marita Chappuis\"},\"logo\":{\"@id\":\"https:\/\/mariachappuis.com\/blog\/wp-content\/uploads\/2024\/01\/cropped-3333.jpg\"}}]}<\/script>\n<!-- \/ Yoast SEO plugin. -->","yoast_head_json":{"title":"Alcalde de Sim\u00f3n Bol\u00edvar: Gobierno debe remediar pasivos ambientales","description":"Ante la declaraci\u00f3n de emergencia ambiental en cuatro distritos de Pasco, esta autoridad edil inform\u00f3 sobre la elaboraci\u00f3n de un plan de acci\u00f3n. El","robots":{"index":"index","follow":"follow","max-snippet":"max-snippet:-1","max-image-preview":"max-image-preview:large","max-video-preview":"max-video-preview:-1"},"canonical":"https:\/\/mariachappuis.com\/blog\/archivos\/200","og_locale":"es_ES","og_type":"article","og_title":"Alcalde de Sim\u00f3n Bol\u00edvar: Gobierno debe remediar pasivos ambientales","og_description":"Ante la declaraci\u00f3n de emergencia ambiental en cuatro distritos de Pasco, esta autoridad edil inform\u00f3 sobre la elaboraci\u00f3n de un plan de acci\u00f3n. El","og_url":"https:\/\/mariachappuis.com\/blog\/archivos\/200","og_site_name":"Maria Chappuis","article_published_time":"2012-05-19T06:46:54+00:00","article_modified_time":"2017-03-18T05:09:16+00:00","og_image":[{"width":512,"height":512,"url":"https:\/\/mariachappuis.com\/blog\/wp-content\/uploads\/2024\/01\/cropped-3333.jpg","type":"image\/jpeg"}],"author":"Marita Chappuis","twitter_card":"summary_large_image","twitter_misc":{"Escrito por":"Marita Chappuis","Tiempo de lectura":"1 minuto"},"schema":{"@context":"https:\/\/schema.org","@graph":[{"@type":"Article","@id":"https:\/\/mariachappuis.com\/blog\/archivos\/200#article","isPartOf":{"@id":"https:\/\/mariachappuis.com\/blog\/archivos\/200"},"author":{"name":"Marita Chappuis","@id":"https:\/\/mariachappuis.com\/blog\/#\/schema\/person\/8de0bece2913b35ac8b590fc9ac6dda5"},"headline":"Alcalde de Sim\u00f3n Bol\u00edvar: Gobierno debe remediar pasivos ambientales","datePublished":"2012-05-19T06:46:54+00:00","dateModified":"2017-03-18T05:09:16+00:00","mainEntityOfPage":{"@id":"https:\/\/mariachappuis.com\/blog\/archivos\/200"},"wordCount":292,"publisher":{"@id":"https:\/\/mariachappuis.com\/blog\/#\/schema\/person\/8de0bece2913b35ac8b590fc9ac6dda5"},"keywords":["contaminacion","Miner","Nacional","Pasco"],"articleSection":["General"],"inLanguage":"es"},{"@type":"WebPage","@id":"https:\/\/mariachappuis.com\/blog\/archivos\/200","url":"https:\/\/mariachappuis.com\/blog\/archivos\/200","name":"Alcalde de Sim\u00f3n Bol\u00edvar: Gobierno debe remediar pasivos ambientales","isPartOf":{"@id":"https:\/\/mariachappuis.com\/blog\/#website"},"datePublished":"2012-05-19T06:46:54+00:00","dateModified":"2017-03-18T05:09:16+00:00","description":"Ante la declaraci\u00f3n de emergencia ambiental en cuatro distritos de Pasco, esta autoridad edil inform\u00f3 sobre la elaboraci\u00f3n de un plan de acci\u00f3n. El","breadcrumb":{"@id":"https:\/\/mariachappuis.com\/blog\/archivos\/200#breadcrumb"},"inLanguage":"es","potentialAction":[{"@type":"ReadAction","target":["https:\/\/mariachappuis.com\/blog\/archivos\/200"]}]},{"@type":"BreadcrumbList","@id":"https:\/\/mariachappuis.com\/blog\/archivos\/200#breadcrumb","itemListElement":[{"@type":"ListItem","position":1,"name":"Portada","item":"https:\/\/mariachappuis.com\/blog"},{"@type":"ListItem","position":2,"name":"Alcalde de Sim\u00f3n Bol\u00edvar: Gobierno debe remediar pasivos ambientales"}]},{"@type":"WebSite","@id":"https:\/\/mariachappuis.com\/blog\/#website","url":"https:\/\/mariachappuis.com\/blog\/","name":"Marita Chappuis","description":"An\u00e1lisis y Comentarios","publisher":{"@id":"https:\/\/mariachappuis.com\/blog\/#\/schema\/person\/8de0bece2913b35ac8b590fc9ac6dda5"},"alternateName":"Marita Chappuis","potentialAction":[{"@type":"SearchAction","target":{"@type":"EntryPoint","urlTemplate":"https:\/\/mariachappuis.com\/blog\/?s={search_term_string}"},"query-input":{"@type":"PropertyValueSpecification","valueRequired":true,"valueName":"search_term_string"}}],"inLanguage":"es"},{"@type":["Person","Organization"],"@id":"https:\/\/mariachappuis.com\/blog\/#\/schema\/person\/8de0bece2913b35ac8b590fc9ac6dda5","name":"Marita Chappuis","image":{"@type":"ImageObject","inLanguage":"es","@id":"https:\/\/mariachappuis.com\/blog\/wp-content\/uploads\/2024\/01\/cropped-3333.jpg","url":"https:\/\/mariachappuis.com\/blog\/wp-content\/uploads\/2024\/01\/cropped-3333.jpg","contentUrl":"https:\/\/mariachappuis.com\/blog\/wp-content\/uploads\/2024\/01\/cropped-3333.jpg","width":512,"height":512,"caption":"Marita Chappuis"},"logo":{"@id":"https:\/\/mariachappuis.com\/blog\/wp-content\/uploads\/2024\/01\/cropped-3333.jpg"}}]}},"_links":{"self":[{"href":"https:\/\/mariachappuis.com\/blog\/wp-json\/wp\/v2\/posts\/200","targetHints":{"allow":["GET"]}}],"collection":[{"href":"https:\/\/mariachappuis.com\/blog\/wp-json\/wp\/v2\/posts"}],"about":[{"href":"https:\/\/mariachappuis.com\/blog\/wp-json\/wp\/v2\/types\/post"}],"author":[{"embeddable":true,"href":"https:\/\/mariachappuis.com\/blog\/wp-json\/wp\/v2\/users\/1"}],"replies":[{"embeddable":true,"href":"https:\/\/mariachappuis.com\/blog\/wp-json\/wp\/v2\/comments?post=200"}],"version-history":[{"count":3,"href":"https:\/\/mariachappuis.com\/blog\/wp-json\/wp\/v2\/posts\/200\/revisions"}],"predecessor-version":[{"id":1865,"href":"https:\/\/mariachappuis.com\/blog\/wp-json\/wp\/v2\/posts\/200\/revisions\/1865"}],"wp:attachment":[{"href":"https:\/\/mariachappuis.com\/blog\/wp-json\/wp\/v2\/media?parent=200"}],"wp:term":[{"taxonomy":"category","embeddable":true,"href":"https:\/\/mariachappuis.com\/blog\/wp-json\/wp\/v2\/categories?post=200"},{"taxonomy":"post_tag","embeddable":true,"href":"https:\/\/mariachappuis.com\/blog\/wp-json\/wp\/v2\/tags?post=200"}],"curies":[{"name":"wp","href":"https:\/\/api.w.org\/{rel}","templated":true}]}}