{"id":1181,"date":"2015-05-16T04:28:18","date_gmt":"2015-05-16T04:28:18","guid":{"rendered":"http:\/\/www.mariachappuis.com\/blog\/?p=1181"},"modified":"2019-04-08T18:17:07","modified_gmt":"2019-04-08T23:17:07","slug":"cartera-minera-en-chile-se-reduce-en-us30-000-millones","status":"publish","type":"post","link":"https:\/\/mariachappuis.com\/blog\/archivos\/1181","title":{"rendered":"Cartera minera en Chile se reduce en US$30.000 millones"},"content":{"rendered":"<p><a href=\"http:\/\/www.mariachappuis.com\/blog\/archivos\/1181\/ignacio-moreno-exponor-540x350\" rel=\"attachment wp-att-1182\"><img loading=\"lazy\" decoding=\"async\" class=\"alignnone size-full wp-image-1182\" alt=\"Ignacio-moreno-Exponor-540x350\" src=\"http:\/\/www.mariachappuis.com\/blog\/wp-content\/uploads\/2015\/05\/Ignacio-moreno-Exponor-540x350.jpg\" width=\"540\" height=\"350\" srcset=\"https:\/\/mariachappuis.com\/blog\/wp-content\/uploads\/2015\/05\/Ignacio-moreno-Exponor-540x350.jpg 540w, https:\/\/mariachappuis.com\/blog\/wp-content\/uploads\/2015\/05\/Ignacio-moreno-Exponor-540x350-300x194.jpg 300w\" sizes=\"auto, (max-width: 540px) 100vw, 540px\" \/><\/a><\/p>\n<p>El subsecretario Moreno indic\u00f3 que, seg\u00fan la actualizaci\u00f3n realizada por Cochilco, la inversi\u00f3n de proyectos de cobre en Chile en diez a\u00f1os baja de US$80.000 millones a US$64.000 millones.<\/p>\n<p>En el marco del Seminario \u201cProyectos de Inversi\u00f3n en Miner\u00eda en Chile\u201d, que se realiza como parte de la actividades de Exponor 2015, el subsecretario de Miner\u00eda, Ignacio Moreno, anunci\u00f3 que la cartera de proyectos mineros en Chile baj\u00f3 en US$30.000 millones, ubic\u00e1ndose de esta manera en US$74.000 millones para el periodo 2015-2024.<!--more--><\/p>\n<p>Junto a lo anterior, indic\u00f3 que a partir de la actualizaci\u00f3n realizada por Cochilco, la inversi\u00f3n de proyectos de cobre en Chile en diez a\u00f1os baja de US$80.000 millones a US$64.000 millones. Por su parte, la inversi\u00f3n en proyectos no cobre en Chile para la d\u00e9cada baja de US$24.000 millones a US$10.000 millones.<\/p>\n<p>[Marko Razmilic: \u201cEs importante volver a generar el clima para recuperar el liderazgo\u201d]<\/p>\n<p>En el caso de la baja en los proyectos de cobre, \u00e9sta se explica en parte por reestructuraciones y redefiniciones de grandes proyectos, as\u00ed como tambi\u00e9n por iniciativas que salen de la cartera porque entraron en operaci\u00f3n, tales como Sierra Gorda y Cerro Negro Norte (de CAP), afirm\u00f3 el subsecretario.<\/p>\n<p>Entre los proyectos en reestructuraci\u00f3n est\u00e1n Cerro Casale (que involucra una inversi\u00f3n de US$6.000 millones), el proyecto Expansi\u00f3n de Collahuasi, la ampliaci\u00f3n de Los Pelambres, por nombrar los principales.<\/p>\n<p>En tanto, la menor inversi\u00f3n en proyectos no cobre tiene que ver principalmente con iniciativas de oro que est\u00e1n siendo reevaluadas p0r sus due\u00f1os. \u201cAlgunos est\u00e1n congelados a pesar de tener permiso ambiental vigente\u201d, manifest\u00f3 Moreno, haciendo presente la situaci\u00f3n del precio de este metal, cuyo menor valor ha desincentivado este tipo de proyectos. \u201cNo hay nuevos proyectos no cobre que se est\u00e9n evaluando\u201d, dijo.<\/p>\n<p>Dificultades<\/p>\n<p>El subsecretario de Miner\u00eda hizo ver que los proyectos de inversi\u00f3n minera est\u00e1n enfrentando una serie de dificultades, las cuales explican las reevaluaciones y retrasos en algunas iniciativas, y que est\u00e1n relacionadas con tramitaciones ambientales largas, conflictos con comunidades, escasez de insumos cr\u00edticos, menor productividad, se\u00f1al\u00f3.<\/p>\n<p>Respecto de las demoras en las tramitaciones ambientales, Moreno plante\u00f3 que hay diferentes f\u00f3rmulas que se est\u00e1n estudiando para agilizar este tema y en particular la consulta ind\u00edgena, y que un esquema posible es sacarla del Sistema de Evaluaci\u00f3n Ambiental, \u201cque hoy est\u00e1 bastante cargado\u201d.<\/p>\n<p>Baja neta de US$10.000 millones<\/p>\n<p>Consultado por MINER\u00cdA CHILENA sobre la actualizaci\u00f3n de las cifras de inversi\u00f3n minera, el subsecretario del ramo inst\u00f3 a tomar la informaci\u00f3n con cautela, porque en los US$30.000 millones de diferencia hay \u201cUS$7.000 millones de proyectos que entraron en operaci\u00f3n y eso es una muy buena noticia\u201d. Asimismo, observ\u00f3 que del orden de US$13.000 millones tienen relaci\u00f3n con proyectos de oro, plata y hierro, cuyos precios est\u00e1n en niveles bajos. Esos dos \u00edtems, a\u00f1adi\u00f3, suman US$21.000 millones, \u201cpor lo tanto, la baja neta es de US$10.000 millones\u201d, afirm\u00f3.<\/p>\n<p>Moreno tambi\u00e9n hizo ver que tambi\u00e9n hay retraso en algunos proyectos, \u201cpero no significativo\u201d, que tienen una demora de uno o dos a\u00f1os respecto de la planificaci\u00f3n inicial.<\/p>\n<p>Fuente: http:\/\/www.mch.cl<\/p>\n","protected":false},"excerpt":{"rendered":"<p>El subsecretario Moreno indic\u00f3 que, seg\u00fan la actualizaci\u00f3n realizada por Cochilco, la inversi\u00f3n de proyectos de cobre en Chile en diez a\u00f1os baja de US$80.000 millones a US$64.000 millones. En el marco del Seminario \u201cProyectos de Inversi\u00f3n en Miner\u00eda en &hellip; <a href=\"https:\/\/mariachappuis.com\/blog\/archivos\/1181\">Sigue leyendo <span class=\"meta-nav\">&rarr;<\/span><\/a><\/p>\n","protected":false},"author":1,"featured_media":0,"comment_status":"closed","ping_status":"closed","sticky":false,"template":"","format":"standard","meta":{"footnotes":""},"categories":[1],"tags":[],"class_list":["post-1181","post","type-post","status-publish","format-standard","hentry","category-general"],"yoast_head":"<!-- This site is optimized with the Yoast SEO plugin v27.2 - https:\/\/yoast.com\/product\/yoast-seo-wordpress\/ -->\n<title>Cartera minera en Chile se reduce en US$30.000 millones<\/title>\n<meta name=\"description\" content=\"El subsecretario Moreno indic\u00f3 que, seg\u00fan la actualizaci\u00f3n realizada por Cochilco, la inversi\u00f3n de proyectos de cobre en Chile en diez a\u00f1os baja de\" \/>\n<meta name=\"robots\" content=\"index, follow, max-snippet:-1, max-image-preview:large, max-video-preview:-1\" \/>\n<link rel=\"canonical\" href=\"https:\/\/mariachappuis.com\/blog\/archivos\/1181\" \/>\n<meta property=\"og:locale\" content=\"es_ES\" \/>\n<meta property=\"og:type\" content=\"article\" \/>\n<meta property=\"og:title\" content=\"Cartera minera en Chile se reduce en US$30.000 millones\" \/>\n<meta property=\"og:description\" content=\"El subsecretario Moreno indic\u00f3 que, seg\u00fan la actualizaci\u00f3n realizada por Cochilco, la inversi\u00f3n de proyectos de cobre en Chile en diez a\u00f1os baja de\" \/>\n<meta property=\"og:url\" content=\"https:\/\/mariachappuis.com\/blog\/archivos\/1181\" \/>\n<meta property=\"og:site_name\" content=\"Maria Chappuis\" \/>\n<meta property=\"article:published_time\" content=\"2015-05-16T04:28:18+00:00\" \/>\n<meta property=\"article:modified_time\" content=\"2019-04-08T23:17:07+00:00\" \/>\n<meta property=\"og:image\" content=\"https:\/\/mariachappuis.com\/blog\/wp-content\/uploads\/2015\/05\/Ignacio-moreno-Exponor-540x350.jpg\" \/>\n\t<meta property=\"og:image:width\" content=\"540\" \/>\n\t<meta property=\"og:image:height\" content=\"350\" \/>\n\t<meta property=\"og:image:type\" content=\"image\/jpeg\" \/>\n<meta name=\"author\" content=\"Marita Chappuis\" \/>\n<meta name=\"twitter:card\" content=\"summary_large_image\" \/>\n<meta name=\"twitter:label1\" content=\"Escrito por\" \/>\n\t<meta name=\"twitter:data1\" content=\"Marita Chappuis\" \/>\n\t<meta name=\"twitter:label2\" content=\"Tiempo de lectura\" \/>\n\t<meta name=\"twitter:data2\" content=\"3 minutos\" \/>\n<script type=\"application\/ld+json\" class=\"yoast-schema-graph\">{\"@context\":\"https:\/\/schema.org\",\"@graph\":[{\"@type\":\"Article\",\"@id\":\"https:\/\/mariachappuis.com\/blog\/archivos\/1181#article\",\"isPartOf\":{\"@id\":\"https:\/\/mariachappuis.com\/blog\/archivos\/1181\"},\"author\":{\"name\":\"Marita Chappuis\",\"@id\":\"https:\/\/mariachappuis.com\/blog\/#\/schema\/person\/8de0bece2913b35ac8b590fc9ac6dda5\"},\"headline\":\"Cartera minera en Chile se reduce en US$30.000 millones\",\"datePublished\":\"2015-05-16T04:28:18+00:00\",\"dateModified\":\"2019-04-08T23:17:07+00:00\",\"mainEntityOfPage\":{\"@id\":\"https:\/\/mariachappuis.com\/blog\/archivos\/1181\"},\"wordCount\":567,\"publisher\":{\"@id\":\"https:\/\/mariachappuis.com\/blog\/#\/schema\/person\/8de0bece2913b35ac8b590fc9ac6dda5\"},\"image\":{\"@id\":\"https:\/\/mariachappuis.com\/blog\/archivos\/1181#primaryimage\"},\"thumbnailUrl\":\"http:\/\/www.mariachappuis.com\/blog\/wp-content\/uploads\/2015\/05\/Ignacio-moreno-Exponor-540x350.jpg\",\"articleSection\":[\"General\"],\"inLanguage\":\"es\"},{\"@type\":\"WebPage\",\"@id\":\"https:\/\/mariachappuis.com\/blog\/archivos\/1181\",\"url\":\"https:\/\/mariachappuis.com\/blog\/archivos\/1181\",\"name\":\"Cartera minera en Chile se reduce en US$30.000 millones\",\"isPartOf\":{\"@id\":\"https:\/\/mariachappuis.com\/blog\/#website\"},\"primaryImageOfPage\":{\"@id\":\"https:\/\/mariachappuis.com\/blog\/archivos\/1181#primaryimage\"},\"image\":{\"@id\":\"https:\/\/mariachappuis.com\/blog\/archivos\/1181#primaryimage\"},\"thumbnailUrl\":\"http:\/\/www.mariachappuis.com\/blog\/wp-content\/uploads\/2015\/05\/Ignacio-moreno-Exponor-540x350.jpg\",\"datePublished\":\"2015-05-16T04:28:18+00:00\",\"dateModified\":\"2019-04-08T23:17:07+00:00\",\"description\":\"El subsecretario Moreno indic\u00f3 que, seg\u00fan la actualizaci\u00f3n realizada por Cochilco, la inversi\u00f3n de proyectos de cobre en Chile en diez a\u00f1os baja de\",\"breadcrumb\":{\"@id\":\"https:\/\/mariachappuis.com\/blog\/archivos\/1181#breadcrumb\"},\"inLanguage\":\"es\",\"potentialAction\":[{\"@type\":\"ReadAction\",\"target\":[\"https:\/\/mariachappuis.com\/blog\/archivos\/1181\"]}]},{\"@type\":\"ImageObject\",\"inLanguage\":\"es\",\"@id\":\"https:\/\/mariachappuis.com\/blog\/archivos\/1181#primaryimage\",\"url\":\"http:\/\/www.mariachappuis.com\/blog\/wp-content\/uploads\/2015\/05\/Ignacio-moreno-Exponor-540x350.jpg\",\"contentUrl\":\"http:\/\/www.mariachappuis.com\/blog\/wp-content\/uploads\/2015\/05\/Ignacio-moreno-Exponor-540x350.jpg\"},{\"@type\":\"BreadcrumbList\",\"@id\":\"https:\/\/mariachappuis.com\/blog\/archivos\/1181#breadcrumb\",\"itemListElement\":[{\"@type\":\"ListItem\",\"position\":1,\"name\":\"Portada\",\"item\":\"https:\/\/mariachappuis.com\/blog\"},{\"@type\":\"ListItem\",\"position\":2,\"name\":\"Cartera minera en Chile se reduce en US$30.000 millones\"}]},{\"@type\":\"WebSite\",\"@id\":\"https:\/\/mariachappuis.com\/blog\/#website\",\"url\":\"https:\/\/mariachappuis.com\/blog\/\",\"name\":\"Marita Chappuis\",\"description\":\"An\u00e1lisis y Comentarios\",\"publisher\":{\"@id\":\"https:\/\/mariachappuis.com\/blog\/#\/schema\/person\/8de0bece2913b35ac8b590fc9ac6dda5\"},\"alternateName\":\"Marita Chappuis\",\"potentialAction\":[{\"@type\":\"SearchAction\",\"target\":{\"@type\":\"EntryPoint\",\"urlTemplate\":\"https:\/\/mariachappuis.com\/blog\/?s={search_term_string}\"},\"query-input\":{\"@type\":\"PropertyValueSpecification\",\"valueRequired\":true,\"valueName\":\"search_term_string\"}}],\"inLanguage\":\"es\"},{\"@type\":[\"Person\",\"Organization\"],\"@id\":\"https:\/\/mariachappuis.com\/blog\/#\/schema\/person\/8de0bece2913b35ac8b590fc9ac6dda5\",\"name\":\"Marita Chappuis\",\"image\":{\"@type\":\"ImageObject\",\"inLanguage\":\"es\",\"@id\":\"https:\/\/mariachappuis.com\/blog\/wp-content\/uploads\/2024\/01\/cropped-3333.jpg\",\"url\":\"https:\/\/mariachappuis.com\/blog\/wp-content\/uploads\/2024\/01\/cropped-3333.jpg\",\"contentUrl\":\"https:\/\/mariachappuis.com\/blog\/wp-content\/uploads\/2024\/01\/cropped-3333.jpg\",\"width\":512,\"height\":512,\"caption\":\"Marita Chappuis\"},\"logo\":{\"@id\":\"https:\/\/mariachappuis.com\/blog\/wp-content\/uploads\/2024\/01\/cropped-3333.jpg\"}}]}<\/script>\n<!-- \/ Yoast SEO plugin. -->","yoast_head_json":{"title":"Cartera minera en Chile se reduce en US$30.000 millones","description":"El subsecretario Moreno indic\u00f3 que, seg\u00fan la actualizaci\u00f3n realizada por Cochilco, la inversi\u00f3n de proyectos de cobre en Chile en diez a\u00f1os baja de","robots":{"index":"index","follow":"follow","max-snippet":"max-snippet:-1","max-image-preview":"max-image-preview:large","max-video-preview":"max-video-preview:-1"},"canonical":"https:\/\/mariachappuis.com\/blog\/archivos\/1181","og_locale":"es_ES","og_type":"article","og_title":"Cartera minera en Chile se reduce en US$30.000 millones","og_description":"El subsecretario Moreno indic\u00f3 que, seg\u00fan la actualizaci\u00f3n realizada por Cochilco, la inversi\u00f3n de proyectos de cobre en Chile en diez a\u00f1os baja de","og_url":"https:\/\/mariachappuis.com\/blog\/archivos\/1181","og_site_name":"Maria Chappuis","article_published_time":"2015-05-16T04:28:18+00:00","article_modified_time":"2019-04-08T23:17:07+00:00","og_image":[{"width":540,"height":350,"url":"https:\/\/mariachappuis.com\/blog\/wp-content\/uploads\/2015\/05\/Ignacio-moreno-Exponor-540x350.jpg","type":"image\/jpeg"}],"author":"Marita Chappuis","twitter_card":"summary_large_image","twitter_misc":{"Escrito por":"Marita Chappuis","Tiempo de lectura":"3 minutos"},"schema":{"@context":"https:\/\/schema.org","@graph":[{"@type":"Article","@id":"https:\/\/mariachappuis.com\/blog\/archivos\/1181#article","isPartOf":{"@id":"https:\/\/mariachappuis.com\/blog\/archivos\/1181"},"author":{"name":"Marita Chappuis","@id":"https:\/\/mariachappuis.com\/blog\/#\/schema\/person\/8de0bece2913b35ac8b590fc9ac6dda5"},"headline":"Cartera minera en Chile se reduce en US$30.000 millones","datePublished":"2015-05-16T04:28:18+00:00","dateModified":"2019-04-08T23:17:07+00:00","mainEntityOfPage":{"@id":"https:\/\/mariachappuis.com\/blog\/archivos\/1181"},"wordCount":567,"publisher":{"@id":"https:\/\/mariachappuis.com\/blog\/#\/schema\/person\/8de0bece2913b35ac8b590fc9ac6dda5"},"image":{"@id":"https:\/\/mariachappuis.com\/blog\/archivos\/1181#primaryimage"},"thumbnailUrl":"http:\/\/www.mariachappuis.com\/blog\/wp-content\/uploads\/2015\/05\/Ignacio-moreno-Exponor-540x350.jpg","articleSection":["General"],"inLanguage":"es"},{"@type":"WebPage","@id":"https:\/\/mariachappuis.com\/blog\/archivos\/1181","url":"https:\/\/mariachappuis.com\/blog\/archivos\/1181","name":"Cartera minera en Chile se reduce en US$30.000 millones","isPartOf":{"@id":"https:\/\/mariachappuis.com\/blog\/#website"},"primaryImageOfPage":{"@id":"https:\/\/mariachappuis.com\/blog\/archivos\/1181#primaryimage"},"image":{"@id":"https:\/\/mariachappuis.com\/blog\/archivos\/1181#primaryimage"},"thumbnailUrl":"http:\/\/www.mariachappuis.com\/blog\/wp-content\/uploads\/2015\/05\/Ignacio-moreno-Exponor-540x350.jpg","datePublished":"2015-05-16T04:28:18+00:00","dateModified":"2019-04-08T23:17:07+00:00","description":"El subsecretario Moreno indic\u00f3 que, seg\u00fan la actualizaci\u00f3n realizada por Cochilco, la inversi\u00f3n de proyectos de cobre en Chile en diez a\u00f1os baja de","breadcrumb":{"@id":"https:\/\/mariachappuis.com\/blog\/archivos\/1181#breadcrumb"},"inLanguage":"es","potentialAction":[{"@type":"ReadAction","target":["https:\/\/mariachappuis.com\/blog\/archivos\/1181"]}]},{"@type":"ImageObject","inLanguage":"es","@id":"https:\/\/mariachappuis.com\/blog\/archivos\/1181#primaryimage","url":"http:\/\/www.mariachappuis.com\/blog\/wp-content\/uploads\/2015\/05\/Ignacio-moreno-Exponor-540x350.jpg","contentUrl":"http:\/\/www.mariachappuis.com\/blog\/wp-content\/uploads\/2015\/05\/Ignacio-moreno-Exponor-540x350.jpg"},{"@type":"BreadcrumbList","@id":"https:\/\/mariachappuis.com\/blog\/archivos\/1181#breadcrumb","itemListElement":[{"@type":"ListItem","position":1,"name":"Portada","item":"https:\/\/mariachappuis.com\/blog"},{"@type":"ListItem","position":2,"name":"Cartera minera en Chile se reduce en US$30.000 millones"}]},{"@type":"WebSite","@id":"https:\/\/mariachappuis.com\/blog\/#website","url":"https:\/\/mariachappuis.com\/blog\/","name":"Marita Chappuis","description":"An\u00e1lisis y Comentarios","publisher":{"@id":"https:\/\/mariachappuis.com\/blog\/#\/schema\/person\/8de0bece2913b35ac8b590fc9ac6dda5"},"alternateName":"Marita Chappuis","potentialAction":[{"@type":"SearchAction","target":{"@type":"EntryPoint","urlTemplate":"https:\/\/mariachappuis.com\/blog\/?s={search_term_string}"},"query-input":{"@type":"PropertyValueSpecification","valueRequired":true,"valueName":"search_term_string"}}],"inLanguage":"es"},{"@type":["Person","Organization"],"@id":"https:\/\/mariachappuis.com\/blog\/#\/schema\/person\/8de0bece2913b35ac8b590fc9ac6dda5","name":"Marita Chappuis","image":{"@type":"ImageObject","inLanguage":"es","@id":"https:\/\/mariachappuis.com\/blog\/wp-content\/uploads\/2024\/01\/cropped-3333.jpg","url":"https:\/\/mariachappuis.com\/blog\/wp-content\/uploads\/2024\/01\/cropped-3333.jpg","contentUrl":"https:\/\/mariachappuis.com\/blog\/wp-content\/uploads\/2024\/01\/cropped-3333.jpg","width":512,"height":512,"caption":"Marita Chappuis"},"logo":{"@id":"https:\/\/mariachappuis.com\/blog\/wp-content\/uploads\/2024\/01\/cropped-3333.jpg"}}]}},"_links":{"self":[{"href":"https:\/\/mariachappuis.com\/blog\/wp-json\/wp\/v2\/posts\/1181","targetHints":{"allow":["GET"]}}],"collection":[{"href":"https:\/\/mariachappuis.com\/blog\/wp-json\/wp\/v2\/posts"}],"about":[{"href":"https:\/\/mariachappuis.com\/blog\/wp-json\/wp\/v2\/types\/post"}],"author":[{"embeddable":true,"href":"https:\/\/mariachappuis.com\/blog\/wp-json\/wp\/v2\/users\/1"}],"replies":[{"embeddable":true,"href":"https:\/\/mariachappuis.com\/blog\/wp-json\/wp\/v2\/comments?post=1181"}],"version-history":[{"count":5,"href":"https:\/\/mariachappuis.com\/blog\/wp-json\/wp\/v2\/posts\/1181\/revisions"}],"predecessor-version":[{"id":2069,"href":"https:\/\/mariachappuis.com\/blog\/wp-json\/wp\/v2\/posts\/1181\/revisions\/2069"}],"wp:attachment":[{"href":"https:\/\/mariachappuis.com\/blog\/wp-json\/wp\/v2\/media?parent=1181"}],"wp:term":[{"taxonomy":"category","embeddable":true,"href":"https:\/\/mariachappuis.com\/blog\/wp-json\/wp\/v2\/categories?post=1181"},{"taxonomy":"post_tag","embeddable":true,"href":"https:\/\/mariachappuis.com\/blog\/wp-json\/wp\/v2\/tags?post=1181"}],"curies":[{"name":"wp","href":"https:\/\/api.w.org\/{rel}","templated":true}]}}