{"id":1175,"date":"2015-04-03T21:54:58","date_gmt":"2015-04-03T21:54:58","guid":{"rendered":"http:\/\/www.mariachappuis.com\/blog\/?p=1175"},"modified":"2019-04-08T18:17:07","modified_gmt":"2019-04-08T23:17:07","slug":"tia-maria-plan-pilatos","status":"publish","type":"post","link":"https:\/\/mariachappuis.com\/blog\/archivos\/1175","title":{"rendered":"T\u00eda Mar\u00eda: Plan P\u2026ilatos"},"content":{"rendered":"<p>El d\u00eda viernes aparecieron declaraciones del Presidente y de la Ministra de Energ\u00eda y Minas asegurando que el proyecto iba porque ahora los proyectos ya no contaminan como antes y se ha iniciado una mesa de desarrollo. Esto ante las declaraciones de un vocero de Southern que dijo \u201chace ocho a\u00f1os estamos tratando de desarrollar este proyecto\u201d. Declaraciones similares fueron hechas por la gobernadora de Arequipa. Todas estos anuncios fueron hechos obviamente muy lejos de Islay donde un grupo de manifestantes hab\u00edan organizado una huelga.<!--more--><\/p>\n<p>No vamos a mencionar que dijo Humala cuando era candidato, pero s\u00ed que hizo \u00e9stos \u00faltimos cuatro a\u00f1os. Su conocimiento sobre la miner\u00eda, su impacto social y ambiental, lo aprendi\u00f3 leyendo todos los comunicados de las ONGs antimineras. Aun cuando sali\u00f3 en la TV afirmando \u201cConga va\u201d nunca la visit\u00f3, nunca ha visitado ninguna mina\u2026me corrijo estuvo presente cuando concluy\u00f3 el rescate de unos mineros artesanales que hab\u00edan quedado atrapados por un derrumbe (buscando emular a Pi\u00f1era y los \u201c33\u201d).<br \/>\nSi realmente estuviera convencido de que no habr\u00e1 contaminaci\u00f3n, y que el uso de agua de mar es factible en \u201cT\u00eda Mar\u00eda\u201d debi\u00f3 haberse dado una vuelta por la mina \u201cCerro Lindo\u201d (Chincha), escuchar y conocer los beneficios de esta tecnolog\u00eda.<\/p>\n<p>Humala no s\u00f3lo no ha querido escuchar a la \u201cotra parte\u201d (las empresas), tampoco nunca quiso escuchar los argumentos de los funcionarios del MINEM que era desacreditado permanentemente por el Ministro del Ambiente.<\/p>\n<p>Inclusive, la actual Ministra del sector, estuvo todo el a\u00f1o pasado dirigiendo SENACE, la instituci\u00f3n creada por Humala para revisar los estudios ambientales, porque a su parecer los aprobados por el MINEM no gozaban de la confianza de la poblaci\u00f3n\u2026entonces, \u00bfqu\u00e9 est\u00e1 defendiendo ahora?, \u00bfa qui\u00e9n quiere convencer que el EIA aprobado est\u00e1 bien hecho?.<\/p>\n<p>No ha pasado una semana de que el MINAM haya declarado que hay una intenci\u00f3n de limitar los recursos de la OEFA que \u201ctiende a su minimizaci\u00f3n, limitaci\u00f3n e incluso desaparici\u00f3n\u201d\u2026sin mencionar que pretenden recibir de las mineras 45 millones de d\u00f3lares (anualmente), dizque para fiscalizar. Desinforma Pulgar-Vidal (MPV), porque hace m\u00e1s de 20 a\u00f1os se realizan fiscalizaciones a las mineras, que pagaban un arancel. Sistem\u00e1ticamente MPV hace declaraciones en el sentido que todo lo que se ha hecho est\u00e1 mal, y todo lo aprobado por el MINEM es sospechoso.<\/p>\n<p>No s\u00f3lo la fiscalizaci\u00f3n ambiental tendr\u00e1 un presupuesto de 45 millones de d\u00f3lares (anualmente) sino tambi\u00e9n la seguridad minera (Osinergmin) recibir\u00e1 63 millones de d\u00f3lares, de forma anual.<\/p>\n<p>Si Humala cree que las mineras deben ser m\u00e1s supervisadas \u201cpara gozar de la confianza de la poblaci\u00f3n\u201d debiera auditar la gesti\u00f3n de sus supervisoras: Osinergmin y OEFA. Estas dos instituciones deber\u00edan no s\u00f3lo tener indicadores de gesti\u00f3n rigurosamente evaluados; sino ser transparentes con los gastos que realizan. No puede ser un \u201cindicador\u201d el monto de las multas aplicadas, el n\u00famero de eventos organizados, o cuantos calendarios\/agendas repartieron.<\/p>\n<p>Son indicadores: relaci\u00f3n de personal t\u00e9cnico a personal administrativo. Este \u00faltimo no deber\u00eda superar el 15%, incluyendo a los abogados; alta direcci\u00f3n compuesta exclusivamente por t\u00e9cnicos de reconocida trayectoria; n\u00famero de profesionales con maestr\u00edas en el extranjero; y lo m\u00e1s importante: si los resultados de su gesti\u00f3n valen la pena, esto es, las minas tienen cada d\u00eda mejores est\u00e1ndares de seguridad y ambientales.<\/p>\n<p>En resumen, la soluci\u00f3n pasa primero en convencer a presidente, ministros, gobernadora, y alcaldes\u2026no a cinco mil agricultores.<\/p>\n","protected":false},"excerpt":{"rendered":"<p>El d\u00eda viernes aparecieron declaraciones del Presidente y de la Ministra de Energ\u00eda y Minas asegurando que el proyecto iba porque ahora los proyectos ya no contaminan como antes y se ha iniciado una mesa de desarrollo. Esto ante las &hellip; <a href=\"https:\/\/mariachappuis.com\/blog\/archivos\/1175\">Sigue leyendo <span class=\"meta-nav\">&rarr;<\/span><\/a><\/p>\n","protected":false},"author":1,"featured_media":0,"comment_status":"closed","ping_status":"closed","sticky":false,"template":"","format":"standard","meta":{"footnotes":""},"categories":[1],"tags":[],"class_list":["post-1175","post","type-post","status-publish","format-standard","hentry","category-general"],"yoast_head":"<!-- This site is optimized with the Yoast SEO plugin v27.2 - https:\/\/yoast.com\/product\/yoast-seo-wordpress\/ -->\n<title>T\u00eda Mar\u00eda: Plan P\u2026ilatos<\/title>\n<meta name=\"description\" content=\"El d\u00eda viernes aparecieron declaraciones del Presidente y de la Ministra de Energ\u00eda y Minas asegurando que el proyecto iba porque ahora los proyectos ya\" \/>\n<meta name=\"robots\" content=\"index, follow, max-snippet:-1, max-image-preview:large, max-video-preview:-1\" \/>\n<link rel=\"canonical\" href=\"https:\/\/mariachappuis.com\/blog\/archivos\/1175\" \/>\n<meta property=\"og:locale\" content=\"es_ES\" \/>\n<meta property=\"og:type\" content=\"article\" \/>\n<meta property=\"og:title\" content=\"T\u00eda Mar\u00eda: Plan P\u2026ilatos\" \/>\n<meta property=\"og:description\" content=\"El d\u00eda viernes aparecieron declaraciones del Presidente y de la Ministra de Energ\u00eda y Minas asegurando que el proyecto iba porque ahora los proyectos ya\" \/>\n<meta property=\"og:url\" content=\"https:\/\/mariachappuis.com\/blog\/archivos\/1175\" \/>\n<meta property=\"og:site_name\" content=\"Maria Chappuis\" \/>\n<meta property=\"article:published_time\" content=\"2015-04-03T21:54:58+00:00\" \/>\n<meta property=\"article:modified_time\" content=\"2019-04-08T23:17:07+00:00\" \/>\n<meta property=\"og:image\" content=\"https:\/\/mariachappuis.com\/blog\/wp-content\/uploads\/2024\/01\/cropped-3333.jpg\" \/>\n\t<meta property=\"og:image:width\" content=\"512\" \/>\n\t<meta property=\"og:image:height\" content=\"512\" \/>\n\t<meta property=\"og:image:type\" content=\"image\/jpeg\" \/>\n<meta name=\"author\" content=\"Marita Chappuis\" \/>\n<meta name=\"twitter:card\" content=\"summary_large_image\" \/>\n<meta name=\"twitter:label1\" content=\"Escrito por\" \/>\n\t<meta name=\"twitter:data1\" content=\"Marita Chappuis\" \/>\n\t<meta name=\"twitter:label2\" content=\"Tiempo de lectura\" \/>\n\t<meta name=\"twitter:data2\" content=\"3 minutos\" \/>\n<script type=\"application\/ld+json\" class=\"yoast-schema-graph\">{\"@context\":\"https:\/\/schema.org\",\"@graph\":[{\"@type\":\"Article\",\"@id\":\"https:\/\/mariachappuis.com\/blog\/archivos\/1175#article\",\"isPartOf\":{\"@id\":\"https:\/\/mariachappuis.com\/blog\/archivos\/1175\"},\"author\":{\"name\":\"Marita Chappuis\",\"@id\":\"https:\/\/mariachappuis.com\/blog\/#\/schema\/person\/8de0bece2913b35ac8b590fc9ac6dda5\"},\"headline\":\"T\u00eda Mar\u00eda: Plan P\u2026ilatos\",\"datePublished\":\"2015-04-03T21:54:58+00:00\",\"dateModified\":\"2019-04-08T23:17:07+00:00\",\"mainEntityOfPage\":{\"@id\":\"https:\/\/mariachappuis.com\/blog\/archivos\/1175\"},\"wordCount\":616,\"publisher\":{\"@id\":\"https:\/\/mariachappuis.com\/blog\/#\/schema\/person\/8de0bece2913b35ac8b590fc9ac6dda5\"},\"articleSection\":[\"General\"],\"inLanguage\":\"es\"},{\"@type\":\"WebPage\",\"@id\":\"https:\/\/mariachappuis.com\/blog\/archivos\/1175\",\"url\":\"https:\/\/mariachappuis.com\/blog\/archivos\/1175\",\"name\":\"T\u00eda Mar\u00eda: Plan P\u2026ilatos\",\"isPartOf\":{\"@id\":\"https:\/\/mariachappuis.com\/blog\/#website\"},\"datePublished\":\"2015-04-03T21:54:58+00:00\",\"dateModified\":\"2019-04-08T23:17:07+00:00\",\"description\":\"El d\u00eda viernes aparecieron declaraciones del Presidente y de la Ministra de Energ\u00eda y Minas asegurando que el proyecto iba porque ahora los proyectos ya\",\"breadcrumb\":{\"@id\":\"https:\/\/mariachappuis.com\/blog\/archivos\/1175#breadcrumb\"},\"inLanguage\":\"es\",\"potentialAction\":[{\"@type\":\"ReadAction\",\"target\":[\"https:\/\/mariachappuis.com\/blog\/archivos\/1175\"]}]},{\"@type\":\"BreadcrumbList\",\"@id\":\"https:\/\/mariachappuis.com\/blog\/archivos\/1175#breadcrumb\",\"itemListElement\":[{\"@type\":\"ListItem\",\"position\":1,\"name\":\"Portada\",\"item\":\"https:\/\/mariachappuis.com\/blog\"},{\"@type\":\"ListItem\",\"position\":2,\"name\":\"T\u00eda Mar\u00eda: Plan P\u2026ilatos\"}]},{\"@type\":\"WebSite\",\"@id\":\"https:\/\/mariachappuis.com\/blog\/#website\",\"url\":\"https:\/\/mariachappuis.com\/blog\/\",\"name\":\"Marita Chappuis\",\"description\":\"An\u00e1lisis y Comentarios\",\"publisher\":{\"@id\":\"https:\/\/mariachappuis.com\/blog\/#\/schema\/person\/8de0bece2913b35ac8b590fc9ac6dda5\"},\"alternateName\":\"Marita Chappuis\",\"potentialAction\":[{\"@type\":\"SearchAction\",\"target\":{\"@type\":\"EntryPoint\",\"urlTemplate\":\"https:\/\/mariachappuis.com\/blog\/?s={search_term_string}\"},\"query-input\":{\"@type\":\"PropertyValueSpecification\",\"valueRequired\":true,\"valueName\":\"search_term_string\"}}],\"inLanguage\":\"es\"},{\"@type\":[\"Person\",\"Organization\"],\"@id\":\"https:\/\/mariachappuis.com\/blog\/#\/schema\/person\/8de0bece2913b35ac8b590fc9ac6dda5\",\"name\":\"Marita Chappuis\",\"image\":{\"@type\":\"ImageObject\",\"inLanguage\":\"es\",\"@id\":\"https:\/\/mariachappuis.com\/blog\/wp-content\/uploads\/2024\/01\/cropped-3333.jpg\",\"url\":\"https:\/\/mariachappuis.com\/blog\/wp-content\/uploads\/2024\/01\/cropped-3333.jpg\",\"contentUrl\":\"https:\/\/mariachappuis.com\/blog\/wp-content\/uploads\/2024\/01\/cropped-3333.jpg\",\"width\":512,\"height\":512,\"caption\":\"Marita Chappuis\"},\"logo\":{\"@id\":\"https:\/\/mariachappuis.com\/blog\/wp-content\/uploads\/2024\/01\/cropped-3333.jpg\"}}]}<\/script>\n<!-- \/ Yoast SEO plugin. -->","yoast_head_json":{"title":"T\u00eda Mar\u00eda: Plan P\u2026ilatos","description":"El d\u00eda viernes aparecieron declaraciones del Presidente y de la Ministra de Energ\u00eda y Minas asegurando que el proyecto iba porque ahora los proyectos ya","robots":{"index":"index","follow":"follow","max-snippet":"max-snippet:-1","max-image-preview":"max-image-preview:large","max-video-preview":"max-video-preview:-1"},"canonical":"https:\/\/mariachappuis.com\/blog\/archivos\/1175","og_locale":"es_ES","og_type":"article","og_title":"T\u00eda Mar\u00eda: Plan P\u2026ilatos","og_description":"El d\u00eda viernes aparecieron declaraciones del Presidente y de la Ministra de Energ\u00eda y Minas asegurando que el proyecto iba porque ahora los proyectos ya","og_url":"https:\/\/mariachappuis.com\/blog\/archivos\/1175","og_site_name":"Maria Chappuis","article_published_time":"2015-04-03T21:54:58+00:00","article_modified_time":"2019-04-08T23:17:07+00:00","og_image":[{"width":512,"height":512,"url":"https:\/\/mariachappuis.com\/blog\/wp-content\/uploads\/2024\/01\/cropped-3333.jpg","type":"image\/jpeg"}],"author":"Marita Chappuis","twitter_card":"summary_large_image","twitter_misc":{"Escrito por":"Marita Chappuis","Tiempo de lectura":"3 minutos"},"schema":{"@context":"https:\/\/schema.org","@graph":[{"@type":"Article","@id":"https:\/\/mariachappuis.com\/blog\/archivos\/1175#article","isPartOf":{"@id":"https:\/\/mariachappuis.com\/blog\/archivos\/1175"},"author":{"name":"Marita Chappuis","@id":"https:\/\/mariachappuis.com\/blog\/#\/schema\/person\/8de0bece2913b35ac8b590fc9ac6dda5"},"headline":"T\u00eda Mar\u00eda: Plan P\u2026ilatos","datePublished":"2015-04-03T21:54:58+00:00","dateModified":"2019-04-08T23:17:07+00:00","mainEntityOfPage":{"@id":"https:\/\/mariachappuis.com\/blog\/archivos\/1175"},"wordCount":616,"publisher":{"@id":"https:\/\/mariachappuis.com\/blog\/#\/schema\/person\/8de0bece2913b35ac8b590fc9ac6dda5"},"articleSection":["General"],"inLanguage":"es"},{"@type":"WebPage","@id":"https:\/\/mariachappuis.com\/blog\/archivos\/1175","url":"https:\/\/mariachappuis.com\/blog\/archivos\/1175","name":"T\u00eda Mar\u00eda: Plan P\u2026ilatos","isPartOf":{"@id":"https:\/\/mariachappuis.com\/blog\/#website"},"datePublished":"2015-04-03T21:54:58+00:00","dateModified":"2019-04-08T23:17:07+00:00","description":"El d\u00eda viernes aparecieron declaraciones del Presidente y de la Ministra de Energ\u00eda y Minas asegurando que el proyecto iba porque ahora los proyectos ya","breadcrumb":{"@id":"https:\/\/mariachappuis.com\/blog\/archivos\/1175#breadcrumb"},"inLanguage":"es","potentialAction":[{"@type":"ReadAction","target":["https:\/\/mariachappuis.com\/blog\/archivos\/1175"]}]},{"@type":"BreadcrumbList","@id":"https:\/\/mariachappuis.com\/blog\/archivos\/1175#breadcrumb","itemListElement":[{"@type":"ListItem","position":1,"name":"Portada","item":"https:\/\/mariachappuis.com\/blog"},{"@type":"ListItem","position":2,"name":"T\u00eda Mar\u00eda: Plan P\u2026ilatos"}]},{"@type":"WebSite","@id":"https:\/\/mariachappuis.com\/blog\/#website","url":"https:\/\/mariachappuis.com\/blog\/","name":"Marita Chappuis","description":"An\u00e1lisis y Comentarios","publisher":{"@id":"https:\/\/mariachappuis.com\/blog\/#\/schema\/person\/8de0bece2913b35ac8b590fc9ac6dda5"},"alternateName":"Marita Chappuis","potentialAction":[{"@type":"SearchAction","target":{"@type":"EntryPoint","urlTemplate":"https:\/\/mariachappuis.com\/blog\/?s={search_term_string}"},"query-input":{"@type":"PropertyValueSpecification","valueRequired":true,"valueName":"search_term_string"}}],"inLanguage":"es"},{"@type":["Person","Organization"],"@id":"https:\/\/mariachappuis.com\/blog\/#\/schema\/person\/8de0bece2913b35ac8b590fc9ac6dda5","name":"Marita Chappuis","image":{"@type":"ImageObject","inLanguage":"es","@id":"https:\/\/mariachappuis.com\/blog\/wp-content\/uploads\/2024\/01\/cropped-3333.jpg","url":"https:\/\/mariachappuis.com\/blog\/wp-content\/uploads\/2024\/01\/cropped-3333.jpg","contentUrl":"https:\/\/mariachappuis.com\/blog\/wp-content\/uploads\/2024\/01\/cropped-3333.jpg","width":512,"height":512,"caption":"Marita Chappuis"},"logo":{"@id":"https:\/\/mariachappuis.com\/blog\/wp-content\/uploads\/2024\/01\/cropped-3333.jpg"}}]}},"_links":{"self":[{"href":"https:\/\/mariachappuis.com\/blog\/wp-json\/wp\/v2\/posts\/1175","targetHints":{"allow":["GET"]}}],"collection":[{"href":"https:\/\/mariachappuis.com\/blog\/wp-json\/wp\/v2\/posts"}],"about":[{"href":"https:\/\/mariachappuis.com\/blog\/wp-json\/wp\/v2\/types\/post"}],"author":[{"embeddable":true,"href":"https:\/\/mariachappuis.com\/blog\/wp-json\/wp\/v2\/users\/1"}],"replies":[{"embeddable":true,"href":"https:\/\/mariachappuis.com\/blog\/wp-json\/wp\/v2\/comments?post=1175"}],"version-history":[{"count":3,"href":"https:\/\/mariachappuis.com\/blog\/wp-json\/wp\/v2\/posts\/1175\/revisions"}],"predecessor-version":[{"id":2071,"href":"https:\/\/mariachappuis.com\/blog\/wp-json\/wp\/v2\/posts\/1175\/revisions\/2071"}],"wp:attachment":[{"href":"https:\/\/mariachappuis.com\/blog\/wp-json\/wp\/v2\/media?parent=1175"}],"wp:term":[{"taxonomy":"category","embeddable":true,"href":"https:\/\/mariachappuis.com\/blog\/wp-json\/wp\/v2\/categories?post=1175"},{"taxonomy":"post_tag","embeddable":true,"href":"https:\/\/mariachappuis.com\/blog\/wp-json\/wp\/v2\/tags?post=1175"}],"curies":[{"name":"wp","href":"https:\/\/api.w.org\/{rel}","templated":true}]}}