{"id":1168,"date":"2015-02-06T05:10:40","date_gmt":"2015-02-06T05:10:40","guid":{"rendered":"http:\/\/www.mariachappuis.com\/blog\/?p=1168"},"modified":"2019-04-08T18:17:08","modified_gmt":"2019-04-08T23:17:08","slug":"mineria-iniciando-el-2015","status":"publish","type":"post","link":"https:\/\/mariachappuis.com\/blog\/archivos\/1168","title":{"rendered":"Miner\u00eda: Iniciando el 2015"},"content":{"rendered":"<p>El cobre ha mostrado una fuerte baja que ha afectado seriamente a la BVL que es una de las pocas bolsas del mundo con resultados tan negativos en lo que va el a\u00f1o.<\/p>\n<p>Pero los mineros de cobre est\u00e1n optimistas. Consideran que el precio paulatinamente se ir\u00e1 recuperando a partir del segundo trimestre. Tambi\u00e9n la baja del precio del petr\u00f3leo est\u00e1 ayudando en los rigurosos planes de reducci\u00f3n de costos que se han impuesto en todas las compa\u00f1\u00edas mineras. Para los mineros esta ca\u00edda brusca de la cotizaci\u00f3n del metal rojo se origin\u00f3 en los hedgefunds chinos que apostaron a la baja; adem\u00e1s de pron\u00f3sticos como los delGrupo Internacional de Estudios de Cobre que anunciaban un exceso de oferta de 400,000 TMF, para este a\u00f1o. Este exceso de oferta posiblemente se corrija reci\u00e9n en el 2017.<!--more--><\/p>\n<p>Para sustentar su optimismo los mineros muestran que mientras que el cobre baj\u00f3 10% en las primeras 3 semanas del 2015; el zinc lo hizo en 1.7% mientras que el plomo subi\u00f3 en la misma proporci\u00f3n que cay\u00f3 el zinc. A partir de \u00e9stas cifras deducen que el origen no es una ca\u00edda por problemas en la econom\u00eda mundial. Se espera tambi\u00e9n que la ca\u00edda del precio de los combustibles tenga un efecto multiplicador positivo en los desempe\u00f1os de las mayores econom\u00edas.<\/p>\n<p>Los pron\u00f3sticos para el cobre para este a\u00f1o fluct\u00faan entre US$3.22\/lb lanzado por ABN AMRO Bank NV hasta US$2.74 por DZ Bank AG DeustcheZentral. Las empresas mineras estiman para este a\u00f1o un precio de US$2.85, US$2.90 para el 2016, y US$ 3.00 para el 2017. Recordemos que el precio del cobre estuvo sobre los US$3.00 desde 2006 hasta el a\u00f1o pasado; pisando los US$ 4.00 en el 2011. Los precios no mejoran porque el gran consumidor China tiene un crecimiento descendente. China crec\u00eda a 10.4% en el 2010, mientras que el a\u00f1o pasado s\u00f3lo creci\u00f3 7.4%, y se espera que este a\u00f1o llegue a 7%. Sin embargo Estados Unidos podr\u00eda crecer 3% este a\u00f1o, y sea la locomotora de la econom\u00eda mundial.<\/p>\n<p>\u00bfQu\u00e9 puede hacer el gobierno con estas perspectivas? En primer lugar aceptar que los tiempos de holgura que se vivieron nunca m\u00e1s volver\u00e1n. Transferencias por canon inacabables ser\u00e1n un recuerdo. Entonces tiene que volverse eficiente, y apoyar en las mejoras de eficiencia de las empresas. Productividad laboral ser\u00e1 un factor cada d\u00eda m\u00e1s importante; pues nuestro pa\u00eds ha tenido costos competitivos por una combinaci\u00f3n de excelentes \u201cleyes\u201d (contenidos de metal por tonelada de mineral) y bajos precios de energ\u00eda. Un estudio chileno afirmaba que el costo promedio mundial est\u00e1 en US$86\/MWh, y en Per\u00fa este costo era de US$74\/MWh.<\/p>\n<p>\u00bfTendremos excelentes \u201cleyes\u201d y grandes vol\u00famenes de reservas en el futuro? Nadie lo sabe exactamente. El MINEM no brinda buenas estad\u00edsticas que podr\u00eda obtener de la amplia informaci\u00f3n que mantiene a trav\u00e9s de la DAC (Declaraci\u00f3n Anual Consolidada) que todos los titulares mineros reportan todos los a\u00f1os. El MINEM podr\u00eda estar reportando como est\u00e1n creciendo los costos en la industria minera, y como est\u00e1n bajando las leyes. Como tambi\u00e9n como ha crecido la inversi\u00f3n social y bajado el consumo de agua por tonelada. As\u00ed como tambi\u00e9n que nuevas tecnolog\u00edas se est\u00e1n introduciendo en nuestro pa\u00eds.<\/p>\n<p>EL MINEM reporta trimestralmente la \u201ccartera de proyectos\u201d, recogiendo la informaci\u00f3n que las empresas publican a la prensa. Los montos de inversi\u00f3n est\u00e1n subestimados (porque provienen de antiguos estudios), y son optimistas en cuanto a plazos.<br \/>\nEl tiempo para desarrollar proyectos se est\u00e1n alargando, en nuestro pa\u00eds m\u00e1s que en otros pa\u00edses del mundo; los niveles de inversi\u00f3n est\u00e1n creciendo, por lo tanto el per\u00edodo de recuperaci\u00f3n del capital se demora m\u00e1s y se torna m\u00e1s riesgoso.<\/p>\n<p>En este entorno necesitamos autoridades que apuesten por ser referentes t\u00e9cnicos en lugar de entes burocr\u00e1ticos que miden sus logros seg\u00fan el monto de multas que han impuesto. No necesitamos \u201cn\u201d instituciones que se ocupan de la miner\u00eda, sino s\u00f3lo una instituci\u00f3n. La calificaci\u00f3n ambiental no puede estar en una instituci\u00f3n novata que nadie sabe que criterios va a utilizar, pero se marketea como la \u201cventanilla \u00fanica\u201d sin haber obtenido la delegaci\u00f3n de funciones de ninguna instituci\u00f3n. En resumen necesitamos m\u00e1s seriedad, menos improvisaci\u00f3n, porque la fiesta ya se acabo.<\/p>\n","protected":false},"excerpt":{"rendered":"<p>El cobre ha mostrado una fuerte baja que ha afectado seriamente a la BVL que es una de las pocas bolsas del mundo con resultados tan negativos en lo que va el a\u00f1o. Pero los mineros de cobre est\u00e1n optimistas. &hellip; <a href=\"https:\/\/mariachappuis.com\/blog\/archivos\/1168\">Sigue leyendo <span class=\"meta-nav\">&rarr;<\/span><\/a><\/p>\n","protected":false},"author":1,"featured_media":0,"comment_status":"closed","ping_status":"closed","sticky":false,"template":"","format":"standard","meta":{"footnotes":""},"categories":[1],"tags":[],"class_list":["post-1168","post","type-post","status-publish","format-standard","hentry","category-general"],"yoast_head":"<!-- This site is optimized with the Yoast SEO plugin v27.2 - https:\/\/yoast.com\/product\/yoast-seo-wordpress\/ -->\n<title>Miner\u00eda: Iniciando el 2015<\/title>\n<meta name=\"description\" content=\"El cobre ha mostrado una fuerte baja que ha afectado seriamente a la BVL que es una de las pocas bolsas del mundo con resultados tan negativos en lo que\" \/>\n<meta name=\"robots\" content=\"index, follow, max-snippet:-1, max-image-preview:large, max-video-preview:-1\" \/>\n<link rel=\"canonical\" href=\"https:\/\/mariachappuis.com\/blog\/archivos\/1168\" \/>\n<meta property=\"og:locale\" content=\"es_ES\" \/>\n<meta property=\"og:type\" content=\"article\" \/>\n<meta property=\"og:title\" content=\"Miner\u00eda: Iniciando el 2015\" \/>\n<meta property=\"og:description\" content=\"El cobre ha mostrado una fuerte baja que ha afectado seriamente a la BVL que es una de las pocas bolsas del mundo con resultados tan negativos en lo que\" \/>\n<meta property=\"og:url\" content=\"https:\/\/mariachappuis.com\/blog\/archivos\/1168\" \/>\n<meta property=\"og:site_name\" content=\"Maria Chappuis\" \/>\n<meta property=\"article:published_time\" content=\"2015-02-06T05:10:40+00:00\" \/>\n<meta property=\"article:modified_time\" content=\"2019-04-08T23:17:08+00:00\" \/>\n<meta property=\"og:image\" content=\"https:\/\/mariachappuis.com\/blog\/wp-content\/uploads\/2024\/01\/cropped-3333.jpg\" \/>\n\t<meta property=\"og:image:width\" content=\"512\" \/>\n\t<meta property=\"og:image:height\" content=\"512\" \/>\n\t<meta property=\"og:image:type\" content=\"image\/jpeg\" \/>\n<meta name=\"author\" content=\"Marita Chappuis\" \/>\n<meta name=\"twitter:card\" content=\"summary_large_image\" \/>\n<meta name=\"twitter:label1\" content=\"Escrito por\" \/>\n\t<meta name=\"twitter:data1\" content=\"Marita Chappuis\" \/>\n\t<meta name=\"twitter:label2\" content=\"Tiempo de lectura\" \/>\n\t<meta name=\"twitter:data2\" content=\"4 minutos\" \/>\n<script type=\"application\/ld+json\" class=\"yoast-schema-graph\">{\"@context\":\"https:\/\/schema.org\",\"@graph\":[{\"@type\":\"Article\",\"@id\":\"https:\/\/mariachappuis.com\/blog\/archivos\/1168#article\",\"isPartOf\":{\"@id\":\"https:\/\/mariachappuis.com\/blog\/archivos\/1168\"},\"author\":{\"name\":\"Marita Chappuis\",\"@id\":\"https:\/\/mariachappuis.com\/blog\/#\/schema\/person\/8de0bece2913b35ac8b590fc9ac6dda5\"},\"headline\":\"Miner\u00eda: Iniciando el 2015\",\"datePublished\":\"2015-02-06T05:10:40+00:00\",\"dateModified\":\"2019-04-08T23:17:08+00:00\",\"mainEntityOfPage\":{\"@id\":\"https:\/\/mariachappuis.com\/blog\/archivos\/1168\"},\"wordCount\":771,\"publisher\":{\"@id\":\"https:\/\/mariachappuis.com\/blog\/#\/schema\/person\/8de0bece2913b35ac8b590fc9ac6dda5\"},\"articleSection\":[\"General\"],\"inLanguage\":\"es\"},{\"@type\":\"WebPage\",\"@id\":\"https:\/\/mariachappuis.com\/blog\/archivos\/1168\",\"url\":\"https:\/\/mariachappuis.com\/blog\/archivos\/1168\",\"name\":\"Miner\u00eda: Iniciando el 2015\",\"isPartOf\":{\"@id\":\"https:\/\/mariachappuis.com\/blog\/#website\"},\"datePublished\":\"2015-02-06T05:10:40+00:00\",\"dateModified\":\"2019-04-08T23:17:08+00:00\",\"description\":\"El cobre ha mostrado una fuerte baja que ha afectado seriamente a la BVL que es una de las pocas bolsas del mundo con resultados tan negativos en lo que\",\"breadcrumb\":{\"@id\":\"https:\/\/mariachappuis.com\/blog\/archivos\/1168#breadcrumb\"},\"inLanguage\":\"es\",\"potentialAction\":[{\"@type\":\"ReadAction\",\"target\":[\"https:\/\/mariachappuis.com\/blog\/archivos\/1168\"]}]},{\"@type\":\"BreadcrumbList\",\"@id\":\"https:\/\/mariachappuis.com\/blog\/archivos\/1168#breadcrumb\",\"itemListElement\":[{\"@type\":\"ListItem\",\"position\":1,\"name\":\"Portada\",\"item\":\"https:\/\/mariachappuis.com\/blog\"},{\"@type\":\"ListItem\",\"position\":2,\"name\":\"Miner\u00eda: Iniciando el 2015\"}]},{\"@type\":\"WebSite\",\"@id\":\"https:\/\/mariachappuis.com\/blog\/#website\",\"url\":\"https:\/\/mariachappuis.com\/blog\/\",\"name\":\"Marita Chappuis\",\"description\":\"An\u00e1lisis y Comentarios\",\"publisher\":{\"@id\":\"https:\/\/mariachappuis.com\/blog\/#\/schema\/person\/8de0bece2913b35ac8b590fc9ac6dda5\"},\"alternateName\":\"Marita Chappuis\",\"potentialAction\":[{\"@type\":\"SearchAction\",\"target\":{\"@type\":\"EntryPoint\",\"urlTemplate\":\"https:\/\/mariachappuis.com\/blog\/?s={search_term_string}\"},\"query-input\":{\"@type\":\"PropertyValueSpecification\",\"valueRequired\":true,\"valueName\":\"search_term_string\"}}],\"inLanguage\":\"es\"},{\"@type\":[\"Person\",\"Organization\"],\"@id\":\"https:\/\/mariachappuis.com\/blog\/#\/schema\/person\/8de0bece2913b35ac8b590fc9ac6dda5\",\"name\":\"Marita Chappuis\",\"image\":{\"@type\":\"ImageObject\",\"inLanguage\":\"es\",\"@id\":\"https:\/\/mariachappuis.com\/blog\/wp-content\/uploads\/2024\/01\/cropped-3333.jpg\",\"url\":\"https:\/\/mariachappuis.com\/blog\/wp-content\/uploads\/2024\/01\/cropped-3333.jpg\",\"contentUrl\":\"https:\/\/mariachappuis.com\/blog\/wp-content\/uploads\/2024\/01\/cropped-3333.jpg\",\"width\":512,\"height\":512,\"caption\":\"Marita Chappuis\"},\"logo\":{\"@id\":\"https:\/\/mariachappuis.com\/blog\/wp-content\/uploads\/2024\/01\/cropped-3333.jpg\"}}]}<\/script>\n<!-- \/ Yoast SEO plugin. -->","yoast_head_json":{"title":"Miner\u00eda: Iniciando el 2015","description":"El cobre ha mostrado una fuerte baja que ha afectado seriamente a la BVL que es una de las pocas bolsas del mundo con resultados tan negativos en lo que","robots":{"index":"index","follow":"follow","max-snippet":"max-snippet:-1","max-image-preview":"max-image-preview:large","max-video-preview":"max-video-preview:-1"},"canonical":"https:\/\/mariachappuis.com\/blog\/archivos\/1168","og_locale":"es_ES","og_type":"article","og_title":"Miner\u00eda: Iniciando el 2015","og_description":"El cobre ha mostrado una fuerte baja que ha afectado seriamente a la BVL que es una de las pocas bolsas del mundo con resultados tan negativos en lo que","og_url":"https:\/\/mariachappuis.com\/blog\/archivos\/1168","og_site_name":"Maria Chappuis","article_published_time":"2015-02-06T05:10:40+00:00","article_modified_time":"2019-04-08T23:17:08+00:00","og_image":[{"width":512,"height":512,"url":"https:\/\/mariachappuis.com\/blog\/wp-content\/uploads\/2024\/01\/cropped-3333.jpg","type":"image\/jpeg"}],"author":"Marita Chappuis","twitter_card":"summary_large_image","twitter_misc":{"Escrito por":"Marita Chappuis","Tiempo de lectura":"4 minutos"},"schema":{"@context":"https:\/\/schema.org","@graph":[{"@type":"Article","@id":"https:\/\/mariachappuis.com\/blog\/archivos\/1168#article","isPartOf":{"@id":"https:\/\/mariachappuis.com\/blog\/archivos\/1168"},"author":{"name":"Marita Chappuis","@id":"https:\/\/mariachappuis.com\/blog\/#\/schema\/person\/8de0bece2913b35ac8b590fc9ac6dda5"},"headline":"Miner\u00eda: Iniciando el 2015","datePublished":"2015-02-06T05:10:40+00:00","dateModified":"2019-04-08T23:17:08+00:00","mainEntityOfPage":{"@id":"https:\/\/mariachappuis.com\/blog\/archivos\/1168"},"wordCount":771,"publisher":{"@id":"https:\/\/mariachappuis.com\/blog\/#\/schema\/person\/8de0bece2913b35ac8b590fc9ac6dda5"},"articleSection":["General"],"inLanguage":"es"},{"@type":"WebPage","@id":"https:\/\/mariachappuis.com\/blog\/archivos\/1168","url":"https:\/\/mariachappuis.com\/blog\/archivos\/1168","name":"Miner\u00eda: Iniciando el 2015","isPartOf":{"@id":"https:\/\/mariachappuis.com\/blog\/#website"},"datePublished":"2015-02-06T05:10:40+00:00","dateModified":"2019-04-08T23:17:08+00:00","description":"El cobre ha mostrado una fuerte baja que ha afectado seriamente a la BVL que es una de las pocas bolsas del mundo con resultados tan negativos en lo que","breadcrumb":{"@id":"https:\/\/mariachappuis.com\/blog\/archivos\/1168#breadcrumb"},"inLanguage":"es","potentialAction":[{"@type":"ReadAction","target":["https:\/\/mariachappuis.com\/blog\/archivos\/1168"]}]},{"@type":"BreadcrumbList","@id":"https:\/\/mariachappuis.com\/blog\/archivos\/1168#breadcrumb","itemListElement":[{"@type":"ListItem","position":1,"name":"Portada","item":"https:\/\/mariachappuis.com\/blog"},{"@type":"ListItem","position":2,"name":"Miner\u00eda: Iniciando el 2015"}]},{"@type":"WebSite","@id":"https:\/\/mariachappuis.com\/blog\/#website","url":"https:\/\/mariachappuis.com\/blog\/","name":"Marita Chappuis","description":"An\u00e1lisis y Comentarios","publisher":{"@id":"https:\/\/mariachappuis.com\/blog\/#\/schema\/person\/8de0bece2913b35ac8b590fc9ac6dda5"},"alternateName":"Marita Chappuis","potentialAction":[{"@type":"SearchAction","target":{"@type":"EntryPoint","urlTemplate":"https:\/\/mariachappuis.com\/blog\/?s={search_term_string}"},"query-input":{"@type":"PropertyValueSpecification","valueRequired":true,"valueName":"search_term_string"}}],"inLanguage":"es"},{"@type":["Person","Organization"],"@id":"https:\/\/mariachappuis.com\/blog\/#\/schema\/person\/8de0bece2913b35ac8b590fc9ac6dda5","name":"Marita Chappuis","image":{"@type":"ImageObject","inLanguage":"es","@id":"https:\/\/mariachappuis.com\/blog\/wp-content\/uploads\/2024\/01\/cropped-3333.jpg","url":"https:\/\/mariachappuis.com\/blog\/wp-content\/uploads\/2024\/01\/cropped-3333.jpg","contentUrl":"https:\/\/mariachappuis.com\/blog\/wp-content\/uploads\/2024\/01\/cropped-3333.jpg","width":512,"height":512,"caption":"Marita Chappuis"},"logo":{"@id":"https:\/\/mariachappuis.com\/blog\/wp-content\/uploads\/2024\/01\/cropped-3333.jpg"}}]}},"_links":{"self":[{"href":"https:\/\/mariachappuis.com\/blog\/wp-json\/wp\/v2\/posts\/1168","targetHints":{"allow":["GET"]}}],"collection":[{"href":"https:\/\/mariachappuis.com\/blog\/wp-json\/wp\/v2\/posts"}],"about":[{"href":"https:\/\/mariachappuis.com\/blog\/wp-json\/wp\/v2\/types\/post"}],"author":[{"embeddable":true,"href":"https:\/\/mariachappuis.com\/blog\/wp-json\/wp\/v2\/users\/1"}],"replies":[{"embeddable":true,"href":"https:\/\/mariachappuis.com\/blog\/wp-json\/wp\/v2\/comments?post=1168"}],"version-history":[{"count":3,"href":"https:\/\/mariachappuis.com\/blog\/wp-json\/wp\/v2\/posts\/1168\/revisions"}],"predecessor-version":[{"id":2033,"href":"https:\/\/mariachappuis.com\/blog\/wp-json\/wp\/v2\/posts\/1168\/revisions\/2033"}],"wp:attachment":[{"href":"https:\/\/mariachappuis.com\/blog\/wp-json\/wp\/v2\/media?parent=1168"}],"wp:term":[{"taxonomy":"category","embeddable":true,"href":"https:\/\/mariachappuis.com\/blog\/wp-json\/wp\/v2\/categories?post=1168"},{"taxonomy":"post_tag","embeddable":true,"href":"https:\/\/mariachappuis.com\/blog\/wp-json\/wp\/v2\/tags?post=1168"}],"curies":[{"name":"wp","href":"https:\/\/api.w.org\/{rel}","templated":true}]}}