{"id":104,"date":"2009-08-24T05:13:46","date_gmt":"2009-08-24T05:13:46","guid":{"rendered":"http:\/\/www.mariachappuis.com\/blog\/?p=104"},"modified":"2017-03-18T00:07:50","modified_gmt":"2017-03-18T05:07:50","slug":"muy-buena-aritmetica","status":"publish","type":"post","link":"https:\/\/mariachappuis.com\/blog\/archivos\/104","title":{"rendered":"Muy buena aritm\u00e9tica"},"content":{"rendered":"<p>El d\u00eda de ayer el Premier\u00a0 Dr. Javier Vel\u00e1squez Quesquen seriamente ha respondido: La Comisi\u00f3n creada para ver el asunto de Doe Run tendr\u00e1 que establecer t\u00e9cnicamente hasta cu\u00e1ndo se puede extender el plazo para el PAMA de Doe Run.<\/p>\n<p><strong>\u00bfy si no acepta el plazo? <\/strong><br \/>\nNo creo porque ser\u00e1 t\u00e9cnicamente prudente. Doe Run no puede imponer condiciones al pa\u00eds, su plazo vence en Octubre.<\/p>\n<p>En la oportunidad anterior, la decisi\u00f3n para que el MINEM decida si prorrogaba o no el PAMA cay\u00f3 justo en el per\u00edodo entre la primera y segunda vuelta presidencial.<\/p>\n<p>Pero analicemos como andamos ahora: DRP ha solicitado 30 meses.<\/p>\n<p>Los 30 meses culminar\u00edan en febrero 2012 (\u00a1\u00a1nuevo gobierno!!).<!--more--><\/p>\n<p>Pero si el MINEM piensa que esto es excesivo porque les faltaba tan poco para culminar la planta de \u00e1cido del circuito de cobre (11 meses) y quiere s\u00f3lo darles 23 meses o menos\u2026va a caer otra vez bajo la responsabilidad del gobierno aprista.<\/p>\n<p><strong>Corran apuestas\u2026 \u00bfqu\u00e9 decidir\u00e1 esta comisi\u00f3n T\u00c9CNICA?<\/strong><\/p>\n<p>(Otra-hoy Codelco anunci\u00f3 el cierre de la fundici\u00f3n de cobre de Chuquimata por p\u00e9rdida de competitividad, que produc\u00eda mas Cu que todo el Per\u00fa- la noticia dice que 57 trabajadores ser\u00e1n reubicados- cu\u00e1ntos trabajadores tiene La Oroya? 3800\u2026.. \u00bfcu\u00e1ntos trabajadores ser\u00edan despedidos si es que se quiere alcanzar los est\u00e1ndares de las otras fundiciones\/refiner\u00edas peruanas? 2,800)<\/p>\n","protected":false},"excerpt":{"rendered":"<p>El d\u00eda de ayer el Premier\u00a0 Dr. Javier Vel\u00e1squez Quesquen seriamente ha respondido: La Comisi\u00f3n creada para ver el asunto de Doe Run tendr\u00e1 que establecer t\u00e9cnicamente hasta cu\u00e1ndo se puede extender el plazo para el PAMA de Doe Run. &hellip; <a href=\"https:\/\/mariachappuis.com\/blog\/archivos\/104\">Sigue leyendo <span class=\"meta-nav\">&rarr;<\/span><\/a><\/p>\n","protected":false},"author":1,"featured_media":0,"comment_status":"closed","ping_status":"closed","sticky":false,"template":"","format":"standard","meta":{"footnotes":""},"categories":[1],"tags":[],"class_list":["post-104","post","type-post","status-publish","format-standard","hentry","category-general"],"yoast_head":"<!-- This site is optimized with the Yoast SEO plugin v27.2 - https:\/\/yoast.com\/product\/yoast-seo-wordpress\/ -->\n<title>Muy buena aritm\u00e9tica<\/title>\n<meta name=\"description\" content=\"El d\u00eda de ayer el Premier\u00a0 Dr. Javier Vel\u00e1squez Quesquen seriamente ha respondido: La Comisi\u00f3n creada para ver el asunto de Doe Run tendr\u00e1 que establecer\" \/>\n<meta name=\"robots\" content=\"index, follow, max-snippet:-1, max-image-preview:large, max-video-preview:-1\" \/>\n<link rel=\"canonical\" href=\"https:\/\/mariachappuis.com\/blog\/archivos\/104\" \/>\n<meta property=\"og:locale\" content=\"es_ES\" \/>\n<meta property=\"og:type\" content=\"article\" \/>\n<meta property=\"og:title\" content=\"Muy buena aritm\u00e9tica\" \/>\n<meta property=\"og:description\" content=\"El d\u00eda de ayer el Premier\u00a0 Dr. Javier Vel\u00e1squez Quesquen seriamente ha respondido: La Comisi\u00f3n creada para ver el asunto de Doe Run tendr\u00e1 que establecer\" \/>\n<meta property=\"og:url\" content=\"https:\/\/mariachappuis.com\/blog\/archivos\/104\" \/>\n<meta property=\"og:site_name\" content=\"Maria Chappuis\" \/>\n<meta property=\"article:published_time\" content=\"2009-08-24T05:13:46+00:00\" \/>\n<meta property=\"article:modified_time\" content=\"2017-03-18T05:07:50+00:00\" \/>\n<meta property=\"og:image\" content=\"https:\/\/mariachappuis.com\/blog\/wp-content\/uploads\/2024\/01\/cropped-3333.jpg\" \/>\n\t<meta property=\"og:image:width\" content=\"512\" \/>\n\t<meta property=\"og:image:height\" content=\"512\" \/>\n\t<meta property=\"og:image:type\" content=\"image\/jpeg\" \/>\n<meta name=\"author\" content=\"Marita Chappuis\" \/>\n<meta name=\"twitter:card\" content=\"summary_large_image\" \/>\n<meta name=\"twitter:label1\" content=\"Escrito por\" \/>\n\t<meta name=\"twitter:data1\" content=\"Marita Chappuis\" \/>\n\t<meta name=\"twitter:label2\" content=\"Tiempo de lectura\" \/>\n\t<meta name=\"twitter:data2\" content=\"1 minuto\" \/>\n<script type=\"application\/ld+json\" class=\"yoast-schema-graph\">{\"@context\":\"https:\/\/schema.org\",\"@graph\":[{\"@type\":\"Article\",\"@id\":\"https:\/\/mariachappuis.com\/blog\/archivos\/104#article\",\"isPartOf\":{\"@id\":\"https:\/\/mariachappuis.com\/blog\/archivos\/104\"},\"author\":{\"name\":\"Marita Chappuis\",\"@id\":\"https:\/\/mariachappuis.com\/blog\/#\/schema\/person\/8de0bece2913b35ac8b590fc9ac6dda5\"},\"headline\":\"Muy buena aritm\u00e9tica\",\"datePublished\":\"2009-08-24T05:13:46+00:00\",\"dateModified\":\"2017-03-18T05:07:50+00:00\",\"mainEntityOfPage\":{\"@id\":\"https:\/\/mariachappuis.com\/blog\/archivos\/104\"},\"wordCount\":241,\"publisher\":{\"@id\":\"https:\/\/mariachappuis.com\/blog\/#\/schema\/person\/8de0bece2913b35ac8b590fc9ac6dda5\"},\"articleSection\":[\"General\"],\"inLanguage\":\"es\"},{\"@type\":\"WebPage\",\"@id\":\"https:\/\/mariachappuis.com\/blog\/archivos\/104\",\"url\":\"https:\/\/mariachappuis.com\/blog\/archivos\/104\",\"name\":\"Muy buena aritm\u00e9tica\",\"isPartOf\":{\"@id\":\"https:\/\/mariachappuis.com\/blog\/#website\"},\"datePublished\":\"2009-08-24T05:13:46+00:00\",\"dateModified\":\"2017-03-18T05:07:50+00:00\",\"description\":\"El d\u00eda de ayer el Premier\u00a0 Dr. Javier Vel\u00e1squez Quesquen seriamente ha respondido: La Comisi\u00f3n creada para ver el asunto de Doe Run tendr\u00e1 que establecer\",\"breadcrumb\":{\"@id\":\"https:\/\/mariachappuis.com\/blog\/archivos\/104#breadcrumb\"},\"inLanguage\":\"es\",\"potentialAction\":[{\"@type\":\"ReadAction\",\"target\":[\"https:\/\/mariachappuis.com\/blog\/archivos\/104\"]}]},{\"@type\":\"BreadcrumbList\",\"@id\":\"https:\/\/mariachappuis.com\/blog\/archivos\/104#breadcrumb\",\"itemListElement\":[{\"@type\":\"ListItem\",\"position\":1,\"name\":\"Portada\",\"item\":\"https:\/\/mariachappuis.com\/blog\"},{\"@type\":\"ListItem\",\"position\":2,\"name\":\"Muy buena aritm\u00e9tica\"}]},{\"@type\":\"WebSite\",\"@id\":\"https:\/\/mariachappuis.com\/blog\/#website\",\"url\":\"https:\/\/mariachappuis.com\/blog\/\",\"name\":\"Marita Chappuis\",\"description\":\"An\u00e1lisis y Comentarios\",\"publisher\":{\"@id\":\"https:\/\/mariachappuis.com\/blog\/#\/schema\/person\/8de0bece2913b35ac8b590fc9ac6dda5\"},\"alternateName\":\"Marita Chappuis\",\"potentialAction\":[{\"@type\":\"SearchAction\",\"target\":{\"@type\":\"EntryPoint\",\"urlTemplate\":\"https:\/\/mariachappuis.com\/blog\/?s={search_term_string}\"},\"query-input\":{\"@type\":\"PropertyValueSpecification\",\"valueRequired\":true,\"valueName\":\"search_term_string\"}}],\"inLanguage\":\"es\"},{\"@type\":[\"Person\",\"Organization\"],\"@id\":\"https:\/\/mariachappuis.com\/blog\/#\/schema\/person\/8de0bece2913b35ac8b590fc9ac6dda5\",\"name\":\"Marita Chappuis\",\"image\":{\"@type\":\"ImageObject\",\"inLanguage\":\"es\",\"@id\":\"https:\/\/mariachappuis.com\/blog\/wp-content\/uploads\/2024\/01\/cropped-3333.jpg\",\"url\":\"https:\/\/mariachappuis.com\/blog\/wp-content\/uploads\/2024\/01\/cropped-3333.jpg\",\"contentUrl\":\"https:\/\/mariachappuis.com\/blog\/wp-content\/uploads\/2024\/01\/cropped-3333.jpg\",\"width\":512,\"height\":512,\"caption\":\"Marita Chappuis\"},\"logo\":{\"@id\":\"https:\/\/mariachappuis.com\/blog\/wp-content\/uploads\/2024\/01\/cropped-3333.jpg\"}}]}<\/script>\n<!-- \/ Yoast SEO plugin. -->","yoast_head_json":{"title":"Muy buena aritm\u00e9tica","description":"El d\u00eda de ayer el Premier\u00a0 Dr. Javier Vel\u00e1squez Quesquen seriamente ha respondido: La Comisi\u00f3n creada para ver el asunto de Doe Run tendr\u00e1 que establecer","robots":{"index":"index","follow":"follow","max-snippet":"max-snippet:-1","max-image-preview":"max-image-preview:large","max-video-preview":"max-video-preview:-1"},"canonical":"https:\/\/mariachappuis.com\/blog\/archivos\/104","og_locale":"es_ES","og_type":"article","og_title":"Muy buena aritm\u00e9tica","og_description":"El d\u00eda de ayer el Premier\u00a0 Dr. Javier Vel\u00e1squez Quesquen seriamente ha respondido: La Comisi\u00f3n creada para ver el asunto de Doe Run tendr\u00e1 que establecer","og_url":"https:\/\/mariachappuis.com\/blog\/archivos\/104","og_site_name":"Maria Chappuis","article_published_time":"2009-08-24T05:13:46+00:00","article_modified_time":"2017-03-18T05:07:50+00:00","og_image":[{"width":512,"height":512,"url":"https:\/\/mariachappuis.com\/blog\/wp-content\/uploads\/2024\/01\/cropped-3333.jpg","type":"image\/jpeg"}],"author":"Marita Chappuis","twitter_card":"summary_large_image","twitter_misc":{"Escrito por":"Marita Chappuis","Tiempo de lectura":"1 minuto"},"schema":{"@context":"https:\/\/schema.org","@graph":[{"@type":"Article","@id":"https:\/\/mariachappuis.com\/blog\/archivos\/104#article","isPartOf":{"@id":"https:\/\/mariachappuis.com\/blog\/archivos\/104"},"author":{"name":"Marita Chappuis","@id":"https:\/\/mariachappuis.com\/blog\/#\/schema\/person\/8de0bece2913b35ac8b590fc9ac6dda5"},"headline":"Muy buena aritm\u00e9tica","datePublished":"2009-08-24T05:13:46+00:00","dateModified":"2017-03-18T05:07:50+00:00","mainEntityOfPage":{"@id":"https:\/\/mariachappuis.com\/blog\/archivos\/104"},"wordCount":241,"publisher":{"@id":"https:\/\/mariachappuis.com\/blog\/#\/schema\/person\/8de0bece2913b35ac8b590fc9ac6dda5"},"articleSection":["General"],"inLanguage":"es"},{"@type":"WebPage","@id":"https:\/\/mariachappuis.com\/blog\/archivos\/104","url":"https:\/\/mariachappuis.com\/blog\/archivos\/104","name":"Muy buena aritm\u00e9tica","isPartOf":{"@id":"https:\/\/mariachappuis.com\/blog\/#website"},"datePublished":"2009-08-24T05:13:46+00:00","dateModified":"2017-03-18T05:07:50+00:00","description":"El d\u00eda de ayer el Premier\u00a0 Dr. Javier Vel\u00e1squez Quesquen seriamente ha respondido: La Comisi\u00f3n creada para ver el asunto de Doe Run tendr\u00e1 que establecer","breadcrumb":{"@id":"https:\/\/mariachappuis.com\/blog\/archivos\/104#breadcrumb"},"inLanguage":"es","potentialAction":[{"@type":"ReadAction","target":["https:\/\/mariachappuis.com\/blog\/archivos\/104"]}]},{"@type":"BreadcrumbList","@id":"https:\/\/mariachappuis.com\/blog\/archivos\/104#breadcrumb","itemListElement":[{"@type":"ListItem","position":1,"name":"Portada","item":"https:\/\/mariachappuis.com\/blog"},{"@type":"ListItem","position":2,"name":"Muy buena aritm\u00e9tica"}]},{"@type":"WebSite","@id":"https:\/\/mariachappuis.com\/blog\/#website","url":"https:\/\/mariachappuis.com\/blog\/","name":"Marita Chappuis","description":"An\u00e1lisis y Comentarios","publisher":{"@id":"https:\/\/mariachappuis.com\/blog\/#\/schema\/person\/8de0bece2913b35ac8b590fc9ac6dda5"},"alternateName":"Marita Chappuis","potentialAction":[{"@type":"SearchAction","target":{"@type":"EntryPoint","urlTemplate":"https:\/\/mariachappuis.com\/blog\/?s={search_term_string}"},"query-input":{"@type":"PropertyValueSpecification","valueRequired":true,"valueName":"search_term_string"}}],"inLanguage":"es"},{"@type":["Person","Organization"],"@id":"https:\/\/mariachappuis.com\/blog\/#\/schema\/person\/8de0bece2913b35ac8b590fc9ac6dda5","name":"Marita Chappuis","image":{"@type":"ImageObject","inLanguage":"es","@id":"https:\/\/mariachappuis.com\/blog\/wp-content\/uploads\/2024\/01\/cropped-3333.jpg","url":"https:\/\/mariachappuis.com\/blog\/wp-content\/uploads\/2024\/01\/cropped-3333.jpg","contentUrl":"https:\/\/mariachappuis.com\/blog\/wp-content\/uploads\/2024\/01\/cropped-3333.jpg","width":512,"height":512,"caption":"Marita Chappuis"},"logo":{"@id":"https:\/\/mariachappuis.com\/blog\/wp-content\/uploads\/2024\/01\/cropped-3333.jpg"}}]}},"_links":{"self":[{"href":"https:\/\/mariachappuis.com\/blog\/wp-json\/wp\/v2\/posts\/104","targetHints":{"allow":["GET"]}}],"collection":[{"href":"https:\/\/mariachappuis.com\/blog\/wp-json\/wp\/v2\/posts"}],"about":[{"href":"https:\/\/mariachappuis.com\/blog\/wp-json\/wp\/v2\/types\/post"}],"author":[{"embeddable":true,"href":"https:\/\/mariachappuis.com\/blog\/wp-json\/wp\/v2\/users\/1"}],"replies":[{"embeddable":true,"href":"https:\/\/mariachappuis.com\/blog\/wp-json\/wp\/v2\/comments?post=104"}],"version-history":[{"count":3,"href":"https:\/\/mariachappuis.com\/blog\/wp-json\/wp\/v2\/posts\/104\/revisions"}],"predecessor-version":[{"id":1799,"href":"https:\/\/mariachappuis.com\/blog\/wp-json\/wp\/v2\/posts\/104\/revisions\/1799"}],"wp:attachment":[{"href":"https:\/\/mariachappuis.com\/blog\/wp-json\/wp\/v2\/media?parent=104"}],"wp:term":[{"taxonomy":"category","embeddable":true,"href":"https:\/\/mariachappuis.com\/blog\/wp-json\/wp\/v2\/categories?post=104"},{"taxonomy":"post_tag","embeddable":true,"href":"https:\/\/mariachappuis.com\/blog\/wp-json\/wp\/v2\/tags?post=104"}],"curies":[{"name":"wp","href":"https:\/\/api.w.org\/{rel}","templated":true}]}}