{"id":1024,"date":"2014-07-18T18:26:28","date_gmt":"2014-07-18T18:26:28","guid":{"rendered":"http:\/\/www.mariachappuis.com\/blog\/?p=1024"},"modified":"2019-04-08T18:17:11","modified_gmt":"2019-04-08T23:17:11","slug":"perdiendo-el-norte","status":"publish","type":"post","link":"https:\/\/mariachappuis.com\/blog\/archivos\/1024","title":{"rendered":"Perdiendo el norte"},"content":{"rendered":"<p>Mientras la econom\u00eda se desacelera aparecen en los diarios comentarios de algunas autoridades que definitivamente perdieron el norte.<\/p>\n<p>El Ministro de Defensa declara que nos hemos comprado el mejor sat\u00e9lite de Sudam\u00e9rica. Ojal\u00e1 tuvi\u00e9ramos el mejor catastro de Sudam\u00e9rica, lo que facilitar\u00eda enormemente las inversiones. El caso de SUNARP es sorprendente. La inscripci\u00f3n de nuevos predios exige que cuenten con coordenadas; las que f\u00e1cilmente se pueden obtener con el GPS de un celular.<!--more--><\/p>\n<p>Pero el problema es que las cifras que se obtienen en el sitio no son iguales a las que guarda recelosamente SUNARP (no las entrega) y estos son los valores que aceptan, ning\u00fan otro. Pero si el terreno est\u00e1 frente al mar sucede lo incre\u00edble: la SUNARP tiene su \u201cpropia\u201d franja de 50 metros a la L\u00ednea de Alta Marea (LAM), donde no pueden registrarse propiedades. Nadie sabe c\u00f3mo la obtuvo. La \u201cfranja de SUNARP\u201d no tiene ninguna similitud con la que mide la Direcci\u00f3n de Hidrograf\u00eda y Navegaci\u00f3n de la Marina de Guerra, \u00fanica instituci\u00f3n encargada de medir la LAM y reportar a Bienes Nacionales. \u00bfQui\u00e9n corrige este entuerto?<\/p>\n<p>El Presidente del Consejo Directivo de la OEFA cree que no es confiscatorio que las empresas mineras paguen anualmente el 0.15% de su facturaci\u00f3n para fiscalizaci\u00f3n ambiental. En el caso de un titular de gran miner\u00eda, cuyas ventas son dos mil millones de d\u00f3lares, su aporte anual seg\u00fan OEFA deber\u00eda ser 3 millones de d\u00f3lares. Hace 10 a\u00f1os, la Direcci\u00f3n General de Miner\u00eda fiscalizaba en temas de seguridad y medioambiente a todas las empresas mineras, dos veces el a\u00f1o, y el presupuesto total anual era de 4 millones de soles, que pagaban las empresas. \u00bfC\u00f3mo puede explicar la OEFA que ahora, diez a\u00f1os despu\u00e9s, necesita 45 millones de d\u00f3lares anualmente, s\u00f3lo para fiscalizaci\u00f3n ambiental minera?.<\/p>\n<p>El Presidente Humala declara que se deben \u201cjalar las orejas\u201d a las empresas mineras. Como est\u00e1n las cosas lo que debe hacer es dar medidas que los \u201cjalen de la camiseta\u201d para que no se vayan a invertir a Chile, a \u00c1frica, o a Mongolia y desactiven sus proyectos aqu\u00ed!<\/p>\n","protected":false},"excerpt":{"rendered":"<p>Mientras la econom\u00eda se desacelera aparecen en los diarios comentarios de algunas autoridades que definitivamente perdieron el norte. El Ministro de Defensa declara que nos hemos comprado el mejor sat\u00e9lite de Sudam\u00e9rica. Ojal\u00e1 tuvi\u00e9ramos el mejor catastro de Sudam\u00e9rica, lo &hellip; <a href=\"https:\/\/mariachappuis.com\/blog\/archivos\/1024\">Sigue leyendo <span class=\"meta-nav\">&rarr;<\/span><\/a><\/p>\n","protected":false},"author":1,"featured_media":0,"comment_status":"closed","ping_status":"closed","sticky":false,"template":"","format":"standard","meta":{"footnotes":""},"categories":[1],"tags":[],"class_list":["post-1024","post","type-post","status-publish","format-standard","hentry","category-general"],"yoast_head":"<!-- This site is optimized with the Yoast SEO plugin v27.2 - https:\/\/yoast.com\/product\/yoast-seo-wordpress\/ -->\n<title>Perdiendo el norte<\/title>\n<meta name=\"description\" content=\"Mientras la econom\u00eda se desacelera aparecen en los diarios comentarios de algunas autoridades que definitivamente perdieron el norte. El Ministro de\" \/>\n<meta name=\"robots\" content=\"index, follow, max-snippet:-1, max-image-preview:large, max-video-preview:-1\" \/>\n<link rel=\"canonical\" href=\"https:\/\/mariachappuis.com\/blog\/archivos\/1024\" \/>\n<meta property=\"og:locale\" content=\"es_ES\" \/>\n<meta property=\"og:type\" content=\"article\" \/>\n<meta property=\"og:title\" content=\"Perdiendo el norte\" \/>\n<meta property=\"og:description\" content=\"Mientras la econom\u00eda se desacelera aparecen en los diarios comentarios de algunas autoridades que definitivamente perdieron el norte. El Ministro de\" \/>\n<meta property=\"og:url\" content=\"https:\/\/mariachappuis.com\/blog\/archivos\/1024\" \/>\n<meta property=\"og:site_name\" content=\"Maria Chappuis\" \/>\n<meta property=\"article:published_time\" content=\"2014-07-18T18:26:28+00:00\" \/>\n<meta property=\"article:modified_time\" content=\"2019-04-08T23:17:11+00:00\" \/>\n<meta property=\"og:image\" content=\"https:\/\/mariachappuis.com\/blog\/wp-content\/uploads\/2024\/01\/cropped-3333.jpg\" \/>\n\t<meta property=\"og:image:width\" content=\"512\" \/>\n\t<meta property=\"og:image:height\" content=\"512\" \/>\n\t<meta property=\"og:image:type\" content=\"image\/jpeg\" \/>\n<meta name=\"author\" content=\"Marita Chappuis\" \/>\n<meta name=\"twitter:card\" content=\"summary_large_image\" \/>\n<meta name=\"twitter:label1\" content=\"Escrito por\" \/>\n\t<meta name=\"twitter:data1\" content=\"Marita Chappuis\" \/>\n\t<meta name=\"twitter:label2\" content=\"Tiempo de lectura\" \/>\n\t<meta name=\"twitter:data2\" content=\"2 minutos\" \/>\n<script type=\"application\/ld+json\" class=\"yoast-schema-graph\">{\"@context\":\"https:\/\/schema.org\",\"@graph\":[{\"@type\":\"Article\",\"@id\":\"https:\/\/mariachappuis.com\/blog\/archivos\/1024#article\",\"isPartOf\":{\"@id\":\"https:\/\/mariachappuis.com\/blog\/archivos\/1024\"},\"author\":{\"name\":\"Marita Chappuis\",\"@id\":\"https:\/\/mariachappuis.com\/blog\/#\/schema\/person\/8de0bece2913b35ac8b590fc9ac6dda5\"},\"headline\":\"Perdiendo el norte\",\"datePublished\":\"2014-07-18T18:26:28+00:00\",\"dateModified\":\"2019-04-08T23:17:11+00:00\",\"mainEntityOfPage\":{\"@id\":\"https:\/\/mariachappuis.com\/blog\/archivos\/1024\"},\"wordCount\":380,\"publisher\":{\"@id\":\"https:\/\/mariachappuis.com\/blog\/#\/schema\/person\/8de0bece2913b35ac8b590fc9ac6dda5\"},\"articleSection\":[\"General\"],\"inLanguage\":\"es\"},{\"@type\":\"WebPage\",\"@id\":\"https:\/\/mariachappuis.com\/blog\/archivos\/1024\",\"url\":\"https:\/\/mariachappuis.com\/blog\/archivos\/1024\",\"name\":\"Perdiendo el norte\",\"isPartOf\":{\"@id\":\"https:\/\/mariachappuis.com\/blog\/#website\"},\"datePublished\":\"2014-07-18T18:26:28+00:00\",\"dateModified\":\"2019-04-08T23:17:11+00:00\",\"description\":\"Mientras la econom\u00eda se desacelera aparecen en los diarios comentarios de algunas autoridades que definitivamente perdieron el norte. El Ministro de\",\"breadcrumb\":{\"@id\":\"https:\/\/mariachappuis.com\/blog\/archivos\/1024#breadcrumb\"},\"inLanguage\":\"es\",\"potentialAction\":[{\"@type\":\"ReadAction\",\"target\":[\"https:\/\/mariachappuis.com\/blog\/archivos\/1024\"]}]},{\"@type\":\"BreadcrumbList\",\"@id\":\"https:\/\/mariachappuis.com\/blog\/archivos\/1024#breadcrumb\",\"itemListElement\":[{\"@type\":\"ListItem\",\"position\":1,\"name\":\"Portada\",\"item\":\"https:\/\/mariachappuis.com\/blog\"},{\"@type\":\"ListItem\",\"position\":2,\"name\":\"Perdiendo el norte\"}]},{\"@type\":\"WebSite\",\"@id\":\"https:\/\/mariachappuis.com\/blog\/#website\",\"url\":\"https:\/\/mariachappuis.com\/blog\/\",\"name\":\"Marita Chappuis\",\"description\":\"An\u00e1lisis y Comentarios\",\"publisher\":{\"@id\":\"https:\/\/mariachappuis.com\/blog\/#\/schema\/person\/8de0bece2913b35ac8b590fc9ac6dda5\"},\"alternateName\":\"Marita Chappuis\",\"potentialAction\":[{\"@type\":\"SearchAction\",\"target\":{\"@type\":\"EntryPoint\",\"urlTemplate\":\"https:\/\/mariachappuis.com\/blog\/?s={search_term_string}\"},\"query-input\":{\"@type\":\"PropertyValueSpecification\",\"valueRequired\":true,\"valueName\":\"search_term_string\"}}],\"inLanguage\":\"es\"},{\"@type\":[\"Person\",\"Organization\"],\"@id\":\"https:\/\/mariachappuis.com\/blog\/#\/schema\/person\/8de0bece2913b35ac8b590fc9ac6dda5\",\"name\":\"Marita Chappuis\",\"image\":{\"@type\":\"ImageObject\",\"inLanguage\":\"es\",\"@id\":\"https:\/\/mariachappuis.com\/blog\/wp-content\/uploads\/2024\/01\/cropped-3333.jpg\",\"url\":\"https:\/\/mariachappuis.com\/blog\/wp-content\/uploads\/2024\/01\/cropped-3333.jpg\",\"contentUrl\":\"https:\/\/mariachappuis.com\/blog\/wp-content\/uploads\/2024\/01\/cropped-3333.jpg\",\"width\":512,\"height\":512,\"caption\":\"Marita Chappuis\"},\"logo\":{\"@id\":\"https:\/\/mariachappuis.com\/blog\/wp-content\/uploads\/2024\/01\/cropped-3333.jpg\"}}]}<\/script>\n<!-- \/ Yoast SEO plugin. -->","yoast_head_json":{"title":"Perdiendo el norte","description":"Mientras la econom\u00eda se desacelera aparecen en los diarios comentarios de algunas autoridades que definitivamente perdieron el norte. El Ministro de","robots":{"index":"index","follow":"follow","max-snippet":"max-snippet:-1","max-image-preview":"max-image-preview:large","max-video-preview":"max-video-preview:-1"},"canonical":"https:\/\/mariachappuis.com\/blog\/archivos\/1024","og_locale":"es_ES","og_type":"article","og_title":"Perdiendo el norte","og_description":"Mientras la econom\u00eda se desacelera aparecen en los diarios comentarios de algunas autoridades que definitivamente perdieron el norte. El Ministro de","og_url":"https:\/\/mariachappuis.com\/blog\/archivos\/1024","og_site_name":"Maria Chappuis","article_published_time":"2014-07-18T18:26:28+00:00","article_modified_time":"2019-04-08T23:17:11+00:00","og_image":[{"width":512,"height":512,"url":"https:\/\/mariachappuis.com\/blog\/wp-content\/uploads\/2024\/01\/cropped-3333.jpg","type":"image\/jpeg"}],"author":"Marita Chappuis","twitter_card":"summary_large_image","twitter_misc":{"Escrito por":"Marita Chappuis","Tiempo de lectura":"2 minutos"},"schema":{"@context":"https:\/\/schema.org","@graph":[{"@type":"Article","@id":"https:\/\/mariachappuis.com\/blog\/archivos\/1024#article","isPartOf":{"@id":"https:\/\/mariachappuis.com\/blog\/archivos\/1024"},"author":{"name":"Marita Chappuis","@id":"https:\/\/mariachappuis.com\/blog\/#\/schema\/person\/8de0bece2913b35ac8b590fc9ac6dda5"},"headline":"Perdiendo el norte","datePublished":"2014-07-18T18:26:28+00:00","dateModified":"2019-04-08T23:17:11+00:00","mainEntityOfPage":{"@id":"https:\/\/mariachappuis.com\/blog\/archivos\/1024"},"wordCount":380,"publisher":{"@id":"https:\/\/mariachappuis.com\/blog\/#\/schema\/person\/8de0bece2913b35ac8b590fc9ac6dda5"},"articleSection":["General"],"inLanguage":"es"},{"@type":"WebPage","@id":"https:\/\/mariachappuis.com\/blog\/archivos\/1024","url":"https:\/\/mariachappuis.com\/blog\/archivos\/1024","name":"Perdiendo el norte","isPartOf":{"@id":"https:\/\/mariachappuis.com\/blog\/#website"},"datePublished":"2014-07-18T18:26:28+00:00","dateModified":"2019-04-08T23:17:11+00:00","description":"Mientras la econom\u00eda se desacelera aparecen en los diarios comentarios de algunas autoridades que definitivamente perdieron el norte. El Ministro de","breadcrumb":{"@id":"https:\/\/mariachappuis.com\/blog\/archivos\/1024#breadcrumb"},"inLanguage":"es","potentialAction":[{"@type":"ReadAction","target":["https:\/\/mariachappuis.com\/blog\/archivos\/1024"]}]},{"@type":"BreadcrumbList","@id":"https:\/\/mariachappuis.com\/blog\/archivos\/1024#breadcrumb","itemListElement":[{"@type":"ListItem","position":1,"name":"Portada","item":"https:\/\/mariachappuis.com\/blog"},{"@type":"ListItem","position":2,"name":"Perdiendo el norte"}]},{"@type":"WebSite","@id":"https:\/\/mariachappuis.com\/blog\/#website","url":"https:\/\/mariachappuis.com\/blog\/","name":"Marita Chappuis","description":"An\u00e1lisis y Comentarios","publisher":{"@id":"https:\/\/mariachappuis.com\/blog\/#\/schema\/person\/8de0bece2913b35ac8b590fc9ac6dda5"},"alternateName":"Marita Chappuis","potentialAction":[{"@type":"SearchAction","target":{"@type":"EntryPoint","urlTemplate":"https:\/\/mariachappuis.com\/blog\/?s={search_term_string}"},"query-input":{"@type":"PropertyValueSpecification","valueRequired":true,"valueName":"search_term_string"}}],"inLanguage":"es"},{"@type":["Person","Organization"],"@id":"https:\/\/mariachappuis.com\/blog\/#\/schema\/person\/8de0bece2913b35ac8b590fc9ac6dda5","name":"Marita Chappuis","image":{"@type":"ImageObject","inLanguage":"es","@id":"https:\/\/mariachappuis.com\/blog\/wp-content\/uploads\/2024\/01\/cropped-3333.jpg","url":"https:\/\/mariachappuis.com\/blog\/wp-content\/uploads\/2024\/01\/cropped-3333.jpg","contentUrl":"https:\/\/mariachappuis.com\/blog\/wp-content\/uploads\/2024\/01\/cropped-3333.jpg","width":512,"height":512,"caption":"Marita Chappuis"},"logo":{"@id":"https:\/\/mariachappuis.com\/blog\/wp-content\/uploads\/2024\/01\/cropped-3333.jpg"}}]}},"_links":{"self":[{"href":"https:\/\/mariachappuis.com\/blog\/wp-json\/wp\/v2\/posts\/1024","targetHints":{"allow":["GET"]}}],"collection":[{"href":"https:\/\/mariachappuis.com\/blog\/wp-json\/wp\/v2\/posts"}],"about":[{"href":"https:\/\/mariachappuis.com\/blog\/wp-json\/wp\/v2\/types\/post"}],"author":[{"embeddable":true,"href":"https:\/\/mariachappuis.com\/blog\/wp-json\/wp\/v2\/users\/1"}],"replies":[{"embeddable":true,"href":"https:\/\/mariachappuis.com\/blog\/wp-json\/wp\/v2\/comments?post=1024"}],"version-history":[{"count":6,"href":"https:\/\/mariachappuis.com\/blog\/wp-json\/wp\/v2\/posts\/1024\/revisions"}],"predecessor-version":[{"id":2051,"href":"https:\/\/mariachappuis.com\/blog\/wp-json\/wp\/v2\/posts\/1024\/revisions\/2051"}],"wp:attachment":[{"href":"https:\/\/mariachappuis.com\/blog\/wp-json\/wp\/v2\/media?parent=1024"}],"wp:term":[{"taxonomy":"category","embeddable":true,"href":"https:\/\/mariachappuis.com\/blog\/wp-json\/wp\/v2\/categories?post=1024"},{"taxonomy":"post_tag","embeddable":true,"href":"https:\/\/mariachappuis.com\/blog\/wp-json\/wp\/v2\/tags?post=1024"}],"curies":[{"name":"wp","href":"https:\/\/api.w.org\/{rel}","templated":true}]}}