{"id":100,"date":"2009-07-08T05:11:37","date_gmt":"2009-07-08T05:11:37","guid":{"rendered":"http:\/\/www.mariachappuis.com\/blog\/?p=100"},"modified":"2017-03-18T00:07:50","modified_gmt":"2017-03-18T05:07:50","slug":"peligro-ministro-desinformado","status":"publish","type":"post","link":"https:\/\/mariachappuis.com\/blog\/archivos\/100","title":{"rendered":"Peligro: Ministro Desinformado"},"content":{"rendered":"<p>En los \u00faltimos d\u00edas declaraciones del presidente regional del Cusco como del Ministro del Ambiente daban cuenta de lo desinformado que estaban sobre el procedimiento para otorgar una concesi\u00f3n minera.<\/p>\n<p>Brack lleg\u00f3 a afirmar que el <em>Gobierno definir\u00e1 las zonas libres de explotaci\u00f3n minera. Base Cartogr\u00e1fica evitar\u00e1 que se sigan dando denuncios \u201ca diestra y siniestra\u201d. Tenemos que comenzar a respetar la ley y tenemos que aprender a tomar decisiones para proteger las cuencas altas, las monta\u00f1as, los p\u00e1ramos, los bofedales andinos, donde se est\u00e1 dando derechos mineros \u201ca diestra y siniestra\u201d.<\/em><\/p>\n<p>Esto lo dijo en una conferencia sobre cambio clim\u00e1tico que daba cuenta que nuestros glaciares se redujeron en un 25% debido al calentamiento global, y donde afirm\u00f3 que en el Per\u00fa tanto la Autoridad Nacional del Agua como el MINAM est\u00e1n comprometidos a \u201c<em>proteger los glaciares<\/em>\u201d.<!--more--><\/p>\n<p>No creo que el Ministro Brack ignore que una de las causas principales del cambio clim\u00e1tico es la emisi\u00f3n de abundantes gases que producen un efecto invernadero, como el di\u00f3xido de carbono y el metano, as\u00ed como la deforestaci\u00f3n de los bosques para convertirlos en tierras de cultivo y pastoreo, y para nada la miner\u00eda.<\/p>\n<p>Pero Brack sigui\u00f3 hablando <em>\u201cEsto, porque algunas entidades p\u00fablicas han dado derechos mineros sin ver que estos comprenden la plaza de un pueblo o las \u00e1reas protegidas, o se sobreponen a un albergue ecotur\u00edstico, etc. Y no podemos llegar a esos extremos\u201d<\/em>.<\/p>\n<p>Habr\u00eda que aclarar al Sr. Brack que no son entidades p\u00fablicas en plural, sino s\u00f3lo una, Ingemmet que absorbi\u00f3 al INACC, la \u00fanica instituci\u00f3n encargada de conceder t\u00edtulos mineros, los que son otorgados sobre cuadr\u00edculas libres, basado en un catastro sistematizado. Por lo tanto cero subjetividad, cero corrupci\u00f3n.<\/p>\n<p>Adem\u00e1s, debe saber que no se otorgan derechos mineros sobre \u00e1reas naturales protegidas, y que los t\u00edtulos advierten que se debe respetar infraestructura p\u00fablica, monumentos hist\u00f3ricos (como la Plaza de Canchis) y pedir permiso al propietario del terreno superficial (l\u00e9ase propietario del albergue ecotur\u00edstico), as\u00ed como las licencias ambientales antes de iniciar cualquier labor.<\/p>\n<p>Dice Brack que as\u00ed se evitar\u00e1n conflictos sociales. Creemos que los conflictos sociales disminuir\u00e1n cuando el primer ministro, los ministros y presidentes regionales se informen mejor y antes de firmar acuerdos en mesas de di\u00e1logo, revisen los planos del Ingemmet-Inacc y las restricciones que tienen todos los t\u00edtulos mineros concedidos.<\/p>\n","protected":false},"excerpt":{"rendered":"<p>En los \u00faltimos d\u00edas declaraciones del presidente regional del Cusco como del Ministro del Ambiente daban cuenta de lo desinformado que estaban sobre el procedimiento para otorgar una concesi\u00f3n minera. Brack lleg\u00f3 a afirmar que el Gobierno definir\u00e1 las zonas &hellip; <a href=\"https:\/\/mariachappuis.com\/blog\/archivos\/100\">Sigue leyendo <span class=\"meta-nav\">&rarr;<\/span><\/a><\/p>\n","protected":false},"author":1,"featured_media":0,"comment_status":"closed","ping_status":"closed","sticky":false,"template":"","format":"standard","meta":{"footnotes":""},"categories":[1],"tags":[],"class_list":["post-100","post","type-post","status-publish","format-standard","hentry","category-general"],"yoast_head":"<!-- This site is optimized with the Yoast SEO plugin v27.2 - https:\/\/yoast.com\/product\/yoast-seo-wordpress\/ -->\n<title>Peligro: Ministro Desinformado<\/title>\n<meta name=\"description\" content=\"En los \u00faltimos d\u00edas declaraciones del presidente regional del Cusco como del Ministro del Ambiente daban cuenta de lo desinformado que estaban sobre el\" \/>\n<meta name=\"robots\" content=\"index, follow, max-snippet:-1, max-image-preview:large, max-video-preview:-1\" \/>\n<link rel=\"canonical\" href=\"https:\/\/mariachappuis.com\/blog\/archivos\/100\" \/>\n<meta property=\"og:locale\" content=\"es_ES\" \/>\n<meta property=\"og:type\" content=\"article\" \/>\n<meta property=\"og:title\" content=\"Peligro: Ministro Desinformado\" \/>\n<meta property=\"og:description\" content=\"En los \u00faltimos d\u00edas declaraciones del presidente regional del Cusco como del Ministro del Ambiente daban cuenta de lo desinformado que estaban sobre el\" \/>\n<meta property=\"og:url\" content=\"https:\/\/mariachappuis.com\/blog\/archivos\/100\" \/>\n<meta property=\"og:site_name\" content=\"Maria Chappuis\" \/>\n<meta property=\"article:published_time\" content=\"2009-07-08T05:11:37+00:00\" \/>\n<meta property=\"article:modified_time\" content=\"2017-03-18T05:07:50+00:00\" \/>\n<meta property=\"og:image\" content=\"https:\/\/mariachappuis.com\/blog\/wp-content\/uploads\/2024\/01\/cropped-3333.jpg\" \/>\n\t<meta property=\"og:image:width\" content=\"512\" \/>\n\t<meta property=\"og:image:height\" content=\"512\" \/>\n\t<meta property=\"og:image:type\" content=\"image\/jpeg\" \/>\n<meta name=\"author\" content=\"Marita Chappuis\" \/>\n<meta name=\"twitter:card\" content=\"summary_large_image\" \/>\n<meta name=\"twitter:label1\" content=\"Escrito por\" \/>\n\t<meta name=\"twitter:data1\" content=\"Marita Chappuis\" \/>\n\t<meta name=\"twitter:label2\" content=\"Tiempo de lectura\" \/>\n\t<meta name=\"twitter:data2\" content=\"2 minutos\" \/>\n<script type=\"application\/ld+json\" class=\"yoast-schema-graph\">{\"@context\":\"https:\/\/schema.org\",\"@graph\":[{\"@type\":\"Article\",\"@id\":\"https:\/\/mariachappuis.com\/blog\/archivos\/100#article\",\"isPartOf\":{\"@id\":\"https:\/\/mariachappuis.com\/blog\/archivos\/100\"},\"author\":{\"name\":\"Marita Chappuis\",\"@id\":\"https:\/\/mariachappuis.com\/blog\/#\/schema\/person\/8de0bece2913b35ac8b590fc9ac6dda5\"},\"headline\":\"Peligro: Ministro Desinformado\",\"datePublished\":\"2009-07-08T05:11:37+00:00\",\"dateModified\":\"2017-03-18T05:07:50+00:00\",\"mainEntityOfPage\":{\"@id\":\"https:\/\/mariachappuis.com\/blog\/archivos\/100\"},\"wordCount\":421,\"publisher\":{\"@id\":\"https:\/\/mariachappuis.com\/blog\/#\/schema\/person\/8de0bece2913b35ac8b590fc9ac6dda5\"},\"articleSection\":[\"General\"],\"inLanguage\":\"es\"},{\"@type\":\"WebPage\",\"@id\":\"https:\/\/mariachappuis.com\/blog\/archivos\/100\",\"url\":\"https:\/\/mariachappuis.com\/blog\/archivos\/100\",\"name\":\"Peligro: Ministro Desinformado\",\"isPartOf\":{\"@id\":\"https:\/\/mariachappuis.com\/blog\/#website\"},\"datePublished\":\"2009-07-08T05:11:37+00:00\",\"dateModified\":\"2017-03-18T05:07:50+00:00\",\"description\":\"En los \u00faltimos d\u00edas declaraciones del presidente regional del Cusco como del Ministro del Ambiente daban cuenta de lo desinformado que estaban sobre el\",\"breadcrumb\":{\"@id\":\"https:\/\/mariachappuis.com\/blog\/archivos\/100#breadcrumb\"},\"inLanguage\":\"es\",\"potentialAction\":[{\"@type\":\"ReadAction\",\"target\":[\"https:\/\/mariachappuis.com\/blog\/archivos\/100\"]}]},{\"@type\":\"BreadcrumbList\",\"@id\":\"https:\/\/mariachappuis.com\/blog\/archivos\/100#breadcrumb\",\"itemListElement\":[{\"@type\":\"ListItem\",\"position\":1,\"name\":\"Portada\",\"item\":\"https:\/\/mariachappuis.com\/blog\"},{\"@type\":\"ListItem\",\"position\":2,\"name\":\"Peligro: Ministro Desinformado\"}]},{\"@type\":\"WebSite\",\"@id\":\"https:\/\/mariachappuis.com\/blog\/#website\",\"url\":\"https:\/\/mariachappuis.com\/blog\/\",\"name\":\"Marita Chappuis\",\"description\":\"An\u00e1lisis y Comentarios\",\"publisher\":{\"@id\":\"https:\/\/mariachappuis.com\/blog\/#\/schema\/person\/8de0bece2913b35ac8b590fc9ac6dda5\"},\"alternateName\":\"Marita Chappuis\",\"potentialAction\":[{\"@type\":\"SearchAction\",\"target\":{\"@type\":\"EntryPoint\",\"urlTemplate\":\"https:\/\/mariachappuis.com\/blog\/?s={search_term_string}\"},\"query-input\":{\"@type\":\"PropertyValueSpecification\",\"valueRequired\":true,\"valueName\":\"search_term_string\"}}],\"inLanguage\":\"es\"},{\"@type\":[\"Person\",\"Organization\"],\"@id\":\"https:\/\/mariachappuis.com\/blog\/#\/schema\/person\/8de0bece2913b35ac8b590fc9ac6dda5\",\"name\":\"Marita Chappuis\",\"image\":{\"@type\":\"ImageObject\",\"inLanguage\":\"es\",\"@id\":\"https:\/\/mariachappuis.com\/blog\/wp-content\/uploads\/2024\/01\/cropped-3333.jpg\",\"url\":\"https:\/\/mariachappuis.com\/blog\/wp-content\/uploads\/2024\/01\/cropped-3333.jpg\",\"contentUrl\":\"https:\/\/mariachappuis.com\/blog\/wp-content\/uploads\/2024\/01\/cropped-3333.jpg\",\"width\":512,\"height\":512,\"caption\":\"Marita Chappuis\"},\"logo\":{\"@id\":\"https:\/\/mariachappuis.com\/blog\/wp-content\/uploads\/2024\/01\/cropped-3333.jpg\"}}]}<\/script>\n<!-- \/ Yoast SEO plugin. -->","yoast_head_json":{"title":"Peligro: Ministro Desinformado","description":"En los \u00faltimos d\u00edas declaraciones del presidente regional del Cusco como del Ministro del Ambiente daban cuenta de lo desinformado que estaban sobre el","robots":{"index":"index","follow":"follow","max-snippet":"max-snippet:-1","max-image-preview":"max-image-preview:large","max-video-preview":"max-video-preview:-1"},"canonical":"https:\/\/mariachappuis.com\/blog\/archivos\/100","og_locale":"es_ES","og_type":"article","og_title":"Peligro: Ministro Desinformado","og_description":"En los \u00faltimos d\u00edas declaraciones del presidente regional del Cusco como del Ministro del Ambiente daban cuenta de lo desinformado que estaban sobre el","og_url":"https:\/\/mariachappuis.com\/blog\/archivos\/100","og_site_name":"Maria Chappuis","article_published_time":"2009-07-08T05:11:37+00:00","article_modified_time":"2017-03-18T05:07:50+00:00","og_image":[{"width":512,"height":512,"url":"https:\/\/mariachappuis.com\/blog\/wp-content\/uploads\/2024\/01\/cropped-3333.jpg","type":"image\/jpeg"}],"author":"Marita Chappuis","twitter_card":"summary_large_image","twitter_misc":{"Escrito por":"Marita Chappuis","Tiempo de lectura":"2 minutos"},"schema":{"@context":"https:\/\/schema.org","@graph":[{"@type":"Article","@id":"https:\/\/mariachappuis.com\/blog\/archivos\/100#article","isPartOf":{"@id":"https:\/\/mariachappuis.com\/blog\/archivos\/100"},"author":{"name":"Marita Chappuis","@id":"https:\/\/mariachappuis.com\/blog\/#\/schema\/person\/8de0bece2913b35ac8b590fc9ac6dda5"},"headline":"Peligro: Ministro Desinformado","datePublished":"2009-07-08T05:11:37+00:00","dateModified":"2017-03-18T05:07:50+00:00","mainEntityOfPage":{"@id":"https:\/\/mariachappuis.com\/blog\/archivos\/100"},"wordCount":421,"publisher":{"@id":"https:\/\/mariachappuis.com\/blog\/#\/schema\/person\/8de0bece2913b35ac8b590fc9ac6dda5"},"articleSection":["General"],"inLanguage":"es"},{"@type":"WebPage","@id":"https:\/\/mariachappuis.com\/blog\/archivos\/100","url":"https:\/\/mariachappuis.com\/blog\/archivos\/100","name":"Peligro: Ministro Desinformado","isPartOf":{"@id":"https:\/\/mariachappuis.com\/blog\/#website"},"datePublished":"2009-07-08T05:11:37+00:00","dateModified":"2017-03-18T05:07:50+00:00","description":"En los \u00faltimos d\u00edas declaraciones del presidente regional del Cusco como del Ministro del Ambiente daban cuenta de lo desinformado que estaban sobre el","breadcrumb":{"@id":"https:\/\/mariachappuis.com\/blog\/archivos\/100#breadcrumb"},"inLanguage":"es","potentialAction":[{"@type":"ReadAction","target":["https:\/\/mariachappuis.com\/blog\/archivos\/100"]}]},{"@type":"BreadcrumbList","@id":"https:\/\/mariachappuis.com\/blog\/archivos\/100#breadcrumb","itemListElement":[{"@type":"ListItem","position":1,"name":"Portada","item":"https:\/\/mariachappuis.com\/blog"},{"@type":"ListItem","position":2,"name":"Peligro: Ministro Desinformado"}]},{"@type":"WebSite","@id":"https:\/\/mariachappuis.com\/blog\/#website","url":"https:\/\/mariachappuis.com\/blog\/","name":"Marita Chappuis","description":"An\u00e1lisis y Comentarios","publisher":{"@id":"https:\/\/mariachappuis.com\/blog\/#\/schema\/person\/8de0bece2913b35ac8b590fc9ac6dda5"},"alternateName":"Marita Chappuis","potentialAction":[{"@type":"SearchAction","target":{"@type":"EntryPoint","urlTemplate":"https:\/\/mariachappuis.com\/blog\/?s={search_term_string}"},"query-input":{"@type":"PropertyValueSpecification","valueRequired":true,"valueName":"search_term_string"}}],"inLanguage":"es"},{"@type":["Person","Organization"],"@id":"https:\/\/mariachappuis.com\/blog\/#\/schema\/person\/8de0bece2913b35ac8b590fc9ac6dda5","name":"Marita Chappuis","image":{"@type":"ImageObject","inLanguage":"es","@id":"https:\/\/mariachappuis.com\/blog\/wp-content\/uploads\/2024\/01\/cropped-3333.jpg","url":"https:\/\/mariachappuis.com\/blog\/wp-content\/uploads\/2024\/01\/cropped-3333.jpg","contentUrl":"https:\/\/mariachappuis.com\/blog\/wp-content\/uploads\/2024\/01\/cropped-3333.jpg","width":512,"height":512,"caption":"Marita Chappuis"},"logo":{"@id":"https:\/\/mariachappuis.com\/blog\/wp-content\/uploads\/2024\/01\/cropped-3333.jpg"}}]}},"_links":{"self":[{"href":"https:\/\/mariachappuis.com\/blog\/wp-json\/wp\/v2\/posts\/100","targetHints":{"allow":["GET"]}}],"collection":[{"href":"https:\/\/mariachappuis.com\/blog\/wp-json\/wp\/v2\/posts"}],"about":[{"href":"https:\/\/mariachappuis.com\/blog\/wp-json\/wp\/v2\/types\/post"}],"author":[{"embeddable":true,"href":"https:\/\/mariachappuis.com\/blog\/wp-json\/wp\/v2\/users\/1"}],"replies":[{"embeddable":true,"href":"https:\/\/mariachappuis.com\/blog\/wp-json\/wp\/v2\/comments?post=100"}],"version-history":[{"count":2,"href":"https:\/\/mariachappuis.com\/blog\/wp-json\/wp\/v2\/posts\/100\/revisions"}],"predecessor-version":[{"id":1811,"href":"https:\/\/mariachappuis.com\/blog\/wp-json\/wp\/v2\/posts\/100\/revisions\/1811"}],"wp:attachment":[{"href":"https:\/\/mariachappuis.com\/blog\/wp-json\/wp\/v2\/media?parent=100"}],"wp:term":[{"taxonomy":"category","embeddable":true,"href":"https:\/\/mariachappuis.com\/blog\/wp-json\/wp\/v2\/categories?post=100"},{"taxonomy":"post_tag","embeddable":true,"href":"https:\/\/mariachappuis.com\/blog\/wp-json\/wp\/v2\/tags?post=100"}],"curies":[{"name":"wp","href":"https:\/\/api.w.org\/{rel}","templated":true}]}}